{"id":24514,"date":"2019-12-19T14:00:28","date_gmt":"2019-12-19T12:00:28","guid":{"rendered":"http:\/\/www.psib-psoe.org\/mallorca\/?p=24514"},"modified":"2020-01-08T12:27:38","modified_gmt":"2020-01-08T10:27:38","slug":"els-socialistes-de-mallorca-celebren-dema-un-sopar-de-nadal-que-enguany-tendra-una-vessant-solidaria-a-benefici-de-projecte-home-i-la-fundacio-vicente-ferrer","status":"publish","type":"post","link":"https:\/\/www.psib-psoe.org\/mallorca\/els-socialistes-de-mallorca-celebren-dema-un-sopar-de-nadal-que-enguany-tendra-una-vessant-solidaria-a-benefici-de-projecte-home-i-la-fundacio-vicente-ferrer\/","title":{"rendered":"Els Socialistes de Mallorca celebren dem\u00e0 un sopar de Nadal que enguany tendr\u00e0 una vessant solid\u00e0ria a benefici de Projecte Home i la fundaci\u00f3 Vicente Ferrer"},"content":{"rendered":"<div class=\"wpb-content-wrapper\">[vc_row el_class=&#8221;img_noticia&#8221;][vc_column][vc_single_image image=&#8221;24515&#8243; img_size=&#8221;full&#8221;][\/vc_column][\/vc_row][vc_row el_class=&#8221;intro&#8221;][vc_column][vc_column_text]<em><u>La trobada inclour\u00e0 un homenatge a la milit\u00e0ncia, la qual rebr\u00e0 un detall de la Fundaci\u00f3 Vicente Ferrer i de Projecte Home que la secret\u00e0ria general del PSIB-PSOE, Francina Armengol, la secret\u00e0ria d\u2019Organitzaci\u00f3, Silvana Gonz\u00e1lez, i la secret\u00e0ria general dels Socialistes de Mallorca, Mercedes Garrido, i el secretari de Pol\u00edtica Municipal, Juli Dalmau, han anat avui a adquirir<\/u><\/em>[\/vc_column_text][\/vc_column][\/vc_row][vc_row][vc_column width=&#8221;1\/2&#8243;][vc_column_text]Els Socialistes de Mallorca celebren dem\u00e0 a partir de les 20:30 hores a Binicomprat el tradicional sopar de Nadal, el qual enguany inclour\u00e0 algunes novetats respecte a passades edicions.<\/p>\n<p>La trobada reuneix anualment a bona part de la milit\u00e0ncia de totes les agrupacions locals de l\u2019illa, amb la participaci\u00f3 de la secret\u00e0ria general del PSIB-PSOE, Francina Armengol, la secret\u00e0ria general dels Socialistes de Mallorca, Mercedes Garrido, la presidenta del Consell de Mallorca, Catalina Cladera, i el secretari general dels Socialistes d\u2019Algaida, Francesc Miralles, entre d\u2019altres.<\/p>\n<p>Enguany, s\u2019aprofitar\u00e0 la trobada per fer un homenatge a la milit\u00e0ncia, tant per la seva contribuci\u00f3 a les vict\u00f2ries electorals del Partit Socialista a totes les eleccions celebrades enguany, com per la seva tasca durant tota una vida dedicada a la defensa dels valors socialistes.[\/vc_column_text][\/vc_column][vc_column width=&#8221;1\/2&#8243;][vc_column_text]D\u2019aquesta manera, cada agrupaci\u00f3 local ha proposat una persona que rebr\u00e0 un homenatge per part de la Federaci\u00f3 Socialista de Mallorca. Un reconeixement que a m\u00e9s a m\u00e9s, ser\u00e0 solidari, ja que s\u2019entregar\u00e0 una litografia en benefici de la Fundaci\u00f3 Vicente Ferrer i de Projecte Home, la qual precisament han anat a adquirir avui mateix Armengol, Garrido, la secret\u00e0ria d\u2019Organitzaci\u00f3 del PSIB-PSOE i consellera insular, Silvana Gonz\u00e1lez, i el secretari de Pol\u00edtica Municipal dels Socialistes de Mallorca, Juli Dalmau, durant una visita que han realitzat a l\u2019estand d\u2019ambdues entitats situat a la Pla\u00e7a d\u2019Espanya de Palma. Els obsequis s\u00f3n unes litografies realitzades totes elles per artistes mallorquins, com Luis Maraver, Joan Costa, Pep Guerrero, Joan \u00c1vila, Natasha o Men\u00e9ndez Rojas, entre d\u2019altres.<\/p>\n<p>La trobada, en qualsevol cas, servir\u00e0 per fer balan\u00e7 d\u2019un any hist\u00f2ric per al Partit Socialista\u00a0 i per avan\u00e7ar algunes de les l\u00ednies pol\u00edtiques per a continuar transformant la vida de la ciutadania de Balears el pr\u00f2xim any.[\/vc_column_text][\/vc_column][\/vc_row]\n<\/div>","protected":false},"excerpt":{"rendered":"<p>[vc_row el_class=&#8221;img_noticia&#8221;][vc_column][vc_single_image image=&#8221;24515&#8243; img_size=&#8221;full&#8221;][\/vc_column][\/vc_row][vc_row el_class=&#8221;intro&#8221;][vc_column][vc_column_text]La trobada inclour\u00e0 un homenatge a la milit\u00e0ncia, la qual rebr\u00e0 un detall de la Fundaci\u00f3 Vicente Ferrer i de Projecte Home que la secret\u00e0ria general del PSIB-PSOE, Francina Armengol, la secret\u00e0ria d\u2019Organitzaci\u00f3, Silvana Gonz\u00e1lez, i la secret\u00e0ria general dels Socialistes de Mallorca, Mercedes Garrido, i el secretari de Pol\u00edtica Municipal,&hellip;<\/p>\n","protected":false},"author":4,"featured_media":24515,"comment_status":"open","ping_status":"open","sticky":false,"template":"","format":"standard","meta":{"footnotes":""},"categories":[2,90,92],"tags":[],"class_list":["post-24514","post","type-post","status-publish","format-standard","has-post-thumbnail","hentry","category-federacio-de-mallorca","category-municipis","category-portada"],"_links":{"self":[{"href":"https:\/\/www.psib-psoe.org\/mallorca\/wp-json\/wp\/v2\/posts\/24514"}],"collection":[{"href":"https:\/\/www.psib-psoe.org\/mallorca\/wp-json\/wp\/v2\/posts"}],"about":[{"href":"https:\/\/www.psib-psoe.org\/mallorca\/wp-json\/wp\/v2\/types\/post"}],"author":[{"embeddable":true,"href":"https:\/\/www.psib-psoe.org\/mallorca\/wp-json\/wp\/v2\/users\/4"}],"replies":[{"embeddable":true,"href":"https:\/\/www.psib-psoe.org\/mallorca\/wp-json\/wp\/v2\/comments?post=24514"}],"version-history":[{"count":0,"href":"https:\/\/www.psib-psoe.org\/mallorca\/wp-json\/wp\/v2\/posts\/24514\/revisions"}],"wp:featuredmedia":[{"embeddable":true,"href":"https:\/\/www.psib-psoe.org\/mallorca\/wp-json\/wp\/v2\/media\/24515"}],"wp:attachment":[{"href":"https:\/\/www.psib-psoe.org\/mallorca\/wp-json\/wp\/v2\/media?parent=24514"}],"wp:term":[{"taxonomy":"category","embeddable":true,"href":"https:\/\/www.psib-psoe.org\/mallorca\/wp-json\/wp\/v2\/categories?post=24514"},{"taxonomy":"post_tag","embeddable":true,"href":"https:\/\/www.psib-psoe.org\/mallorca\/wp-json\/wp\/v2\/tags?post=24514"}],"curies":[{"name":"wp","href":"https:\/\/api.w.org\/{rel}","templated":true}]}}