{"id":24540,"date":"2019-03-14T12:59:28","date_gmt":"2019-03-14T10:59:28","guid":{"rendered":"http:\/\/www.psib-psoe.org\/mallorca\/sandra-llop-es-elegida-precandidata-a-la-batlia-de-bunyola\/"},"modified":"2019-12-20T13:22:00","modified_gmt":"2019-12-20T11:22:00","slug":"sandra-llop-es-elegida-precandidata-a-la-batlia-de-bunyola","status":"publish","type":"post","link":"https:\/\/www.psib-psoe.org\/mallorca\/sandra-llop-es-elegida-precandidata-a-la-batlia-de-bunyola\/","title":{"rendered":"Sandra Llop \u00e9s elegida precandidata a la batlia de Bunyola"},"content":{"rendered":"<div class=\"row wpb_row row-fluid img_noticia\">\n<div class=\"wpb_column columns small-12 medium-12 thb-dark-column\">\n<div class=\"vc_column-inner  \">\n<div class=\"wpb_wrapper\">\n<div class=\"wpb_single_image wpb_content_element vc_align_center  vc_custom_1560250993931\">\n<figure class=\"wpb_wrapper vc_figure\">\n<div class=\"vc_single_image-wrapper   vc_box_border_grey\"><img loading=\"lazy\" decoding=\"async\" width=\"1000\" height=\"486\" src=\"http:\/\/www.psib-psoe.org\/wp-content\/uploads\/precandidats-bunyola-i-palmanyola-municipals-2019.jpeg\" class=\"vc_single_image-img attachment-full\" alt=\"\" \/><\/div>\n<\/figure><\/div>\n<\/div>\n<\/div>\n<\/div>\n<\/div>\n<div class=\"row wpb_row row-fluid intro full-width-row vc_custom_1558336094678\">\n<div class=\"col_izq wpb_column columns small-12 medium-12 thb-dark-column\">\n<div class=\"vc_column-inner  \">\n<div class=\"wpb_wrapper\">\n<div class=\"wpb_text_column wpb_content_element  \">\n<div class=\"wpb_wrapper\">\n<p><em><u>L\u2019Agrupaci\u00f3 Socialista de Bunyola i Palmanyola tamb\u00e9 ha elegit Biel Ripoll com a precandidat a batle pedani de l\u2019entitat menor<\/u><\/em><\/p>\n<\/p><\/div><\/div>\n<\/div>\n<\/div>\n<\/div>\n<\/div>\n<div class=\"row wpb_row row-fluid full-width-row\">\n<div class=\"col_izq wpb_column columns small-12 medium-6 thb-dark-column\">\n<div class=\"vc_column-inner  \">\n<div class=\"wpb_wrapper\">\n<div class=\"wpb_text_column wpb_content_element  \">\n<div class=\"wpb_wrapper\">\n<p>L\u2019Agrupaci\u00f3 Socialista de Bunyola i Palmanyola ja ha elegit els seus precandidats per a les eleccions municipals del 26 de maig. Sandra Llop ser\u00e0 la persona que encap\u00e7alar\u00e0 la llista dels socialistes a la batlia de Bunyola, un enc\u00e0rrec que pren amb \u201cla m\u00e0xima il\u00b7lusi\u00f3 i moltes ganes de fer feina\u201d, com tamb\u00e9 fa Biel Ripoll, que ha estat proclamat precandidat a la batlia de l\u2019entitat local de Palmanyola.<\/p>\n<p>Sandra Llop \u00e9s regidora de Benestar Social, Salut i Gent Gran a l\u2019Ajuntament de Bunyola i durant el per\u00edode 2011-2015 estigu\u00e9 en l\u2019oposici\u00f3. Aquests vuit anys de treball municipal posen de relleu la vocaci\u00f3 de servei p\u00fablic que t\u00e9 Llop: \u201cla millor manera d\u2019ajudar les persones \u00e9s la pol\u00edtica; sempre he fet feina en aquest sentit i hi continuar\u00e9\u201d, ha explicat la socialista.<\/p>\n<p>Respecte dels darrers quatre anys, Llop ha destacat la feina feta a l\u2019Ajuntament. \u201cEns presentam amb la garantia que hem complit pr\u00e0cticament tots els compromisos adquirits en el nostre programa electoral\u201d, ha dit Llop, qui ha explicat que surten a guanyar les eleccions del 26 de maig perqu\u00e8 \u201cvolem seguir ajudant les persones del poble\u201d.<\/p>\n<\/p><\/div><\/div>\n<\/div>\n<\/div>\n<\/div>\n<div class=\"col_dcha wpb_column columns small-12 medium-6 thb-dark-column\">\n<div class=\"vc_column-inner  \">\n<div class=\"wpb_wrapper\">\n<div class=\"wpb_text_column wpb_content_element  \">\n<div class=\"wpb_wrapper\">\n<p>Entre els projectes m\u00e9s importants de la legislatura, Llop n\u2019ha destacat dos: Can Gual i l\u2019Escola Nova, ambd\u00f3s emmarcats en les dues regidories socialistes, la de Benestar Social i la d\u2019Urbanisme, encap\u00e7alada per Miquel Negre. \u201cEl Centre de Salut i el Centre de Dia de Can Gual seguiran sent la nostra prioritat, sempre amb l\u2019objectiu de millorar la qualitat dels nostres ve\u00efnats\u201d.<\/p>\n<p><strong>Biel Ripoll, precandidat a la batlia de Palmanyola<\/strong><\/p>\n<p>Per la seva banda, Biel Ripoll, tamb\u00e9 ha manifestat sentir \u201cmolt de respecte per tot all\u00f2 que implica aquest projecte\u201d, ja que la seva vocaci\u00f3 \u00e9s \u201cajudar, i sempre he pensat que la pol\u00edtica \u00e9s una eina per ajudar al poble\u201d.<\/p>\n<\/p><\/div><\/div>\n<\/div>\n<\/div>\n<\/div>\n<\/div>\n<p>Source: Federaci\u00f3 de Mallorca &#8211; Municipis<\/p>\n","protected":false},"excerpt":{"rendered":"<p>L\u2019Agrupaci\u00f3 Socialista de Bunyola i Palmanyola tamb\u00e9 ha elegit Biel Ripoll com a precandidat a batle pedani de l\u2019entitat menor L\u2019Agrupaci\u00f3 Socialista de Bunyola i Palmanyola ja ha elegit els seus precandidats per a les eleccions municipals del 26 de maig. Sandra Llop ser\u00e0 la persona que encap\u00e7alar\u00e0 la llista dels socialistes a la batlia&hellip;<\/p>\n","protected":false},"author":1,"featured_media":24541,"comment_status":"closed","ping_status":"open","sticky":false,"template":"","format":"standard","meta":{"footnotes":""},"categories":[90],"tags":[],"class_list":["post-24540","post","type-post","status-publish","format-standard","has-post-thumbnail","hentry","category-municipis"],"_links":{"self":[{"href":"https:\/\/www.psib-psoe.org\/mallorca\/wp-json\/wp\/v2\/posts\/24540"}],"collection":[{"href":"https:\/\/www.psib-psoe.org\/mallorca\/wp-json\/wp\/v2\/posts"}],"about":[{"href":"https:\/\/www.psib-psoe.org\/mallorca\/wp-json\/wp\/v2\/types\/post"}],"author":[{"embeddable":true,"href":"https:\/\/www.psib-psoe.org\/mallorca\/wp-json\/wp\/v2\/users\/1"}],"replies":[{"embeddable":true,"href":"https:\/\/www.psib-psoe.org\/mallorca\/wp-json\/wp\/v2\/comments?post=24540"}],"version-history":[{"count":0,"href":"https:\/\/www.psib-psoe.org\/mallorca\/wp-json\/wp\/v2\/posts\/24540\/revisions"}],"wp:featuredmedia":[{"embeddable":true,"href":"https:\/\/www.psib-psoe.org\/mallorca\/wp-json\/wp\/v2\/media\/24541"}],"wp:attachment":[{"href":"https:\/\/www.psib-psoe.org\/mallorca\/wp-json\/wp\/v2\/media?parent=24540"}],"wp:term":[{"taxonomy":"category","embeddable":true,"href":"https:\/\/www.psib-psoe.org\/mallorca\/wp-json\/wp\/v2\/categories?post=24540"},{"taxonomy":"post_tag","embeddable":true,"href":"https:\/\/www.psib-psoe.org\/mallorca\/wp-json\/wp\/v2\/tags?post=24540"}],"curies":[{"name":"wp","href":"https:\/\/api.w.org\/{rel}","templated":true}]}}