{"id":24543,"date":"2019-03-11T13:22:49","date_gmt":"2019-03-11T11:22:49","guid":{"rendered":"http:\/\/www.psib-psoe.org\/mallorca\/els-socialistes-dalcudia-denuncien-les-manifestacions-masclistes-i-dodi-cap-a-les-dones-emeses-per-un-membre-de-vox\/"},"modified":"2019-12-20T13:23:46","modified_gmt":"2019-12-20T11:23:46","slug":"els-socialistes-dalcudia-denuncien-les-manifestacions-masclistes-i-dodi-cap-a-les-dones-emeses-per-un-membre-de-vox","status":"publish","type":"post","link":"https:\/\/www.psib-psoe.org\/mallorca\/els-socialistes-dalcudia-denuncien-les-manifestacions-masclistes-i-dodi-cap-a-les-dones-emeses-per-un-membre-de-vox\/","title":{"rendered":"Els socialistes d\u2019Alc\u00fadia denuncien les manifestacions masclistes i d\u2019odi cap a les dones emeses per un membre de Vox"},"content":{"rendered":"<div class=\"row wpb_row row-fluid img_noticia\">\n<div class=\"wpb_column columns small-12 medium-12 thb-dark-column\">\n<div class=\"vc_column-inner  \">\n<div class=\"wpb_wrapper\">\n<div class=\"wpb_single_image wpb_content_element vc_align_center  vc_custom_1560252414475\">\n<figure class=\"wpb_wrapper vc_figure\">\n<div class=\"vc_single_image-wrapper   vc_box_border_grey\"><img loading=\"lazy\" decoding=\"async\" width=\"1000\" height=\"1000\" src=\"http:\/\/www.psib-psoe.org\/wp-content\/uploads\/Mallorca__negatiu-1000.png\" class=\"vc_single_image-img attachment-full\" alt=\"\" \/><\/div>\n<\/figure><\/div>\n<\/div>\n<\/div>\n<\/div>\n<\/div>\n<div class=\"row wpb_row row-fluid intro full-width-row vc_custom_1558336094678\">\n<div class=\"col_izq wpb_column columns small-12 medium-12 thb-dark-column\">\n<div class=\"vc_column-inner  \">\n<div class=\"wpb_wrapper\">\n<div class=\"wpb_text_column wpb_content_element  \">\n<div class=\"wpb_wrapper\">\n<p><em><u>Un representant de la formaci\u00f3 d\u2019extrema dreta a Alc\u00fadia ha publicat en el seu perfil de Facebook un missatge justificant l\u2019assassinat de dones, unes declaracions que s\u00f3n \u201cuna gran irresponsabilitat i una humiliaci\u00f3 per a les v\u00edctimes i les seves fam\u00edlies\u201d<\/u><\/em><\/p>\n<\/p><\/div><\/div>\n<\/div>\n<\/div>\n<\/div>\n<\/div>\n<div class=\"row wpb_row row-fluid full-width-row\">\n<div class=\"col_izq wpb_column columns small-12 medium-6 thb-dark-column\">\n<div class=\"vc_column-inner  \">\n<div class=\"wpb_wrapper\">\n<div class=\"wpb_text_column wpb_content_element  \">\n<div class=\"wpb_wrapper\">\n<p>L\u2019Agrupaci\u00f3 Socialista d\u2019Alc\u00fadia rebutja i condemna les declaracions marcadament masclistes i d\u2019odi cap a les dones realitzades p\u00fablicament per un membre de la formaci\u00f3 Vox Alc\u00fadia en qu\u00e8 justifica l\u2019assassinat de dones v\u00edctimes de la viol\u00e8ncia de g\u00e8nere.<\/p>\n<p>En el missatge, publicat en el seu perfil de la xarxa social Facebook, l\u2019autor acusava el feminisme de ser una \u201ccondemna per a l\u2019home\u201d i continuava justificant els assassinats: \u201cdespr\u00e9s es demanen per qu\u00e8 alguns opten per matar-les abans de llevar-se la vida\u201d, deia aquest membre de Vox en el seu missatge.<\/p>\n<p>\u201cAquestes declaracions s\u00f3n d\u2019una gran irresponsabilitat i menyspreen la vida de tantes dones assassinades\u201d, han remarcat els socialistes d\u2019Alc\u00fadia, precisament despr\u00e9s que 3 dones hagin estat assassinades, en menys de 48 hores, en mans de les seves parelles o exparelles a diferents localitats d\u2019Espanya.<\/p>\n<\/p><\/div><\/div>\n<\/div>\n<\/div>\n<\/div>\n<div class=\"col_dcha wpb_column columns small-12 medium-6 thb-dark-column\">\n<div class=\"vc_column-inner  \">\n<div class=\"wpb_wrapper\">\n<div class=\"wpb_text_column wpb_content_element  \">\n<div class=\"wpb_wrapper\">\n<p>En aquest sentit, els socialistes d\u2019Alc\u00fadia tamb\u00e9 han volgut posar de relleu que \u201cles Illes Balears s\u00f3n una de les Comunitats Aut\u00f2nomes que registren m\u00e9s den\u00fancies per viol\u00e8ncia masclista contra les dones\u201d, i han insistit en la necessitat que la formaci\u00f3 rectifiqui i demani disculpes, especialment \u201ca totes les v\u00edctimes de viol\u00e8ncia masclista i a les seves fam\u00edlies, que a m\u00e9s de partir aquest flagell social, tamb\u00e9 han de suportar aquest tipus d\u2019humiliacions. Demanam m\u00e0xim respecte per a tots ells\u201d.<\/p>\n<p>Les mencionades declaracions les ha publicat un membre del partit d\u2019extrema dreta Vox a Alc\u00fadia el mateix cap de setmana en qu\u00e8 milers de persones han sortit als carrers de tot Espanya per demanar la igualtat real i efectiva entre homes i dones, en unes mobilitzacions hist\u00f2riques amb motiu del 8 de mar\u00e7, Dia Internacional de la Dona.<\/p>\n<\/p><\/div><\/div>\n<\/div>\n<\/div>\n<\/div>\n<\/div>\n<p>Source: Federaci\u00f3 de Mallorca &#8211; Municipis<\/p>\n","protected":false},"excerpt":{"rendered":"<p>Un representant de la formaci\u00f3 d\u2019extrema dreta a Alc\u00fadia ha publicat en el seu perfil de Facebook un missatge justificant l\u2019assassinat de dones, unes declaracions que s\u00f3n \u201cuna gran irresponsabilitat i una humiliaci\u00f3 per a les v\u00edctimes i les seves fam\u00edlies\u201d L\u2019Agrupaci\u00f3 Socialista d\u2019Alc\u00fadia rebutja i condemna les declaracions marcadament masclistes i d\u2019odi cap a&hellip;<\/p>\n","protected":false},"author":1,"featured_media":24544,"comment_status":"closed","ping_status":"open","sticky":false,"template":"","format":"standard","meta":{"footnotes":""},"categories":[90],"tags":[],"class_list":["post-24543","post","type-post","status-publish","format-standard","has-post-thumbnail","hentry","category-municipis"],"_links":{"self":[{"href":"https:\/\/www.psib-psoe.org\/mallorca\/wp-json\/wp\/v2\/posts\/24543"}],"collection":[{"href":"https:\/\/www.psib-psoe.org\/mallorca\/wp-json\/wp\/v2\/posts"}],"about":[{"href":"https:\/\/www.psib-psoe.org\/mallorca\/wp-json\/wp\/v2\/types\/post"}],"author":[{"embeddable":true,"href":"https:\/\/www.psib-psoe.org\/mallorca\/wp-json\/wp\/v2\/users\/1"}],"replies":[{"embeddable":true,"href":"https:\/\/www.psib-psoe.org\/mallorca\/wp-json\/wp\/v2\/comments?post=24543"}],"version-history":[{"count":0,"href":"https:\/\/www.psib-psoe.org\/mallorca\/wp-json\/wp\/v2\/posts\/24543\/revisions"}],"wp:featuredmedia":[{"embeddable":true,"href":"https:\/\/www.psib-psoe.org\/mallorca\/wp-json\/wp\/v2\/media\/24544"}],"wp:attachment":[{"href":"https:\/\/www.psib-psoe.org\/mallorca\/wp-json\/wp\/v2\/media?parent=24543"}],"wp:term":[{"taxonomy":"category","embeddable":true,"href":"https:\/\/www.psib-psoe.org\/mallorca\/wp-json\/wp\/v2\/categories?post=24543"},{"taxonomy":"post_tag","embeddable":true,"href":"https:\/\/www.psib-psoe.org\/mallorca\/wp-json\/wp\/v2\/tags?post=24543"}],"curies":[{"name":"wp","href":"https:\/\/api.w.org\/{rel}","templated":true}]}}