{"id":24546,"date":"2019-03-06T13:33:40","date_gmt":"2019-03-06T11:33:40","guid":{"rendered":"http:\/\/www.psib-psoe.org\/mallorca\/tomeu-morro-es-proclamat-precandidat-a-la-batlia-de-sencelles\/"},"modified":"2019-12-20T13:25:02","modified_gmt":"2019-12-20T11:25:02","slug":"tomeu-morro-es-proclamat-precandidat-a-la-batlia-de-sencelles","status":"publish","type":"post","link":"https:\/\/www.psib-psoe.org\/mallorca\/tomeu-morro-es-proclamat-precandidat-a-la-batlia-de-sencelles\/","title":{"rendered":"Tomeu Morro \u00e9s proclamat precandidat a la batlia de Sencelles"},"content":{"rendered":"<div class=\"row wpb_row row-fluid img_noticia\">\n<div class=\"wpb_column columns small-12 medium-12 thb-dark-column\">\n<div class=\"vc_column-inner  \">\n<div class=\"wpb_wrapper\">\n<div class=\"wpb_single_image wpb_content_element vc_align_center  vc_custom_1560252869890\">\n<figure class=\"wpb_wrapper vc_figure\">\n<div class=\"vc_single_image-wrapper   vc_box_border_grey\"><img loading=\"lazy\" decoding=\"async\" width=\"1000\" height=\"762\" src=\"http:\/\/www.psib-psoe.org\/wp-content\/uploads\/tomeu-morro-precandidat-sencelles-municipals-2019.jpeg\" class=\"vc_single_image-img attachment-full\" alt=\"\" \/><\/div>\n<\/figure><\/div>\n<\/div>\n<\/div>\n<\/div>\n<\/div>\n<div class=\"row wpb_row row-fluid intro full-width-row vc_custom_1558336094678\">\n<div class=\"col_izq wpb_column columns small-12 medium-12 thb-dark-column\">\n<div class=\"vc_column-inner  \">\n<div class=\"wpb_wrapper\">\n<div class=\"wpb_text_column wpb_content_element  \">\n<div class=\"wpb_wrapper\">\n<p><em><u>L\u2019actual primer tinent de batle, que tamb\u00e9 ha estat batle del municipi en dos per\u00edodes anteriors, afronta aquest nou repte amb la il\u00b7lusi\u00f3 de \u201cseguir transformant la vida del nostre municipi\u201d<\/u><\/em><\/p>\n<\/p><\/div><\/div>\n<\/div>\n<\/div>\n<\/div>\n<\/div>\n<div class=\"row wpb_row row-fluid full-width-row\">\n<div class=\"col_izq wpb_column columns small-12 medium-6 thb-dark-column\">\n<div class=\"vc_column-inner  \">\n<div class=\"wpb_wrapper\">\n<div class=\"wpb_text_column wpb_content_element  \">\n<div class=\"wpb_wrapper\">\n<p>Els socialistes de Sencelles han elegit Tomeu Morro com a precandidat a la batlia del municipi, un \u201crepte\u201d que l\u2019actual primer tinent de batle del municipi acull \u201camb molta il\u00b7lusi\u00f3 i responsabilitat\u201d. Responsabilitat perqu\u00e8 els seus companys l\u2019hagin reelegit per encap\u00e7alar la llista, \u201ccosa que agraesc molt\u00edssim\u201d, i il\u00b7lusionat perqu\u00e8 \u201cm\u2019he adonat que la millor manera de transformar la vida del municipi \u00e9s participant de la tasca de govern\u201d.<\/p>\n<p>\u201cTenim el poder de l\u2019equip, els socialistes presentarem una llista d\u2019homes i dones preparats per poder seguir governant. Entenem la pol\u00edtica com una vocaci\u00f3 de servei p\u00fablic i volem donar el millor de nosaltres mateixos per tornar tot all\u00f2 que Sencelles ens ha donat\u201d, ha destacat el precandidat.<\/p>\n<p>Els socialistes han format part de l\u2019equip de govern al municipi durant els darrers dotze anys, amb Tomeu Morro com a batle els per\u00edodes 2010-2011 i 2013-2015 i com a primer tinent de batle en l\u2018actual legislatura. Han estat dotze anys d\u2019equip de govern que els socialistes confien a reeditar. \u201cSempre hem estat lleials, som socis responsables, i tant si hem tengut la batlia com sin\u00f3, sempre hem fet feina pel municipi\u201d, ha ressaltat Morro.<\/p>\n<\/p><\/div><\/div>\n<\/div>\n<\/div>\n<\/div>\n<div class=\"col_dcha wpb_column columns small-12 medium-6 thb-dark-column\">\n<div class=\"vc_column-inner  \">\n<div class=\"wpb_wrapper\">\n<div class=\"wpb_text_column wpb_content_element  \">\n<div class=\"wpb_wrapper\">\n<p>El precandidat socialista ha volgut destacar, per sobre de tot, l\u2019experi\u00e8ncia de gesti\u00f3 que acumula l\u2019equip en les \u00e0rees d\u2019Hisenda, Joventut i Festes. Respecte d\u2019aix\u00f2, Morro ha emfasitzat la tasca desenvolupada aquests dotze anys pel que fa a pol\u00edtica econ\u00f2mica i ha dit sentir-se \u201corgull\u00f3s d\u2019haver sanejat els comptes del municipi\u201d, tasca que permetr\u00e0 \u201ccontinuar amb la transformaci\u00f3 del municipi\u201d, ha insistit.<\/p>\n<p>Entre els nous projectes que destaca Morro s\u2019hi troben \u201cdesenvolupar la ronda interurbana, elaborar el Pla de Mobilitat de Sencelles i decidir qui \u00fas es d\u00f3na al solar que hem pogut adquirir gr\u00e0cies al sanejament dels comptes\u201d, ha remarcat el precandidat.<\/p>\n<\/p><\/div><\/div>\n<\/div>\n<\/div>\n<\/div>\n<\/div>\n<p>Source: Federaci\u00f3 de Mallorca &#8211; Municipis<\/p>\n","protected":false},"excerpt":{"rendered":"<p>L\u2019actual primer tinent de batle, que tamb\u00e9 ha estat batle del municipi en dos per\u00edodes anteriors, afronta aquest nou repte amb la il\u00b7lusi\u00f3 de \u201cseguir transformant la vida del nostre municipi\u201d Els socialistes de Sencelles han elegit Tomeu Morro com a precandidat a la batlia del municipi, un \u201crepte\u201d que l\u2019actual primer tinent de batle&hellip;<\/p>\n","protected":false},"author":1,"featured_media":24547,"comment_status":"closed","ping_status":"open","sticky":false,"template":"","format":"standard","meta":{"footnotes":""},"categories":[90],"tags":[],"class_list":["post-24546","post","type-post","status-publish","format-standard","has-post-thumbnail","hentry","category-municipis"],"_links":{"self":[{"href":"https:\/\/www.psib-psoe.org\/mallorca\/wp-json\/wp\/v2\/posts\/24546"}],"collection":[{"href":"https:\/\/www.psib-psoe.org\/mallorca\/wp-json\/wp\/v2\/posts"}],"about":[{"href":"https:\/\/www.psib-psoe.org\/mallorca\/wp-json\/wp\/v2\/types\/post"}],"author":[{"embeddable":true,"href":"https:\/\/www.psib-psoe.org\/mallorca\/wp-json\/wp\/v2\/users\/1"}],"replies":[{"embeddable":true,"href":"https:\/\/www.psib-psoe.org\/mallorca\/wp-json\/wp\/v2\/comments?post=24546"}],"version-history":[{"count":0,"href":"https:\/\/www.psib-psoe.org\/mallorca\/wp-json\/wp\/v2\/posts\/24546\/revisions"}],"wp:featuredmedia":[{"embeddable":true,"href":"https:\/\/www.psib-psoe.org\/mallorca\/wp-json\/wp\/v2\/media\/24547"}],"wp:attachment":[{"href":"https:\/\/www.psib-psoe.org\/mallorca\/wp-json\/wp\/v2\/media?parent=24546"}],"wp:term":[{"taxonomy":"category","embeddable":true,"href":"https:\/\/www.psib-psoe.org\/mallorca\/wp-json\/wp\/v2\/categories?post=24546"},{"taxonomy":"post_tag","embeddable":true,"href":"https:\/\/www.psib-psoe.org\/mallorca\/wp-json\/wp\/v2\/tags?post=24546"}],"curies":[{"name":"wp","href":"https:\/\/api.w.org\/{rel}","templated":true}]}}