{"id":24557,"date":"2019-04-14T11:25:05","date_gmt":"2019-04-14T09:25:05","guid":{"rendered":"http:\/\/www.psib-psoe.org\/mallorca\/carme-buades-lanuari-de-la-joventut-sebastia-portell-xesc-mainzer-i-carles-bover-guardonats-en-els-xii-premis-isabel-coll-de-les-jsib\/"},"modified":"2020-01-08T14:55:04","modified_gmt":"2020-01-08T12:55:04","slug":"carme-buades-lanuari-de-la-joventut-sebastia-portell-xesc-mainzer-i-carles-bover-guardonats-en-els-xii-premis-isabel-coll-de-les-jsib","status":"publish","type":"post","link":"https:\/\/www.psib-psoe.org\/mallorca\/carme-buades-lanuari-de-la-joventut-sebastia-portell-xesc-mainzer-i-carles-bover-guardonats-en-els-xii-premis-isabel-coll-de-les-jsib\/","title":{"rendered":"Carme Buades, l\u2019Anuari de la Joventut, Sebasti\u00e0 Portell, Xesc Mainzer i Carles Bover, guardonats en els XII Premis Isabel Coll de les JSIB"},"content":{"rendered":"<div class=\"row wpb_row row-fluid img_noticia\">\n<div class=\"wpb_column columns small-12 medium-12 thb-dark-column\">\n<div class=\"vc_column-inner  \">\n<div class=\"wpb_wrapper\">\n<div class=\"wpb_single_image wpb_content_element vc_align_center  vc_custom_1560158949895\">\n<figure class=\"wpb_wrapper vc_figure\">\n<div class=\"vc_single_image-wrapper   vc_box_border_grey\"><img loading=\"lazy\" decoding=\"async\" width=\"1000\" height=\"750\" src=\"http:\/\/www.psib-psoe.org\/wp-content\/uploads\/francina-armengol-premis-isabel-coll-jsib-2019.jpg\" class=\"vc_single_image-img attachment-full\" alt=\"\" \/><\/div>\n<\/figure><\/div>\n<\/div>\n<\/div>\n<\/div>\n<\/div>\n<div class=\"row wpb_row row-fluid intro full-width-row vc_custom_1558336094678\">\n<div class=\"col_izq wpb_column columns small-12 medium-12 thb-dark-column\">\n<div class=\"vc_column-inner  \">\n<div class=\"wpb_wrapper\">\n<div class=\"wpb_text_column wpb_content_element  \">\n<div class=\"wpb_wrapper\">\n<p><em><u>Pere Joan Pons ha reivindicat la tasca i el comprom\u00eds dels joves guardonats en els XII Premis Isabel Coll perqu\u00e8 \u201cno tornem a caure mai m\u00e9s en un abisme que tenim tan a prop\u201d<\/u><\/em><\/p>\n<\/p><\/div><\/div>\n<\/div>\n<\/div>\n<\/div>\n<\/div>\n<div class=\"row wpb_row row-fluid full-width-row\">\n<div class=\"col_izq wpb_column columns small-12 medium-6 thb-dark-column\">\n<div class=\"vc_column-inner  \">\n<div class=\"wpb_wrapper\">\n<div class=\"wpb_text_column wpb_content_element  \">\n<div class=\"wpb_wrapper\">\n<p>Les Joventuts Socialistes de les Illes Balears (JSIB) han lliurat avui, 14 d\u2019abril, els XII Premis Isabel Coll, que reconeixen el comprom\u00eds amb la defensa dels valors democr\u00e0tics i socialistes de persones joves o entitats juvenils, i que s\u00f3n referents en l\u2019\u00e0mbit de la cultura i la participaci\u00f3 juvenil, com tamb\u00e9 de la lluita per recuperar la mem\u00f2ria democr\u00e0tica.<\/p>\n<p>Han rebut els guardons la periodista Carme Buades, l\u2019Anuari de la Joventut i el dramaturg i escriptor Sebasti\u00e0 Portell, i les mencions han estat per a Xesc Mainzer, exvicepresident dels Joves Europeistes i \u00a0Federalistes d\u2019Espanya, i Carles Bover, guanyador d\u2019un premi Goya.<\/p>\n<p>El candidat del PSIB-PSOE al Congr\u00e9s, Pere Joan Pons, ha reivindicat la necessitat de \u201cm\u00e9s persones com els premiats d\u2019avui\u201d, que lluiten pels valors democr\u00e0tics, \u201cperqu\u00e8 estam en un moment de banalitzaci\u00f3 de l\u2019abisme, i per tant, molta for\u00e7a a tots vosaltres per seguir reivindicant que no tornem a caure mai m\u00e9s en aquest abisme que tenim tan a prop\u201d.<\/p>\n<p>La candidata al Govern de les Illes Balears, Francina Armengol, ha agra\u00eft la \u201cfeina i el comprom\u00eds\u201d dels joves premiats avui perqu\u00e8 fan \u201cpossible que no oblidem el que va passar en aquesta terra\u201d i ha insistit en com \u00e9s d\u2019important \u201clluitar per una societat igualit\u00e0ria\u201d, una lluita en la qual \u201cel Partit Socialista sempre hi ha estat i sempre hi estar\u00e0\u201d.<\/p>\n<p>Respecte de la tasca realitzada aquesta legislatura en la recuperaci\u00f3 de la mem\u00f2ria hist\u00f2rica, Armengol ha dit que \u201csempre que hi ha un govern d\u2019esquerres s\u2019avan\u00e7a, per\u00f2 no \u00e9s suficient\u201d i ha posat de relleu com \u201cuna de les millores tasques fetes aquesta legislatura\u201d el poder \u201cretornar 70 cossos a 70 fam\u00edlies, per\u00f2 aix\u00f2 no \u00e9s suficient\u201d.<\/p>\n<p>En aquest sentit, la candidata a revalidar la presid\u00e8ncia del Govern, ha demanat \u201cque mai no oblidem d\u2019on venim\u201d perqu\u00e8 \u201canem molt enrere en l\u2019objectiu d\u2019erradicar la discriminaci\u00f3\u201d per\u00f2 que \u201cmalgrat els vents que bufen, els socialistes seguirem defensant la gent i seguirem sent valent aprovant lleis que ens permetin anar cap a una societat millor\u201d.<\/p>\n<\/p><\/div><\/div>\n<\/div>\n<\/div>\n<\/div>\n<div class=\"col_dcha wpb_column columns small-12 medium-6 thb-dark-column\">\n<div class=\"vc_column-inner  \">\n<div class=\"wpb_wrapper\">\n<div class=\"wpb_text_column wpb_content_element  \">\n<div class=\"wpb_wrapper\">\n<p>A l\u2019acte de lliurament dels premis tamb\u00e9 ha assistit el candidat a la batlia de Palma, Jos\u00e9 Hila, qui ha apuntat que, precisament, \u201cels reptes que tenen els joves al davant ara tamb\u00e9 s\u00f3n els reptes de la ciutat de Palma, com s\u00f3n l\u2019habitatge, la mobilitat sostenible o les energies renovables\u201d, i ha insistit en que \u201cnom\u00e9s avan\u00e7arem en aquest sentit si governa el Partit Socialista a partir del 26 de maig\u201d.<\/p>\n<p><strong>Isabel Coll<\/strong><\/p>\n<p>Isabel Coll fou una jove militant socialista que va defensar els valors de la llibertat, la igualtat i la just\u00edcia. Fins i tot en les pitjors circumst\u00e0ncies, ja que fou v\u00edctima de les repres\u00e0lies del feixisme durant la Guerra Civil i la dictadura. Primer fou condemnada a mort i despr\u00e9s la pena m\u00e0xima li fou commutada per la cadena perp\u00e8tua i que va morir fa quatre anys.<\/p>\n<p><strong>Guardonats als XII Premis Isabel Coll<\/strong><\/p>\n<ul>\n<li>En la categoria de persona jove referent en la lluita pels valors democr\u00e0tics i socialistes: Carme Buades, periodista especialitzada en g\u00e8nere<\/li>\n<li>En la categoria d\u2019entitat o col\u00b7lectiu referent en la lluita pels valors democr\u00e0tics i socialistes i\/o de l\u2019\u00e0mbit de la participaci\u00f3 juvenil: Anuari de la Joventut, un instrument clau per al desenvolupament de les pol\u00edtiques de joventut<\/li>\n<li>En la categoria de persona jove referent en l\u2019\u00e0mbit de la cultura o la reivindicaci\u00f3 de la mem\u00f2ria hist\u00f2rica a les Illes Balears: Sebasti\u00e0 Portell, dramaturg i escriptor<\/li>\n<li>Mencions honor\u00edfiques per a:\n<ul>\n<li>Xesc Mainzer, exvicepresident dels Joves Europeistes i Federalistes d\u2019Espanya<\/li>\n<li>Carles Bover, premi Goya 2019 al millor curtmetratge per <em>Gaza<\/em>.<\/li>\n<\/ul>\n<\/li>\n<\/ul><\/div><\/div>\n<\/div>\n<\/div>\n<\/div>\n<\/div>\n<p>Source: Federaci\u00f3 de Mallorca &#8211; Municipis<\/p>\n","protected":false},"excerpt":{"rendered":"<p>Pere Joan Pons ha reivindicat la tasca i el comprom\u00eds dels joves guardonats en els XII Premis Isabel Coll perqu\u00e8 \u201cno tornem a caure mai m\u00e9s en un abisme que tenim tan a prop\u201d Les Joventuts Socialistes de les Illes Balears (JSIB) han lliurat avui, 14 d\u2019abril, els XII Premis Isabel Coll, que reconeixen el&hellip;<\/p>\n","protected":false},"author":1,"featured_media":24558,"comment_status":"closed","ping_status":"open","sticky":false,"template":"","format":"standard","meta":{"footnotes":""},"categories":[90],"tags":[],"class_list":["post-24557","post","type-post","status-publish","format-standard","has-post-thumbnail","hentry","category-municipis"],"_links":{"self":[{"href":"https:\/\/www.psib-psoe.org\/mallorca\/wp-json\/wp\/v2\/posts\/24557"}],"collection":[{"href":"https:\/\/www.psib-psoe.org\/mallorca\/wp-json\/wp\/v2\/posts"}],"about":[{"href":"https:\/\/www.psib-psoe.org\/mallorca\/wp-json\/wp\/v2\/types\/post"}],"author":[{"embeddable":true,"href":"https:\/\/www.psib-psoe.org\/mallorca\/wp-json\/wp\/v2\/users\/1"}],"replies":[{"embeddable":true,"href":"https:\/\/www.psib-psoe.org\/mallorca\/wp-json\/wp\/v2\/comments?post=24557"}],"version-history":[{"count":0,"href":"https:\/\/www.psib-psoe.org\/mallorca\/wp-json\/wp\/v2\/posts\/24557\/revisions"}],"wp:featuredmedia":[{"embeddable":true,"href":"https:\/\/www.psib-psoe.org\/mallorca\/wp-json\/wp\/v2\/media\/24558"}],"wp:attachment":[{"href":"https:\/\/www.psib-psoe.org\/mallorca\/wp-json\/wp\/v2\/media?parent=24557"}],"wp:term":[{"taxonomy":"category","embeddable":true,"href":"https:\/\/www.psib-psoe.org\/mallorca\/wp-json\/wp\/v2\/categories?post=24557"},{"taxonomy":"post_tag","embeddable":true,"href":"https:\/\/www.psib-psoe.org\/mallorca\/wp-json\/wp\/v2\/tags?post=24557"}],"curies":[{"name":"wp","href":"https:\/\/api.w.org\/{rel}","templated":true}]}}