{"id":24919,"date":"2020-01-30T12:38:23","date_gmt":"2020-01-30T10:38:23","guid":{"rendered":"http:\/\/www.psib-psoe.org\/mallorca\/?p=24919"},"modified":"2020-01-30T13:06:33","modified_gmt":"2020-01-30T11:06:33","slug":"els-socialistes-de-soller-valoren-com-a-incoherent-i-inexplicable-el-pacte-entre-el-pi-pp-i-cs","status":"publish","type":"post","link":"https:\/\/www.psib-psoe.org\/mallorca\/els-socialistes-de-soller-valoren-com-a-incoherent-i-inexplicable-el-pacte-entre-el-pi-pp-i-cs\/","title":{"rendered":"Els Socialistes de S\u00f3ller valoren com a \u201cincoherent i inexplicable\u201d el pacte entre El Pi, PP i C\u2019s"},"content":{"rendered":"<div class=\"wpb-content-wrapper\">[vc_row el_class=&#8221;img_noticia&#8221;][vc_column][vc_single_image image=&#8221;24845&#8243; img_size=&#8221;full&#8221;][\/vc_column][\/vc_row][vc_row el_class=&#8221;intro&#8221;][vc_column][vc_column_text]<i><span style=\"font-weight: 400;\">El cost de l\u2019equip de govern suposa m\u00e9s del doble del que costava l\u2019anterior pacte del PSIB-PSOE amb M\u00e9s<\/span><\/i><span style=\"font-weight: 400;\">.<\/span>[\/vc_column_text][\/vc_column][\/vc_row][vc_row][vc_column width=&#8221;1\/2&#8243;][vc_column_text]<span style=\"font-weight: 400;\">El portaveu del Grup Municipal Socialista\u00a0 de S\u00f3ller, Jaume Mateu, ha valorat com a \u201cincoherent i inexplicable\u201d el pacte entre El Pi, PP i C\u2019s, ja que \u201cfa perdre la centralitat que El PI havia aparentat des del resultat de les darreres eleccions\u201d. No obstant aix\u00f2, Mateu ha explicat que \u201cels socialistes no abandonarem la postura de di\u00e0leg amb totes les forces pol\u00edtiques per tirar endavant iniciatives que siguin bones per a tothom\u201d.<\/span><\/p>\n<p>&nbsp;<\/p>\n<p><span style=\"font-weight: 400;\">Tamb\u00e9, el portaveu ha destacat que \u201c\u00e9s una decisi\u00f3 incoherent, ja que hi havia una clara voluntat d\u2019El Pi de mantenir-se al centre per poder pactar tant amb la dreta com amb l\u2019esquerra, situaci\u00f3 que ha abandonat totalment\u201d. \u201cEns estranya molt\u00edssim veure un partit de centre regionalista fent costat al PP i C\u2019s rebutjant mocions contra la pres\u00e8ncia de VOX a les aules, com va passar al darrer ple\u201d, ha incidit Mateu.\u00a0<\/span><\/p>\n<p>&nbsp;<\/p>\n<p><b>El cost de l\u2019equip del govern es duplica<\/b><\/p>\n<p>&nbsp;<\/p>\n<p><span style=\"font-weight: 400;\">A m\u00e9s, \u00e9s una decisi\u00f3 inexplicable perqu\u00e8 va precedida d\u2019un augment dels c\u00e0rrecs amb dedicaci\u00f3 exclusiva, els quals passen de 2 a 5 amb una pujada d\u2019un 20 % dels sous. Cal recordar, que Bestard va posar en dubte aquesta pujada, encara que amb la seva abstenci\u00f3 ha perm\u00e8s l\u2019aprovaci\u00f3. Aquesta pujada implica que el cost dels pol\u00edtics de l\u2019equip de govern sigui m\u00e9s del doble del que costava l\u2019anterior pacte del PSIB-PSOE amb M\u00e9s. <\/span>[\/vc_column_text][\/vc_column][vc_column width=&#8221;1\/2&#8243;][vc_column_text]<span style=\"font-weight: 400;\">Per aquest motiu, els socialistes ha expressat la intenci\u00f3 de demanar al senyor Batle, Carlos Simarro, que \u201cens expliqui quines \u00e0rees gestionar\u00e0 a partir d\u2019ara per tal de justificar l\u2019espl\u00e8ndid sou, ja que quedar\u00e0 sense pr\u00e0cticament cap tasca de gesti\u00f3 dins l\u2019Ajuntament\u201d, han expressat els socialistes de S\u00f3ller. A m\u00e9s, Mateu ha q\u00fcestionat aquesta incorporaci\u00f3 perqu\u00e8 \u201cno hem vist cap acord ni cap programa per tal d\u2019entendre les difer\u00e8ncies que ens allunyen per no poder assolir un pacte d\u2019esquerres\u201d.<\/span><\/p>\n<p>&nbsp;<\/p>\n<p><span style=\"font-weight: 400;\">Finalment, el portaveu ha expressat que \u201cestarem molt vigilats en la nostra tasca d\u2019oposici\u00f3 davant un pacte de dretes que de moment ens costa un dineral a tots els sollerics i solleriques\u201d.<\/span>[\/vc_column_text][\/vc_column][\/vc_row]\n<\/div>","protected":false},"excerpt":{"rendered":"<p>[vc_row el_class=&#8221;img_noticia&#8221;][vc_column][vc_single_image image=&#8221;24845&#8243; img_size=&#8221;full&#8221;][\/vc_column][\/vc_row][vc_row el_class=&#8221;intro&#8221;][vc_column][vc_column_text]El cost de l\u2019equip de govern suposa m\u00e9s del doble del que costava l\u2019anterior pacte del PSIB-PSOE amb M\u00e9s.[\/vc_column_text][\/vc_column][\/vc_row][vc_row][vc_column width=&#8221;1\/2&#8243;][vc_column_text]El portaveu del Grup Municipal Socialista\u00a0 de S\u00f3ller, Jaume Mateu, ha valorat com a \u201cincoherent i inexplicable\u201d el pacte entre El Pi, PP i C\u2019s, ja que \u201cfa perdre la centralitat que&hellip;<\/p>\n","protected":false},"author":1,"featured_media":24845,"comment_status":"open","ping_status":"open","sticky":false,"template":"","format":"standard","meta":{"footnotes":""},"categories":[2,90,92],"tags":[],"class_list":["post-24919","post","type-post","status-publish","format-standard","has-post-thumbnail","hentry","category-federacio-de-mallorca","category-municipis","category-portada"],"_links":{"self":[{"href":"https:\/\/www.psib-psoe.org\/mallorca\/wp-json\/wp\/v2\/posts\/24919"}],"collection":[{"href":"https:\/\/www.psib-psoe.org\/mallorca\/wp-json\/wp\/v2\/posts"}],"about":[{"href":"https:\/\/www.psib-psoe.org\/mallorca\/wp-json\/wp\/v2\/types\/post"}],"author":[{"embeddable":true,"href":"https:\/\/www.psib-psoe.org\/mallorca\/wp-json\/wp\/v2\/users\/1"}],"replies":[{"embeddable":true,"href":"https:\/\/www.psib-psoe.org\/mallorca\/wp-json\/wp\/v2\/comments?post=24919"}],"version-history":[{"count":0,"href":"https:\/\/www.psib-psoe.org\/mallorca\/wp-json\/wp\/v2\/posts\/24919\/revisions"}],"wp:featuredmedia":[{"embeddable":true,"href":"https:\/\/www.psib-psoe.org\/mallorca\/wp-json\/wp\/v2\/media\/24845"}],"wp:attachment":[{"href":"https:\/\/www.psib-psoe.org\/mallorca\/wp-json\/wp\/v2\/media?parent=24919"}],"wp:term":[{"taxonomy":"category","embeddable":true,"href":"https:\/\/www.psib-psoe.org\/mallorca\/wp-json\/wp\/v2\/categories?post=24919"},{"taxonomy":"post_tag","embeddable":true,"href":"https:\/\/www.psib-psoe.org\/mallorca\/wp-json\/wp\/v2\/tags?post=24919"}],"curies":[{"name":"wp","href":"https:\/\/api.w.org\/{rel}","templated":true}]}}