{"id":24924,"date":"2020-01-31T14:42:09","date_gmt":"2020-01-31T12:42:09","guid":{"rendered":"http:\/\/www.psib-psoe.org\/mallorca\/?p=24924"},"modified":"2020-01-31T14:42:09","modified_gmt":"2020-01-31T12:42:09","slug":"alcover-psib-psoe-fiscalia-guardia-civil-consell-de-mallorca-i-govern-tenim-el-mateix-objectiu-que-es-erradicar-lexplotacio-sexual-infantil-pp-i-vox-no","status":"publish","type":"post","link":"https:\/\/www.psib-psoe.org\/mallorca\/alcover-psib-psoe-fiscalia-guardia-civil-consell-de-mallorca-i-govern-tenim-el-mateix-objectiu-que-es-erradicar-lexplotacio-sexual-infantil-pp-i-vox-no\/","title":{"rendered":"Alcover: \u201cPSIB-PSOE, Fiscalia, Gu\u00e0rdia Civil, Consell de Mallorca i Govern tenim el mateix objectiu, que \u00e9s erradicar l\u2019explotaci\u00f3 sexual infantil, PP i Vox no\u201d"},"content":{"rendered":"<div class=\"wpb-content-wrapper\">[vc_row el_class=&#8221;img_noticia&#8221;][vc_column][vc_single_image image=&#8221;24925&#8243; img_size=&#8221;full&#8221;][\/vc_column][\/vc_row][vc_row el_class=&#8221;intro&#8221;][vc_column][vc_column_text]<em><u>El Grup Socialista valora molt positivament les mesures anunciades pel president de l\u2019IMAS per evitar casos d\u2019ab\u00fas i explotaci\u00f3 sexual i demana a tothom \u201cfer feina per erradicar aquests fets de la nostra societat <\/u><\/em>[\/vc_column_text][\/vc_column][\/vc_row][vc_row][vc_column width=&#8221;1\/2&#8243;][vc_column_text]El portaveu del Grup Socialista al Consell de Mallorca, Andreu Alcover, ha defensat la gesti\u00f3 feta per l\u2019IMAS i el seu president, Javier de Juan, dels presumptes casos d\u2019explotaci\u00f3 i abusos sexuals infantils.<\/p>\n<p>Alcover ha reconegut que \u00e9s \u201cuna realitat social a la qual s\u2019ha de destinar recursos per minimitzar-la i finalment, erradicar-la\u201d, tot plegat de la m\u00e0 de la magn\u00edfica tasca de les entitats del tercer sector, les quals tamb\u00e9 han intervingut al ple del Consell de Mallorca per traslladar el seu suport a la feina feta pel govern insular.<\/p>\n<p>El portaveu socialista ha aplaudit les mesures proposades pel president de l\u2019IMAS per protegir a les v\u00edctimes de l\u2019explotaci\u00f3 sexual infantil i protegir als i les menors tutelats per evitar nous casos, com \u00e9s el refor\u00e7 dels programes de prevenci\u00f3, l\u2019augment de la formaci\u00f3 als joves i professionals per a la detecci\u00f3 de casos d\u2019ab\u00fas i explotaci\u00f3 sexual infantil, la millora dels centres d\u2019acollida, l\u2019impuls de l\u2019educaci\u00f3 afectiva sexual als centres, que les forces i cossos de seguretat considerin d\u2019alta prioritat les sortides no autoritzades dels menors tutelats, la creaci\u00f3 d\u2019un centre especialitzats per als casos m\u00e9s greus i l\u2019adaptaci\u00f3 del programa IRIS, de manera que es pugui donar d\u2019alta a la base de l\u2019112 als menors amb major risc de manera que quan es sentin en perill puguin donar l\u2019alarma de manera autom\u00e0tica i la policia pugui saber on s\u00f3n.[\/vc_column_text][\/vc_column][vc_column width=&#8221;1\/2&#8243;][vc_column_text]En aquest sentit, Alcover ha remarcat que \u201che sentit moltes propostes del conseller De Juan, tamb\u00e9 algunes d\u2019El Pi i Ciutadans, per\u00f2 cap del PP i Vox, la qual cosa \u00e9s el problema m\u00e9s greu\u201d.<\/p>\n<p>De fet, el portaveu del Grup Socialista ha avan\u00e7at que \u201cel PSIB-PSOE, el Consell de Mallorca, el Govern, la Fiscalia, la Gu\u00e0rdia Civil, tots, tenim el mateix objectiu, per\u00f2 PP i Vox no\u201d.<\/p>\n<p>Alcover ha recordat tamb\u00e9 que els casos \u201cno s\u00f3n exclusivament de Mallorca ni d\u2019aquesta legislatura\u201d, a la vegada que ha volgut deixar clar que \u201ctots i cada un dels arguments que el PP ha posat sobre la taula per demanar dimissions serveixen tamb\u00e9 per demanar la dimissi\u00f3 de la senyora Catalina Cirer\u201d.<\/p>\n<p>Finalment, Alcover tamb\u00e9 ha volgut recordar que \u201ca l\u2019hora de votar els pressuposts del Consell per al 2020, els quals en un moment de contenci\u00f3 augmenten els recursos per a l\u2019IMAS en 14 milions d\u2019euros, PP i Vox hi van votar en contra\u201d.[\/vc_column_text][\/vc_column][\/vc_row]\n<\/div>","protected":false},"excerpt":{"rendered":"<p>[vc_row el_class=&#8221;img_noticia&#8221;][vc_column][vc_single_image image=&#8221;24925&#8243; img_size=&#8221;full&#8221;][\/vc_column][\/vc_row][vc_row el_class=&#8221;intro&#8221;][vc_column][vc_column_text]El Grup Socialista valora molt positivament les mesures anunciades pel president de l\u2019IMAS per evitar casos d\u2019ab\u00fas i explotaci\u00f3 sexual i demana a tothom \u201cfer feina per erradicar aquests fets de la nostra societat [\/vc_column_text][\/vc_column][\/vc_row][vc_row][vc_column width=&#8221;1\/2&#8243;][vc_column_text]El portaveu del Grup Socialista al Consell de Mallorca, Andreu Alcover, ha defensat la gesti\u00f3 feta&hellip;<\/p>\n","protected":false},"author":4,"featured_media":24925,"comment_status":"open","ping_status":"open","sticky":false,"template":"","format":"standard","meta":{"footnotes":""},"categories":[89,92],"tags":[],"class_list":["post-24924","post","type-post","status-publish","format-standard","has-post-thumbnail","hentry","category-consell-de-mallorca","category-portada"],"_links":{"self":[{"href":"https:\/\/www.psib-psoe.org\/mallorca\/wp-json\/wp\/v2\/posts\/24924"}],"collection":[{"href":"https:\/\/www.psib-psoe.org\/mallorca\/wp-json\/wp\/v2\/posts"}],"about":[{"href":"https:\/\/www.psib-psoe.org\/mallorca\/wp-json\/wp\/v2\/types\/post"}],"author":[{"embeddable":true,"href":"https:\/\/www.psib-psoe.org\/mallorca\/wp-json\/wp\/v2\/users\/4"}],"replies":[{"embeddable":true,"href":"https:\/\/www.psib-psoe.org\/mallorca\/wp-json\/wp\/v2\/comments?post=24924"}],"version-history":[{"count":0,"href":"https:\/\/www.psib-psoe.org\/mallorca\/wp-json\/wp\/v2\/posts\/24924\/revisions"}],"wp:featuredmedia":[{"embeddable":true,"href":"https:\/\/www.psib-psoe.org\/mallorca\/wp-json\/wp\/v2\/media\/24925"}],"wp:attachment":[{"href":"https:\/\/www.psib-psoe.org\/mallorca\/wp-json\/wp\/v2\/media?parent=24924"}],"wp:term":[{"taxonomy":"category","embeddable":true,"href":"https:\/\/www.psib-psoe.org\/mallorca\/wp-json\/wp\/v2\/categories?post=24924"},{"taxonomy":"post_tag","embeddable":true,"href":"https:\/\/www.psib-psoe.org\/mallorca\/wp-json\/wp\/v2\/tags?post=24924"}],"curies":[{"name":"wp","href":"https:\/\/api.w.org\/{rel}","templated":true}]}}