{"id":24928,"date":"2020-02-04T15:26:39","date_gmt":"2020-02-04T13:26:39","guid":{"rendered":"http:\/\/www.psib-psoe.org\/mallorca\/?p=24928"},"modified":"2020-02-04T15:26:39","modified_gmt":"2020-02-04T13:26:39","slug":"el-psib-psoe-mes-per-soller-i-unides-podem-consideren-un-engany-la-suma-del-pi-al-pacte-de-dretes-municipal-per-una-nova-dedicacio-exclusiva","status":"publish","type":"post","link":"https:\/\/www.psib-psoe.org\/mallorca\/el-psib-psoe-mes-per-soller-i-unides-podem-consideren-un-engany-la-suma-del-pi-al-pacte-de-dretes-municipal-per-una-nova-dedicacio-exclusiva\/","title":{"rendered":"El PSIB-PSOE, M\u00c9S per S\u00f3ller i Unides Podem consideren un engany la suma d\u2019El Pi al pacte de dretes municipal per una nova dedicaci\u00f3 exclusiva"},"content":{"rendered":"<div class=\"wpb-content-wrapper\">[vc_row el_class=&#8221;img_noticia&#8221;][vc_column][vc_single_image image=&#8221;24929&#8243; img_size=&#8221;full&#8221;][\/vc_column][\/vc_row][vc_row el_class=&#8221;intro&#8221;][vc_column][vc_column_text]<em><u>Les tres formacions pol\u00edtiques anuncien que es mantindran vigilants davant el pacte \u201camb m\u00e9s dedicacions exclusives i els sous m\u00e9s alts de la hist\u00f2ria\u201d<\/u><\/em>[\/vc_column_text][\/vc_column][\/vc_row][vc_row][vc_column width=&#8221;1\/2&#8243;][vc_column_text]Els portaveus del PSIB-PSOE, M\u00e9s per S\u00f3ller i Unides Podem a l\u2019Ajuntament de S\u00f3ller han comparegut en roda de premsa per fer una valoraci\u00f3 conjunta de la incorporaci\u00f3 d\u2019El Pi al pacte PP- C\u2019s, la qual consideren \u201cun engany a tots els sollerics i les solleriques\u201d.<\/p>\n<p>Sense negar en cap moment la legitimitat de la decisi\u00f3, Jaume Mateu, Joan Carles Sim\u00f3 i Cati Piz\u00e0 han expressat el rebuig de les tres formacions a com aquesta incorporaci\u00f3 al govern municipal s\u2019ha produ\u00eft, ja que \u201cEl Pi ha faltat el respecte a tots els partits d\u2019esquerres i, vist en perspectiva, es pot veure com aquesta formaci\u00f3 ha anat modulant la seva posici\u00f3 d\u2019equidist\u00e0ncia inicial cap a un suport amagat al pacte de dretes que ara s\u2019ha destapat, acompanyat d\u2019una nova dedicaci\u00f3 exclusiva que no t\u00e9 cap mena de justificaci\u00f3\u201d.<\/p>\n<p>Per aix\u00f2, els tres grups pol\u00edtics han considerat \u201calarmant\u201d l\u2019\u00fas que s\u2019est\u00e0 fent dels recursos p\u00fablics per part de l\u2019equip de govern, el qual \u201cha fet de l\u2019Ajuntament una ag\u00e8ncia de col\u00b7locaci\u00f3\u201d. En aquest sentit, els tres portaveus han denunciat com ara S\u00f3ller tendr\u00e0 l\u2019equip de govern amb el nombre m\u00e9s elevat de dedicacions exclusives de la hist\u00f2ria, passant de dues a cinc, amb els sous m\u00e9s elevats de la hist\u00f2ria, amb m\u00e9s d\u2019un 20% d\u2019increment, fet que El Pi va criticar al seu moment perqu\u00e8 posava en risc l\u2019estabilitat econ\u00f2mica municipal \u201cper\u00f2 que ara sembla que accepta o que era una postura nom\u00e9s de cara a la galeria\u201d.<\/p>\n<p>A m\u00e9s a m\u00e9s, les tres formacions progressistes han advertit que \u201cel resultat d\u2019aquest pacte per a S\u00f3ller ser\u00e0 nefast\u201d, ja que \u201cno hi haur\u00e0 cap difer\u00e8ncia entre aquest equip i el d\u2019un PP en majoria absoluta\u201d.[\/vc_column_text][\/vc_column][vc_column width=&#8221;1\/2&#8243;][vc_column_text]Aquest fet es demostra amb qu\u00e8 la primera decisi\u00f3 que s\u2019ha adoptat per part d\u2019aquest nou equip \u00e9s la de retornar els plenaris a les 10 del mat\u00ed, els quals fins ara es celebraven a les 20 hores del vespre gr\u00e0cies a un acord for\u00e7at pels partits d\u2019esquerres amb el suport d\u2019El Pi. \u201cEl Pi ha renunciat a aquesta decisi\u00f3 a la primera de canvi, cosa que demostra la seva submissi\u00f3 als designis de Carlos Simarro\u201d, han lamentat els portaveus municipals.<\/p>\n<p>Per tot plegat, des del PSIB-PSOE, M\u00e9s per S\u00f3ller i Unides Podem han criticat que \u201ctornam als moments m\u00e9s foscos de les \u00e8poques de poder absolut de Carlos Simarro, per la qual cosa tendrem m\u00e9s dif\u00edcil fer la nostra tasca d\u2019oposici\u00f3 en servei als ciutadans i les ciutadanes, de la mateixa manera que veurem com tornen enrere moltes decisions en pro de la transpar\u00e8ncia i la bona gesti\u00f3\u201d.<\/p>\n<p>Finalment, els tres grups municipals d\u2019esquerres han insistit en qu\u00e8 \u201cEl Pi ha faltat a la veritat en les seves cr\u00edtiques als partits d\u2019esquerres nom\u00e9s per justificar la seva injustificable decisi\u00f3, per la qual cosa els exigim respecte cap a les nostres formacions i anunciam que ens mantindrem forts i vigilants per evitar malbaratar el bon nom i la gesti\u00f3 en qu\u00e8 el govern d\u2019esquerres va deixar l\u2019Ajuntament el 2019\u201d.<\/p>\n[\/vc_column_text][\/vc_column][\/vc_row]\n<\/div>","protected":false},"excerpt":{"rendered":"<p>[vc_row el_class=&#8221;img_noticia&#8221;][vc_column][vc_single_image image=&#8221;24929&#8243; img_size=&#8221;full&#8221;][\/vc_column][\/vc_row][vc_row el_class=&#8221;intro&#8221;][vc_column][vc_column_text]Les tres formacions pol\u00edtiques anuncien que es mantindran vigilants davant el pacte \u201camb m\u00e9s dedicacions exclusives i els sous m\u00e9s alts de la hist\u00f2ria\u201d[\/vc_column_text][\/vc_column][\/vc_row][vc_row][vc_column width=&#8221;1\/2&#8243;][vc_column_text]Els portaveus del PSIB-PSOE, M\u00e9s per S\u00f3ller i Unides Podem a l\u2019Ajuntament de S\u00f3ller han comparegut en roda de premsa per fer una valoraci\u00f3 conjunta de la&hellip;<\/p>\n","protected":false},"author":4,"featured_media":24929,"comment_status":"open","ping_status":"open","sticky":false,"template":"","format":"standard","meta":{"footnotes":""},"categories":[90,92],"tags":[],"class_list":["post-24928","post","type-post","status-publish","format-standard","has-post-thumbnail","hentry","category-municipis","category-portada"],"_links":{"self":[{"href":"https:\/\/www.psib-psoe.org\/mallorca\/wp-json\/wp\/v2\/posts\/24928"}],"collection":[{"href":"https:\/\/www.psib-psoe.org\/mallorca\/wp-json\/wp\/v2\/posts"}],"about":[{"href":"https:\/\/www.psib-psoe.org\/mallorca\/wp-json\/wp\/v2\/types\/post"}],"author":[{"embeddable":true,"href":"https:\/\/www.psib-psoe.org\/mallorca\/wp-json\/wp\/v2\/users\/4"}],"replies":[{"embeddable":true,"href":"https:\/\/www.psib-psoe.org\/mallorca\/wp-json\/wp\/v2\/comments?post=24928"}],"version-history":[{"count":0,"href":"https:\/\/www.psib-psoe.org\/mallorca\/wp-json\/wp\/v2\/posts\/24928\/revisions"}],"wp:featuredmedia":[{"embeddable":true,"href":"https:\/\/www.psib-psoe.org\/mallorca\/wp-json\/wp\/v2\/media\/24929"}],"wp:attachment":[{"href":"https:\/\/www.psib-psoe.org\/mallorca\/wp-json\/wp\/v2\/media?parent=24928"}],"wp:term":[{"taxonomy":"category","embeddable":true,"href":"https:\/\/www.psib-psoe.org\/mallorca\/wp-json\/wp\/v2\/categories?post=24928"},{"taxonomy":"post_tag","embeddable":true,"href":"https:\/\/www.psib-psoe.org\/mallorca\/wp-json\/wp\/v2\/tags?post=24928"}],"curies":[{"name":"wp","href":"https:\/\/api.w.org\/{rel}","templated":true}]}}