{"id":24932,"date":"2020-02-05T11:59:57","date_gmt":"2020-02-05T09:59:57","guid":{"rendered":"http:\/\/www.psib-psoe.org\/mallorca\/el-psib-psoe-tendra-una-presidencia-tres-carrecs-de-portaveu-i-dues-vicepresidencies-a-les-comissions-del-congres-i-del-senat\/"},"modified":"2020-02-05T11:59:57","modified_gmt":"2020-02-05T09:59:57","slug":"el-psib-psoe-tendra-una-presidencia-tres-carrecs-de-portaveu-i-dues-vicepresidencies-a-les-comissions-del-congres-i-del-senat","status":"publish","type":"post","link":"https:\/\/www.psib-psoe.org\/mallorca\/el-psib-psoe-tendra-una-presidencia-tres-carrecs-de-portaveu-i-dues-vicepresidencies-a-les-comissions-del-congres-i-del-senat\/","title":{"rendered":"El PSIB-PSOE tendr\u00e0 una presid\u00e8ncia, tres c\u00e0rrecs de portaveu i dues vicepresid\u00e8ncies a les comissions del Congr\u00e9s i del Senat"},"content":{"rendered":"<div class=\"row wpb_row row-fluid img_noticia\">\n<div class=\"wpb_column columns small-12 medium-12 thb-dark-column\">\n<div class=\"vc_column-inner  \">\n<div class=\"wpb_wrapper\">\n<div class=\"wpb_single_image wpb_content_element vc_align_center  vc_custom_1580896776132\">\n<figure class=\"wpb_wrapper vc_figure\">\n<div class=\"vc_single_image-wrapper   vc_box_border_grey\"><img loading=\"lazy\" decoding=\"async\" width=\"1000\" height=\"561\" src=\"http:\/\/www.psib-psoe.org\/wp-content\/uploads\/Congr\u00e9s-i-Senat.jpg\" class=\"vc_single_image-img attachment-full\" alt=\"\" \/><\/div>\n<\/figure><\/div>\n<\/div>\n<\/div>\n<\/div>\n<\/div>\n<div class=\"row wpb_row row-fluid intro full-width-row vc_custom_1558336094678\">\n<div class=\"col_izq wpb_column columns small-12 medium-12 thb-dark-column\">\n<div class=\"vc_column-inner  \">\n<div class=\"wpb_wrapper\">\n<div class=\"wpb_text_column wpb_content_element  \">\n<div class=\"wpb_wrapper\">\n<p><em><u>Xisco Bergas, candidat a la batlia de Santa Margalida, s\u2019ha comprom\u00e8s a \u201cgovernar amb i per a la gent\u201d amb un programa adaptat a les necessitats de cada nucli del municipi<\/u><\/em><\/p>\n<\/p><\/div><\/div>\n<\/div>\n<\/div>\n<\/div>\n<\/div>\n<div class=\"row wpb_row row-fluid full-width-row\">\n<div class=\"col_izq wpb_column columns small-12 medium-6 thb-dark-column\">\n<div class=\"vc_column-inner  \">\n<div class=\"wpb_wrapper\">\n<div class=\"wpb_text_column wpb_content_element  \">\n<div class=\"wpb_wrapper\">\n<p>La secret\u00e0ria general del PSIB-PSOE i candidata a la presid\u00e8ncia del Govern de les Illes Balears, Francina Armengol, ha mostrat el seu suport a la llista de Suma de Santa Margalida, que encap\u00e7ala el socialista Xisco Bergas, a qui ha mostrat el seu agra\u00efment \u201cper presentar-vos amb valentia, di\u00e0leg i honestedat\u201d.<\/p>\n<p>La candidata al Govern Balear ha demanat als assistents a l\u2019acte, una cinquantena de persones, \u201ctot el vostre suport i mobilitzaci\u00f3\u201d, assegurant que \u201chem d\u2019explicar a tothom la feina que hem fet els socialistes aquests quatre anys\u201d perqu\u00e8 \u201cqueda molt per fer i hem de seguir canviant les coses a millor\u201d.<\/p>\n<p>\u201c\u00c9s molt f\u00e0cil llevar drets, basta amb un Decret-Llei, per\u00f2 en canvi garantir.-los costa molt\u00edssim\u201d, ha advertit Armengol, assegurant que \u201cno hem de dubtar que la dreta, si pot, governar\u00e0 amb l\u2019extrema dreta, i sabem el que passar\u00e0 si aix\u00f2 passa\u201d. Per aix\u00f2, \u201cels hem d\u2019aturar el pas, com ho v\u00e0rem fer el 28 d\u2019abril\u201d.<\/p>\n<p>\u201cVolem una aposta clara per l\u2019educaci\u00f3, fent realitat l\u2019escola de Can Picafort i fent gratu\u00efta l\u2019educaci\u00f3 de 0-3, i volem seguir apostant per la sanitat, com hem fet aquesta legislatura, que hem eliminat els copagaments, hem contractat m\u00e9s de 1.300 metges i hem recuperat la Sanitat Universal\u201d.<\/p>\n<p>Malgrat tot, Armengol ha advertit que \u201cqueda molta feina per fer i necessitam quatre anys m\u00e9s\u201d, i ha demanat \u201cm\u00e0xima mobilitzaci\u00f3 i tot el suport\u201d per repetir com a Presidenta del Govern Balear i \u201cfer possible que Catalina Cladera sigui Presidenta del Consell de Mallorca i Xisco Bergas batle de Santa Margalida\u201d.<\/p>\n<\/p><\/div><\/div>\n<\/div>\n<\/div>\n<\/div>\n<div class=\"col_dcha wpb_column columns small-12 medium-6 thb-dark-column\">\n<div class=\"vc_column-inner  \">\n<div class=\"wpb_wrapper\">\n<div class=\"wpb_text_column wpb_content_element  \">\n<div class=\"wpb_wrapper\">\n<p>D\u2019aquest \u00faltim, Armengol ha destacat que \u00e9s una persona \u201cvalenta i sobradament preparada, amb uns valors clar\u00edssims i que s\u2019estima molt\u00edssim el seu municipi\u201d. \u201cA Santa Margalida teniu molta sort de tenir un candidat com Xisco Bergas\u201d, ha assegurat Armengol, que ha demanat als assistents que li donin \u201ctot el seu suport i l\u2019ajudin a aconseguir que Santa Margalida vagi sempre endavant el 26 d\u2019abril\u201d.<\/p>\n<p>Per la seva banda, el cap de la coalici\u00f3 de Suma s\u2019ha comprom\u00e8s a \u201cgovernar Santa Margalida per a tothom\u201d, i \u201cno nom\u00e9s per uns pocs, com passa ara\u201d. Bergas ha assegurat que \u201ctotes les persones que formam part de la llista ens hi deixarem la pell\u201d, ja que \u201cvivim a Santa Margalida i estimam molt\u00edssim aquest municipi\u201d.<\/p>\n<p>\u201cNecessitam un Ajuntament que governi amb la gent i per a la gent, no en contra d\u2019ella\u201d, ha asseverat Bergas, que ha criticat que \u201caquests quatre anys han estat perduts\u201d. El socialista ha assegurat que \u201cconeixem les necessitats de cadascun dels nuclis de Santa Margalida\u201d, i per aix\u00f2 \u201chem elaborat un programa amb la col\u00b7laboraci\u00f3 de totes les entitats, amb propostes centrades en cada nucli, perqu\u00e8 coneixem b\u00e9 la realitat del municipi i tenim solucions centrades en les necessitats reals\u201d.<\/p>\n<\/p><\/div><\/div>\n<\/div>\n<\/div>\n<\/div>\n<\/div>\n<p>Source: Actualitat Fedaraci\u00f3 Mallorca<\/p>\n","protected":false},"excerpt":{"rendered":"<p>Xisco Bergas, candidat a la batlia de Santa Margalida, s\u2019ha comprom\u00e8s a \u201cgovernar amb i per a la gent\u201d amb un programa adaptat a les necessitats de cada nucli del municipi La secret\u00e0ria general del PSIB-PSOE i candidata a la presid\u00e8ncia del Govern de les Illes Balears, Francina Armengol, ha mostrat el seu suport a&hellip;<\/p>\n","protected":false},"author":1,"featured_media":24933,"comment_status":"false","ping_status":"open","sticky":false,"template":"","format":"standard","meta":{"footnotes":""},"categories":[2],"tags":[77],"class_list":["post-24932","post","type-post","status-publish","format-standard","has-post-thumbnail","hentry","category-federacio-de-mallorca","tag-federacio-socialista-de-mallorca"],"_links":{"self":[{"href":"https:\/\/www.psib-psoe.org\/mallorca\/wp-json\/wp\/v2\/posts\/24932"}],"collection":[{"href":"https:\/\/www.psib-psoe.org\/mallorca\/wp-json\/wp\/v2\/posts"}],"about":[{"href":"https:\/\/www.psib-psoe.org\/mallorca\/wp-json\/wp\/v2\/types\/post"}],"author":[{"embeddable":true,"href":"https:\/\/www.psib-psoe.org\/mallorca\/wp-json\/wp\/v2\/users\/1"}],"replies":[{"embeddable":true,"href":"https:\/\/www.psib-psoe.org\/mallorca\/wp-json\/wp\/v2\/comments?post=24932"}],"version-history":[{"count":0,"href":"https:\/\/www.psib-psoe.org\/mallorca\/wp-json\/wp\/v2\/posts\/24932\/revisions"}],"wp:featuredmedia":[{"embeddable":true,"href":"https:\/\/www.psib-psoe.org\/mallorca\/wp-json\/wp\/v2\/media\/24933"}],"wp:attachment":[{"href":"https:\/\/www.psib-psoe.org\/mallorca\/wp-json\/wp\/v2\/media?parent=24932"}],"wp:term":[{"taxonomy":"category","embeddable":true,"href":"https:\/\/www.psib-psoe.org\/mallorca\/wp-json\/wp\/v2\/categories?post=24932"},{"taxonomy":"post_tag","embeddable":true,"href":"https:\/\/www.psib-psoe.org\/mallorca\/wp-json\/wp\/v2\/tags?post=24932"}],"curies":[{"name":"wp","href":"https:\/\/api.w.org\/{rel}","templated":true}]}}