{"id":24965,"date":"2020-02-13T15:48:35","date_gmt":"2020-02-13T13:48:35","guid":{"rendered":"http:\/\/www.psib-psoe.org\/mallorca\/?p=24965"},"modified":"2020-02-13T15:48:35","modified_gmt":"2020-02-13T13:48:35","slug":"el-ple-del-consell-aprova-la-creacio-duna-comissio-dexperts-per-aportar-solucions-sobre-lexplotacio-sexual-infantil-a-proposta-del-psib-psoe-mes-i-unides-podem","status":"publish","type":"post","link":"https:\/\/www.psib-psoe.org\/mallorca\/el-ple-del-consell-aprova-la-creacio-duna-comissio-dexperts-per-aportar-solucions-sobre-lexplotacio-sexual-infantil-a-proposta-del-psib-psoe-mes-i-unides-podem\/","title":{"rendered":"El ple del Consell aprova la creaci\u00f3 d\u2019una comissi\u00f3 d\u2019experts per aportar solucions sobre l\u2019explotaci\u00f3 sexual infantil, a proposta del PSIB-PSOE, M\u00c9S i Unides Podem"},"content":{"rendered":"<div class=\"wpb-content-wrapper\">[vc_row el_class=&#8221;img_noticia&#8221;][vc_column][vc_single_image image=&#8221;24966&#8243; img_size=&#8221;full&#8221;][\/vc_column][\/vc_row][vc_row el_class=&#8221;intro&#8221;][vc_column][vc_column_text]<i><span style=\"font-weight: 400;\">Tamb\u00e9, s\u2019ha aprovat l\u2019adhesi\u00f3 de Santa Eug\u00e8nia a l\u2019Ag\u00e8ncia de Defensa del Territori, la subvenci\u00f3 de 920.000 euros a l\u2019Institut H\u00edpic de Mallorca, la reducci\u00f3 del 12% de les tarifes de residus i la rebaixa del 15% del preu de la ITV<\/span><\/i>[\/vc_column_text][\/vc_column][\/vc_row][vc_row][vc_column width=&#8221;1\/2&#8243;][vc_column_text]<span style=\"font-weight: 400;\">El ple del Consell de Mallorca ha aprovat aquest dijous a proposta del PSIB-PSOE, M\u00c9S i Unides Podem la creaci\u00f3 d\u2019una comissi\u00f3 d\u2019experts amb l\u2019objectiu d\u2019aportar solucions, mitjan\u00e7ant experts especialitzats en menors, sobre l\u2019explotaci\u00f3 sexual infantil. Aquesta iniciativa comptar\u00e0 amb un termini de 15 dies per cercar el m\u00e0xim de consens possible, per tal que en 3 mesos es pugui presentar un informe per avaluar els fets i tenir propostes d\u2019acci\u00f3 futures.\u00a0<\/span><\/p>\n<p>&nbsp;<\/p>\n<p><span style=\"font-weight: 400;\">El portaveu del Grup Socialista del Consell de Mallorca, Andreu Alcover, ha explicat que \u201cdes del PSIB-PSOE volem saber t\u00e8cnicament el qu\u00e8 ha passat i per aquest motiu defensam una comissi\u00f3 d\u2019experts com la millor manera per esclarir els fets\u201d. A m\u00e9s, ha afegit que \u201caquesta comissi\u00f3 aportaria una bateria de propostes per tal de fer m\u00e9s efica\u00e7 la resposta tant de l\u2019IMAS com d\u2019altres institucions en aquesta mat\u00e8ria\u201d.<\/span><\/p>\n<p>&nbsp;<\/p>\n<p><span style=\"font-weight: 400;\">Durant l\u2019exposici\u00f3 de la moci\u00f3 d\u2019urg\u00e8ncia, Alcover ha demanat al Partit Popular i a Vox que \u201cdeixin de fer demag\u00f2gia amb l\u2019explotaci\u00f3 sexual de menors\u201d. \u201cVost\u00e8s diuen que si el govern pot garantir que ni un menor m\u00e9s pugui estar en aquesta situaci\u00f3, si governassin ho podr\u00edeu garantir?\u201d, ha expressat Alcover a aquests partits de l\u2019oposici\u00f3 que han aprofitat per abandonar el ple de la instituci\u00f3 insular.\u00a0<\/span><\/p>\n<p>&nbsp;<\/p>\n<p><span style=\"font-weight: 400;\">Tamb\u00e9, Alcover ha defensat que \u201cel PSIB-PSOE no pot votar a favor d\u2019una comissi\u00f3 d\u2019investigaci\u00f3 en la qual participi Vox\u201d, despr\u00e9s que aquest partit d\u2019ultra dreta ha afirmat al ple que \u201cl\u2019IMAS prostitueix als menors tutelats\u201d.<\/span><\/p>\n[\/vc_column_text][\/vc_column][vc_column width=&#8221;1\/2&#8243;][vc_column_text]<b>Acords del plenari del Consell de Mallorca<\/b><\/p>\n<p>&nbsp;<\/p>\n<p><span style=\"font-weight: 400;\">Per una banda, al ple de la instituci\u00f3 insular ha aprovat per unanimitat l\u2019adhesi\u00f3 de Santa Eug\u00e8nia a l\u2019Ag\u00e8ncia de Defensa del Territori del Consell de Mallorca. Amb aquesta incorporaci\u00f3 ja s\u00f3n 28 els municipis que fan una aposta ferm per la protecci\u00f3 del paisatge i del territori de l\u2019illa. Alcover ha expressat que &#8220;\u00e9s una bona not\u00edcia que cada vegada m\u00e9s municipis s&#8217;adhereixin a l&#8217;Ag\u00e8ncia i suposa una unitat de criteri i coher\u00e8ncia davant les actuacions en mat\u00e8ria d&#8217;urbanisme&#8221;.<\/span><\/p>\n<p>&nbsp;<\/p>\n<p><span style=\"font-weight: 400;\">Un altre dels acords aprovats per unanimitat ha sigut l\u2019aprovaci\u00f3 de la subvenci\u00f3 de 920.000 euros a l\u2019Institut H\u00edpic de Mallorca pels hip\u00f2droms de Son Pardo i el municipal de Manacor. Una clara mostra del foment de l\u2019esport h\u00edpic de l\u2019illa. El portaveu socialista ha incidit que &#8220;despr\u00e9s de la bona not\u00edcia de resoldre el problema de l&#8217;hip\u00f2drom de Manacor, aquesta \u00e9s una passa m\u00e9s&#8221;. A m\u00e9s, &#8220;aquesta subvenci\u00f3 permetr\u00e0 donar continu\u00eftat a les carreres de trot tant en Palma com a Manacor&#8221;, ha valorat Alcover.<\/span><\/p>\n<p>&nbsp;<\/p>\n<p><span style=\"font-weight: 400;\">D\u2019altra banda, s\u2019ha aprovat la baixada del 12 % de la tarifa de Residus S\u00f2lids Urbans i la rebaixa del 15 % del preu de la ITV, que d\u2019aquesta manera Mallorca es posiciona com el lloc m\u00e9s barat per passar la inspecci\u00f3 tot Espanya. El portaveu socialista ha dit que \u201csempre \u00e9s una bona not\u00edcia que es puguin ajustar les taxes sense perjudicar el servei que es presta\u201d, ha concl\u00f2s.\u00a0<\/span><\/p>\n[\/vc_column_text][\/vc_column][\/vc_row]\n<\/div>","protected":false},"excerpt":{"rendered":"<p>[vc_row el_class=&#8221;img_noticia&#8221;][vc_column][vc_single_image image=&#8221;24966&#8243; img_size=&#8221;full&#8221;][\/vc_column][\/vc_row][vc_row el_class=&#8221;intro&#8221;][vc_column][vc_column_text]Tamb\u00e9, s\u2019ha aprovat l\u2019adhesi\u00f3 de Santa Eug\u00e8nia a l\u2019Ag\u00e8ncia de Defensa del Territori, la subvenci\u00f3 de 920.000 euros a l\u2019Institut H\u00edpic de Mallorca, la reducci\u00f3 del 12% de les tarifes de residus i la rebaixa del 15% del preu de la ITV[\/vc_column_text][\/vc_column][\/vc_row][vc_row][vc_column width=&#8221;1\/2&#8243;][vc_column_text]El ple del Consell de Mallorca ha aprovat aquest&hellip;<\/p>\n","protected":false},"author":1,"featured_media":24966,"comment_status":"open","ping_status":"open","sticky":false,"template":"","format":"standard","meta":{"footnotes":""},"categories":[89,92],"tags":[],"class_list":["post-24965","post","type-post","status-publish","format-standard","has-post-thumbnail","hentry","category-consell-de-mallorca","category-portada"],"_links":{"self":[{"href":"https:\/\/www.psib-psoe.org\/mallorca\/wp-json\/wp\/v2\/posts\/24965"}],"collection":[{"href":"https:\/\/www.psib-psoe.org\/mallorca\/wp-json\/wp\/v2\/posts"}],"about":[{"href":"https:\/\/www.psib-psoe.org\/mallorca\/wp-json\/wp\/v2\/types\/post"}],"author":[{"embeddable":true,"href":"https:\/\/www.psib-psoe.org\/mallorca\/wp-json\/wp\/v2\/users\/1"}],"replies":[{"embeddable":true,"href":"https:\/\/www.psib-psoe.org\/mallorca\/wp-json\/wp\/v2\/comments?post=24965"}],"version-history":[{"count":0,"href":"https:\/\/www.psib-psoe.org\/mallorca\/wp-json\/wp\/v2\/posts\/24965\/revisions"}],"wp:featuredmedia":[{"embeddable":true,"href":"https:\/\/www.psib-psoe.org\/mallorca\/wp-json\/wp\/v2\/media\/24966"}],"wp:attachment":[{"href":"https:\/\/www.psib-psoe.org\/mallorca\/wp-json\/wp\/v2\/media?parent=24965"}],"wp:term":[{"taxonomy":"category","embeddable":true,"href":"https:\/\/www.psib-psoe.org\/mallorca\/wp-json\/wp\/v2\/categories?post=24965"},{"taxonomy":"post_tag","embeddable":true,"href":"https:\/\/www.psib-psoe.org\/mallorca\/wp-json\/wp\/v2\/tags?post=24965"}],"curies":[{"name":"wp","href":"https:\/\/api.w.org\/{rel}","templated":true}]}}