{"id":24969,"date":"2020-02-18T11:57:05","date_gmt":"2020-02-18T09:57:05","guid":{"rendered":"http:\/\/www.psib-psoe.org\/mallorca\/?p=24969"},"modified":"2020-02-18T11:57:05","modified_gmt":"2020-02-18T09:57:05","slug":"carmen-palomino-es-elegida-nova-secretaria-general-de-lagrupacio-socialista-de-palma-nord","status":"publish","type":"post","link":"https:\/\/www.psib-psoe.org\/mallorca\/carmen-palomino-es-elegida-nova-secretaria-general-de-lagrupacio-socialista-de-palma-nord\/","title":{"rendered":"Carmen Palomino \u00e9s elegida nova secret\u00e0ria general de l\u2019Agrupaci\u00f3 Socialista de Palma Nord"},"content":{"rendered":"<div class=\"wpb-content-wrapper\">[vc_row el_class=&#8221;img_noticia&#8221;][vc_column][vc_single_image image=&#8221;24970&#8243; img_size=&#8221;full&#8221;][\/vc_column][\/vc_row][vc_row el_class=&#8221;intro&#8221;][vc_column][vc_column_text]<i><span style=\"font-weight: 400;\">La nova executiva planteja treballar amb cinc l\u00ednies principals: la dinamitzaci\u00f3 de l\u2019agrupaci\u00f3, el contacte amb les entitats i associacions, la rendici\u00f3 de comptes i pol\u00edtica municipal, la pol\u00edtica sectorial i la formaci\u00f3<\/span><\/i>[\/vc_column_text][\/vc_column][\/vc_row][vc_row][vc_column width=&#8221;1\/2&#8243;][vc_column_text]<span style=\"font-weight: 400;\">L&#8217;assemblea de l\u2019Agrupaci\u00f3 Socialista Palma Nord ha elegit per unanimitat a Carmen Palomino com a nova secret\u00e0ria general de l\u2019agrupaci\u00f3 local, la qual rellevar\u00e0 el c\u00e0rrec a Catalina Calafat, a qui ha agra\u00eft la seva tasca i dedicaci\u00f3 al capdavant de la formaci\u00f3 en els darrers anys.\u00a0<\/span><\/p>\n<p>&nbsp;<\/p>\n<p><span style=\"font-weight: 400;\">D\u2019aquesta manera, Palomino ha expressat que \u201cels objectius principals de l\u2019agrupaci\u00f3 seran convertir Palma Nord en una agrupaci\u00f3 referent\u201d. Tamb\u00e9 ha incidit que \u201ciniciarem una campanya d\u2019afiliaci\u00f3 constant, impulsarem la formaci\u00f3 dels militants i simpatitzants i dinamitzarem l\u2019agrupaci\u00f3 perqu\u00e8 sigui un espai obert i de debat\u201d.\u00a0<\/span><\/p>\n<p>&nbsp;<\/p>\n<p><span style=\"font-weight: 400;\">La presidenta dels Socialistes de Mallorca, Mercedes Garrido, ha agra\u00eft\u00a0 la gesti\u00f3 que ha fet Calafat a l\u2019Agrupaci\u00f3 Socialista de Palma Nord. Aix\u00ed, Garrido ha expressat que \u201cCalafat ha estat sempre compromesa amb l\u2019agrupaci\u00f3 i amb el partit\u201d. A m\u00e9s, Garrido ha expressat que \u201cnecessitam que s\u2019obri el debat a les agrupacions i que el partit porti el debat al carrer, a les associacions i a tots els col\u00b7lectius dels barris perqu\u00e8 all\u00e0 \u00e9s on es crea l\u2019opini\u00f3 que far\u00e0 que continuem tenint un govern progressista a les institucions\u201d.<\/span><\/p>\n<p>&nbsp;<\/p>\n<p><span style=\"font-weight: 400;\">El secretari general de l\u2019Agrupaci\u00f3 Socialista de Palma i batle del municipi, Jos\u00e9 Hila, s\u2019ha posat a disposici\u00f3 de l\u2019Agrupaci\u00f3 de Palma Nord per \u201cescoltar les propostes i resoldre els dubtes que tinguin els ciutadans\u201d.<\/span><\/p>\n[\/vc_column_text][\/vc_column][vc_column width=&#8221;1\/2&#8243;][vc_column_text]<b>Noves l\u00ednies d\u2019actuaci\u00f3 a Palma Nord<\/b><\/p>\n<p>&nbsp;<\/p>\n<p><span style=\"font-weight: 400;\">Una de les l\u00ednies per la qual aposta la nova executiva \u00e9s la dinamitzaci\u00f3 de l\u2019agrupaci\u00f3. Palomino ha explicat que \u201cobrirem la seu el m\u00e0xim de dies possibles i farem jornades informatives perqu\u00e8 la gent que s\u2019apropi pugui estar informada de tot\u201d. A m\u00e9s, ha avan\u00e7at que es reprendran els \u2018Debats a la fresca\u2019, un format de debat d\u2019estiu d\u2019actualitat pol\u00edtica.<\/span><\/p>\n<p>&nbsp;<\/p>\n<p><span style=\"font-weight: 400;\">Tamb\u00e9, reprendre el contacte amb les entitats, associacions i ve\u00efnats. La nova secret\u00e0ria general ha destacat que \u201ces recuperar\u00e0 la trobada anual de ve\u00efnats on podran exposar les problem\u00e0tiques dels barris d\u2019una manera oberta i directa\u201d.<\/span><\/p>\n<p>&nbsp;<\/p>\n<p><span style=\"font-weight: 400;\">La rendici\u00f3 de comptes i la pol\u00edtica municipal \u00e9s una de les l\u00ednies del pla de treball de la nova executiva. Palomino ha explicat que \u201ces crear\u00e0 un grup de treball per analitzar els problemes dels diferents barris i tamb\u00e9 rendirem comptes a la Trobada amb les associacions i entitats\u201d.\u00a0<\/span><\/p>\n<p>&nbsp;<\/p>\n<p><span style=\"font-weight: 400;\">Un altre punt a destacar \u00e9s la pol\u00edtica sectorial. \u201cProposarem la realitzaci\u00f3 d\u2019actes sectorials a tots els barris d\u2019acord amb els problemes destacats per apropar les pol\u00edtiques que s\u2019estan desenvolupant tant al Consell de Mallorca com al Govern balear\u201d, ha dit Palomino.<\/span><\/p>\n<p>&nbsp;<\/p>\n<p><span style=\"font-weight: 400;\">Per \u00faltim, la nova secret\u00e0ria general de Palma Nord ha expressat la voluntat de treballar per millorar la formaci\u00f3 dels simpatitzants i militants, millorar la comunicaci\u00f3 de l\u2019agrupaci\u00f3 i, tamb\u00e9, mantenir una campanya d\u2019afiliaci\u00f3 permanent.\u00a0<\/span><\/p>\n[\/vc_column_text][\/vc_column][\/vc_row]\n<\/div>","protected":false},"excerpt":{"rendered":"<p>[vc_row el_class=&#8221;img_noticia&#8221;][vc_column][vc_single_image image=&#8221;24970&#8243; img_size=&#8221;full&#8221;][\/vc_column][\/vc_row][vc_row el_class=&#8221;intro&#8221;][vc_column][vc_column_text]La nova executiva planteja treballar amb cinc l\u00ednies principals: la dinamitzaci\u00f3 de l\u2019agrupaci\u00f3, el contacte amb les entitats i associacions, la rendici\u00f3 de comptes i pol\u00edtica municipal, la pol\u00edtica sectorial i la formaci\u00f3[\/vc_column_text][\/vc_column][\/vc_row][vc_row][vc_column width=&#8221;1\/2&#8243;][vc_column_text]L&#8217;assemblea de l\u2019Agrupaci\u00f3 Socialista Palma Nord ha elegit per unanimitat a Carmen Palomino com a nova secret\u00e0ria general&hellip;<\/p>\n","protected":false},"author":1,"featured_media":24970,"comment_status":"open","ping_status":"open","sticky":false,"template":"","format":"standard","meta":{"footnotes":""},"categories":[2,92],"tags":[],"class_list":["post-24969","post","type-post","status-publish","format-standard","has-post-thumbnail","hentry","category-federacio-de-mallorca","category-portada"],"_links":{"self":[{"href":"https:\/\/www.psib-psoe.org\/mallorca\/wp-json\/wp\/v2\/posts\/24969"}],"collection":[{"href":"https:\/\/www.psib-psoe.org\/mallorca\/wp-json\/wp\/v2\/posts"}],"about":[{"href":"https:\/\/www.psib-psoe.org\/mallorca\/wp-json\/wp\/v2\/types\/post"}],"author":[{"embeddable":true,"href":"https:\/\/www.psib-psoe.org\/mallorca\/wp-json\/wp\/v2\/users\/1"}],"replies":[{"embeddable":true,"href":"https:\/\/www.psib-psoe.org\/mallorca\/wp-json\/wp\/v2\/comments?post=24969"}],"version-history":[{"count":0,"href":"https:\/\/www.psib-psoe.org\/mallorca\/wp-json\/wp\/v2\/posts\/24969\/revisions"}],"wp:featuredmedia":[{"embeddable":true,"href":"https:\/\/www.psib-psoe.org\/mallorca\/wp-json\/wp\/v2\/media\/24970"}],"wp:attachment":[{"href":"https:\/\/www.psib-psoe.org\/mallorca\/wp-json\/wp\/v2\/media?parent=24969"}],"wp:term":[{"taxonomy":"category","embeddable":true,"href":"https:\/\/www.psib-psoe.org\/mallorca\/wp-json\/wp\/v2\/categories?post=24969"},{"taxonomy":"post_tag","embeddable":true,"href":"https:\/\/www.psib-psoe.org\/mallorca\/wp-json\/wp\/v2\/tags?post=24969"}],"curies":[{"name":"wp","href":"https:\/\/api.w.org\/{rel}","templated":true}]}}