{"id":24974,"date":"2020-02-21T10:17:56","date_gmt":"2020-02-21T08:17:56","guid":{"rendered":"http:\/\/www.psib-psoe.org\/mallorca\/?p=24974"},"modified":"2020-02-21T10:18:43","modified_gmt":"2020-02-21T08:18:43","slug":"secretari-general-bordoy","status":"publish","type":"post","link":"https:\/\/www.psib-psoe.org\/mallorca\/secretari-general-bordoy\/","title":{"rendered":"Toni Bordoy, nou secretari general de l\u2019Agrupaci\u00f3 Socialista d\u2019Esporles"},"content":{"rendered":"<div class=\"wpb-content-wrapper\">[vc_row el_class=&#8221;img_noticia&#8221;][vc_column][vc_single_image image=&#8221;24975&#8243; img_size=&#8221;full&#8221;][\/vc_column][\/vc_row][vc_row el_class=&#8221;intro&#8221;][vc_column][vc_column_text]<i><span style=\"font-weight: 400;\">La nova executiva ha agra\u00eft la feina feta i la dedicaci\u00f3 a Juli Dalmau, l\u2019exsecretari general de la formaci\u00f3<\/span><\/i>[\/vc_column_text][\/vc_column][\/vc_row][vc_row][vc_column width=&#8221;1\/2&#8243;][vc_column_text]<span style=\"font-weight: 400;\">L&#8217;assemblea de l\u2019Agrupaci\u00f3 Socialista d\u2019Esporles ha elegit per unanimitat a Toni Bordoy com a nou secretari general de l\u2019agrupaci\u00f3 municipal, el qual rellevar\u00e0 el c\u00e0rrec de Juli Dalmau a qui ha agra\u00eft la seva tasca i dedicaci\u00f3 al capdavant de la formaci\u00f3 en els darrers vuit anys.<\/span><\/p>\n<p>&nbsp;<\/p>\n<p><span style=\"font-weight: 400;\">D\u2019aquesta manera, Bordoy ha destacat que \u201cen aquesta nova etapa feim una passa m\u00e9s perqu\u00e8 l\u2019Agrupaci\u00f3 Socialista d\u2019Esporles sigui un referent en l\u2019\u00e0mbit municipal\u201d. A m\u00e9s, Bordoy ha volgut incidir que \u201cla intenci\u00f3 de la nova executiva \u00e9s continuar fent feina sempre pensant en l\u2019inter\u00e8s general\u201d.<\/span>[\/vc_column_text][\/vc_column][vc_column width=&#8221;1\/2&#8243;][vc_column_text]<span style=\"font-weight: 400;\">El secretari general de la nova executiva ha explicat que \u201cuna de les tasques de la nova executiva ser\u00e0 impulsar la coordinaci\u00f3 en l&#8217;\u00e0mbit org\u00e0nic i municipal i dinamitzar l\u2019agrupaci\u00f3\u201d, ha concl\u00f2s Bordoy. <\/span>[\/vc_column_text][\/vc_column][\/vc_row]\n<\/div>","protected":false},"excerpt":{"rendered":"<p>[vc_row el_class=&#8221;img_noticia&#8221;][vc_column][vc_single_image image=&#8221;24975&#8243; img_size=&#8221;full&#8221;][\/vc_column][\/vc_row][vc_row el_class=&#8221;intro&#8221;][vc_column][vc_column_text]La nova executiva ha agra\u00eft la feina feta i la dedicaci\u00f3 a Juli Dalmau, l\u2019exsecretari general de la formaci\u00f3[\/vc_column_text][\/vc_column][\/vc_row][vc_row][vc_column width=&#8221;1\/2&#8243;][vc_column_text]L&#8217;assemblea de l\u2019Agrupaci\u00f3 Socialista d\u2019Esporles ha elegit per unanimitat a Toni Bordoy com a nou secretari general de l\u2019agrupaci\u00f3 municipal, el qual rellevar\u00e0 el c\u00e0rrec de Juli Dalmau a qui ha agra\u00eft&hellip;<\/p>\n","protected":false},"author":1,"featured_media":24975,"comment_status":"open","ping_status":"open","sticky":false,"template":"","format":"standard","meta":{"footnotes":""},"categories":[2,92],"tags":[],"class_list":["post-24974","post","type-post","status-publish","format-standard","has-post-thumbnail","hentry","category-federacio-de-mallorca","category-portada"],"_links":{"self":[{"href":"https:\/\/www.psib-psoe.org\/mallorca\/wp-json\/wp\/v2\/posts\/24974"}],"collection":[{"href":"https:\/\/www.psib-psoe.org\/mallorca\/wp-json\/wp\/v2\/posts"}],"about":[{"href":"https:\/\/www.psib-psoe.org\/mallorca\/wp-json\/wp\/v2\/types\/post"}],"author":[{"embeddable":true,"href":"https:\/\/www.psib-psoe.org\/mallorca\/wp-json\/wp\/v2\/users\/1"}],"replies":[{"embeddable":true,"href":"https:\/\/www.psib-psoe.org\/mallorca\/wp-json\/wp\/v2\/comments?post=24974"}],"version-history":[{"count":0,"href":"https:\/\/www.psib-psoe.org\/mallorca\/wp-json\/wp\/v2\/posts\/24974\/revisions"}],"wp:featuredmedia":[{"embeddable":true,"href":"https:\/\/www.psib-psoe.org\/mallorca\/wp-json\/wp\/v2\/media\/24975"}],"wp:attachment":[{"href":"https:\/\/www.psib-psoe.org\/mallorca\/wp-json\/wp\/v2\/media?parent=24974"}],"wp:term":[{"taxonomy":"category","embeddable":true,"href":"https:\/\/www.psib-psoe.org\/mallorca\/wp-json\/wp\/v2\/categories?post=24974"},{"taxonomy":"post_tag","embeddable":true,"href":"https:\/\/www.psib-psoe.org\/mallorca\/wp-json\/wp\/v2\/tags?post=24974"}],"curies":[{"name":"wp","href":"https:\/\/api.w.org\/{rel}","templated":true}]}}