{"id":24979,"date":"2020-02-25T17:25:08","date_gmt":"2020-02-25T15:25:08","guid":{"rendered":"http:\/\/www.psib-psoe.org\/mallorca\/?p=24979"},"modified":"2020-02-25T17:25:08","modified_gmt":"2020-02-25T15:25:08","slug":"regidora-santanyi","status":"publish","type":"post","link":"https:\/\/www.psib-psoe.org\/mallorca\/regidora-santanyi\/","title":{"rendered":"Mar\u00eda Vega, nova regidora de Santany\u00ed"},"content":{"rendered":"<div class=\"wpb-content-wrapper\">[vc_row el_class=&#8221;img_noticia&#8221;][vc_column][vc_single_image image=&#8221;24980&#8243; img_size=&#8221;full&#8221;][\/vc_column][\/vc_row][vc_row el_class=&#8221;intro&#8221;][vc_column][vc_column_text]<span style=\"font-weight: 400;\">Fuster ha renunciat a ser regidor per incompatibilitat<\/span>[\/vc_column_text][\/vc_column][\/vc_row][vc_row][vc_column width=&#8221;1\/2&#8243;][vc_column_text]<span style=\"font-weight: 400;\">El regidor del PSIB-PSOE a Santany\u00ed, Juli Fuster, ha anunciat aquest dimarts al ple del consistori la ren\u00fancia al c\u00e0rrec per incompatibilitat. D\u2019aquesta manera, al pr\u00f2xim plenari jurar\u00e0 l\u2019acte de regidora Mar\u00eda Vega.<\/span><\/p>\n<p>&nbsp;<\/p>\n<p><span style=\"font-weight: 400;\">Fuster ha explicat que \u201cles meves obligacions al capdavant del servei de salut no em deixen el temps que jo voldria dedicar a Santany\u00ed\u201d. Els grups municipals del consistori han acomiadat a Fuster amb aplaudiments.<\/span><\/p>\n[\/vc_column_text][\/vc_column][vc_column width=&#8221;1\/2&#8243;][vc_column_text]<span style=\"font-weight: 400;\">Quant a la nova regidora, Vega \u00e9s llicenciada en Hist\u00f2ria per la Universitat de Salamanca i ha obtingut un DEA en Hist\u00f2ria Antiga amb qualificaci\u00f3 d\u2019Excel\u00b7lent Cum Laude. A m\u00e9s, t\u00e9 el Grau Superior de M\u00fasica en l\u2019especialitat de cant pel Conservatori Superior de M\u00fasica Joaqu\u00edn Rodrigo de Val\u00e8ncia. Actualment, exerceix com a docent a les escoles municipals de m\u00fasica de Santany\u00ed, Alc\u00fadia i Lloseta, aix\u00ed com al Conservatori d\u2019Inca.<\/span>[\/vc_column_text][\/vc_column][\/vc_row]\n<\/div>","protected":false},"excerpt":{"rendered":"<p>[vc_row el_class=&#8221;img_noticia&#8221;][vc_column][vc_single_image image=&#8221;24980&#8243; img_size=&#8221;full&#8221;][\/vc_column][\/vc_row][vc_row el_class=&#8221;intro&#8221;][vc_column][vc_column_text]Fuster ha renunciat a ser regidor per incompatibilitat[\/vc_column_text][\/vc_column][\/vc_row][vc_row][vc_column width=&#8221;1\/2&#8243;][vc_column_text]El regidor del PSIB-PSOE a Santany\u00ed, Juli Fuster, ha anunciat aquest dimarts al ple del consistori la ren\u00fancia al c\u00e0rrec per incompatibilitat. D\u2019aquesta manera, al pr\u00f2xim plenari jurar\u00e0 l\u2019acte de regidora Mar\u00eda Vega. &nbsp; Fuster ha explicat que \u201cles meves obligacions al capdavant&hellip;<\/p>\n","protected":false},"author":1,"featured_media":24980,"comment_status":"open","ping_status":"open","sticky":false,"template":"","format":"standard","meta":{"footnotes":""},"categories":[2,92],"tags":[],"class_list":["post-24979","post","type-post","status-publish","format-standard","has-post-thumbnail","hentry","category-federacio-de-mallorca","category-portada"],"_links":{"self":[{"href":"https:\/\/www.psib-psoe.org\/mallorca\/wp-json\/wp\/v2\/posts\/24979"}],"collection":[{"href":"https:\/\/www.psib-psoe.org\/mallorca\/wp-json\/wp\/v2\/posts"}],"about":[{"href":"https:\/\/www.psib-psoe.org\/mallorca\/wp-json\/wp\/v2\/types\/post"}],"author":[{"embeddable":true,"href":"https:\/\/www.psib-psoe.org\/mallorca\/wp-json\/wp\/v2\/users\/1"}],"replies":[{"embeddable":true,"href":"https:\/\/www.psib-psoe.org\/mallorca\/wp-json\/wp\/v2\/comments?post=24979"}],"version-history":[{"count":0,"href":"https:\/\/www.psib-psoe.org\/mallorca\/wp-json\/wp\/v2\/posts\/24979\/revisions"}],"wp:featuredmedia":[{"embeddable":true,"href":"https:\/\/www.psib-psoe.org\/mallorca\/wp-json\/wp\/v2\/media\/24980"}],"wp:attachment":[{"href":"https:\/\/www.psib-psoe.org\/mallorca\/wp-json\/wp\/v2\/media?parent=24979"}],"wp:term":[{"taxonomy":"category","embeddable":true,"href":"https:\/\/www.psib-psoe.org\/mallorca\/wp-json\/wp\/v2\/categories?post=24979"},{"taxonomy":"post_tag","embeddable":true,"href":"https:\/\/www.psib-psoe.org\/mallorca\/wp-json\/wp\/v2\/tags?post=24979"}],"curies":[{"name":"wp","href":"https:\/\/api.w.org\/{rel}","templated":true}]}}