{"id":24986,"date":"2020-02-27T16:15:19","date_gmt":"2020-02-27T14:15:19","guid":{"rendered":"http:\/\/www.psib-psoe.org\/mallorca\/?p=24986"},"modified":"2020-02-27T16:15:19","modified_gmt":"2020-02-27T14:15:19","slug":"els-partits-del-pacte-al-consell-demanen-que-es-deixi-treballar-a-la-comissio-dexperts","status":"publish","type":"post","link":"https:\/\/www.psib-psoe.org\/mallorca\/els-partits-del-pacte-al-consell-demanen-que-es-deixi-treballar-a-la-comissio-dexperts\/","title":{"rendered":"Els partits del Pacte al Consell demanen que es deixi treballar a la Comissi\u00f3 d\u2019Experts"},"content":{"rendered":"<div class=\"wpb-content-wrapper\">[vc_row el_class=&#8221;img_noticia&#8221;][vc_column][vc_single_image image=&#8221;24987&#8243; img_size=&#8221;full&#8221;][vc_empty_space height=&#8221;50px&#8221;][\/vc_column][\/vc_row][vc_row][vc_column][vc_btn title=&#8221;\u00c0udio Andreu Alcover&#8221; style=&#8221;outline-custom&#8221; outline_custom_color=&#8221;#e30613&#8243; outline_custom_hover_background=&#8221;#e30613&#8243; outline_custom_hover_text=&#8221;#ffffff&#8221; shape=&#8221;square&#8221; align=&#8221;center&#8221; link=&#8221;url:http%3A%2F%2Fwww.psib-psoe.org%2Fmallorca%2Fandreu-ok%2F||target:%20_blank|&#8221;][\/vc_column][\/vc_row][vc_row el_class=&#8221;intro&#8221;][vc_column][vc_column_text]<i><span style=\"font-weight: 400;\">Aquest \u00f2rgan ha de quedar constitu\u00eft en un termini de 15 dies des de la seva aprovaci\u00f3 al Consell Executiu<\/span><\/i>[\/vc_column_text][\/vc_column][\/vc_row][vc_row][vc_column width=&#8221;1\/2&#8243;][vc_column_text]<span style=\"font-weight: 400;\">El portaveu del Grup Socialista al Consell, <\/span><b>Andreu Alcover<\/b><span style=\"font-weight: 400;\">; el portaveu de M\u00c9S per Mallorca al Consell, <\/span><b>Guillem Balboa<\/b><span style=\"font-weight: 400;\">, i la portaveu d\u2019Unides Podem al Consell de Mallorca, <\/span><b>Magdalena Gelabert<\/b><span style=\"font-weight: 400;\"> han demanat aquest dijous que es deixi treballar a la Comissi\u00f3 d\u2019Experts, la qual ha de quedar constitu\u00efda en un termini de quinze dies des de la seva aprovaci\u00f3 al Consell Executiu.<\/span><\/p>\n<p><span style=\"font-weight: 400;\">D\u2019aquesta manera, <\/span><b>Alcover <\/b><span style=\"font-weight: 400;\">ha incidit que \u201cl\u2019oposici\u00f3 no ha de boicotejar el proc\u00e9s de la Comissi\u00f3 d\u2019Experts per tal que es pugui esbrinar qu\u00e8 ha passat i fer propostes per tal de minimitzar aquest problema social\u201d. A m\u00e9s, ha explicat que \u201c\u00e9s una ll\u00e0stima que la Comissi\u00f3 no compti amb un dels millors experts de reconegut prestigi per plantejat solucions de cara al futur per motius pol\u00edtics\u201d.<\/span>[\/vc_column_text][\/vc_column][vc_column width=&#8221;1\/2&#8243;][vc_column_text]<span style=\"font-weight: 400;\">Per la seva banda, el portaveu del grup de M\u00c9S per Mallorca, <\/span><b>Guillem Balboa<\/b><span style=\"font-weight: 400;\">, ha explicat que \u201csimplement se segueix el full de ruta\u201d de la moci\u00f3 que es va aprovar per ple i que demanava tant la creaci\u00f3 d\u2019una Comissi\u00f3 d\u2019Experts com \u201cuna comissi\u00f3 de seguiment pol\u00edtic on puguin compar\u00e8ixer els responsables de l\u2019IMAS en el marc del consell rector\u201d.<\/span><\/p>\n<p>&nbsp;<\/p>\n<p><b>Magdalena Gelabert<\/b><span style=\"font-weight: 400;\">, portaveu d\u2019Unides Podem, ha declarat que \u201cjo, com a anterior directora insular de inf\u00e0ncia i fam\u00edlia, compareixer\u00e9 volunt\u00e0riament per explicar la nostra gesti\u00f3 i els resultats de les iniciatives que vam posar en marxa. Consideram que la Comissi\u00f3 d\u2019Experts i Expertes \u00e9s un espai favorable i positiu d\u2019on s\u2019obtindran resultats i orientacions cap a la millora del Servei de Protecci\u00f3 de Menors\u201d.<\/span><\/p>\n[\/vc_column_text][\/vc_column][\/vc_row]\n<\/div>","protected":false},"excerpt":{"rendered":"<p>[vc_row el_class=&#8221;img_noticia&#8221;][vc_column][vc_single_image image=&#8221;24987&#8243; img_size=&#8221;full&#8221;][vc_empty_space height=&#8221;50px&#8221;][\/vc_column][\/vc_row][vc_row][vc_column][vc_btn title=&#8221;\u00c0udio Andreu Alcover&#8221; style=&#8221;outline-custom&#8221; outline_custom_color=&#8221;#e30613&#8243; outline_custom_hover_background=&#8221;#e30613&#8243; outline_custom_hover_text=&#8221;#ffffff&#8221; shape=&#8221;square&#8221; align=&#8221;center&#8221; link=&#8221;url:http%3A%2F%2Fwww.psib-psoe.org%2Fmallorca%2Fandreu-ok%2F||target:%20_blank|&#8221;][\/vc_column][\/vc_row][vc_row el_class=&#8221;intro&#8221;][vc_column][vc_column_text]Aquest \u00f2rgan ha de quedar constitu\u00eft en un termini de 15 dies des de la seva aprovaci\u00f3 al Consell Executiu[\/vc_column_text][\/vc_column][\/vc_row][vc_row][vc_column width=&#8221;1\/2&#8243;][vc_column_text]El portaveu del Grup Socialista al Consell, Andreu Alcover; el portaveu de M\u00c9S per Mallorca al Consell, Guillem Balboa, i&hellip;<\/p>\n","protected":false},"author":1,"featured_media":24987,"comment_status":"open","ping_status":"open","sticky":false,"template":"","format":"standard","meta":{"footnotes":""},"categories":[89,92],"tags":[],"class_list":["post-24986","post","type-post","status-publish","format-standard","has-post-thumbnail","hentry","category-consell-de-mallorca","category-portada"],"_links":{"self":[{"href":"https:\/\/www.psib-psoe.org\/mallorca\/wp-json\/wp\/v2\/posts\/24986"}],"collection":[{"href":"https:\/\/www.psib-psoe.org\/mallorca\/wp-json\/wp\/v2\/posts"}],"about":[{"href":"https:\/\/www.psib-psoe.org\/mallorca\/wp-json\/wp\/v2\/types\/post"}],"author":[{"embeddable":true,"href":"https:\/\/www.psib-psoe.org\/mallorca\/wp-json\/wp\/v2\/users\/1"}],"replies":[{"embeddable":true,"href":"https:\/\/www.psib-psoe.org\/mallorca\/wp-json\/wp\/v2\/comments?post=24986"}],"version-history":[{"count":0,"href":"https:\/\/www.psib-psoe.org\/mallorca\/wp-json\/wp\/v2\/posts\/24986\/revisions"}],"wp:featuredmedia":[{"embeddable":true,"href":"https:\/\/www.psib-psoe.org\/mallorca\/wp-json\/wp\/v2\/media\/24987"}],"wp:attachment":[{"href":"https:\/\/www.psib-psoe.org\/mallorca\/wp-json\/wp\/v2\/media?parent=24986"}],"wp:term":[{"taxonomy":"category","embeddable":true,"href":"https:\/\/www.psib-psoe.org\/mallorca\/wp-json\/wp\/v2\/categories?post=24986"},{"taxonomy":"post_tag","embeddable":true,"href":"https:\/\/www.psib-psoe.org\/mallorca\/wp-json\/wp\/v2\/tags?post=24986"}],"curies":[{"name":"wp","href":"https:\/\/api.w.org\/{rel}","templated":true}]}}