{"id":25071,"date":"2020-03-25T13:16:18","date_gmt":"2020-03-25T11:16:18","guid":{"rendered":"http:\/\/www.psib-psoe.org\/mallorca\/?p=25071"},"modified":"2020-03-25T13:16:18","modified_gmt":"2020-03-25T11:16:18","slug":"els-socialistes-de-soller-mes-i-podem-demanen-al-batle-que-rectifiqui-en-la-seva-intencio-de-fer-un-erto-a-soller-2010","status":"publish","type":"post","link":"https:\/\/www.psib-psoe.org\/mallorca\/els-socialistes-de-soller-mes-i-podem-demanen-al-batle-que-rectifiqui-en-la-seva-intencio-de-fer-un-erto-a-soller-2010\/","title":{"rendered":"Els Socialistes de S\u00f3ller, M\u00e9s i Podem demanen al batle que rectifiqui en la seva intenci\u00f3 de fer un ERTO a S\u00f3ller 2010"},"content":{"rendered":"<div class=\"wpb-content-wrapper\">[vc_row][vc_column][vc_single_image image=&#8221;24929&#8243; img_size=&#8221;full&#8221; alignment=&#8221;center&#8221;][\/vc_column][\/vc_row][vc_row][vc_column width=&#8221;1\/2&#8243;][vc_column_text]\n<p class=\"Standard\"><span lang=\"CA\">Avui el Batle de S\u00f3ller, Carlos Simarro, ha comunicat als portaveus de M\u00c9S, PSOE i PODEM la seva intenci\u00f3 de tirar endavant un Expedient de Regulaci\u00f3 Temporal d\u2019Ocupaci\u00f3 a l\u2019empresa p\u00fablica S\u00f3ller 2010, que afectaria els treballadors de l\u2019ORA i de l\u2019escoleta municipal. Els tres grups de l\u2019oposici\u00f3 (M\u00c9S, PSOE i PODEM) demanam que es faci enrere en aquesta intenci\u00f3 i que es plantegin mesures alternatives per evitar que els treballadors de S\u00f3ller 2010 hagin de perdre part del seu sou.<\/span><\/p>\n<p class=\"Standard\"><span lang=\"CA\">Els motius pels quals feim aquesta petici\u00f3 s\u00f3n clars:<\/span><\/p>\n<p class=\"Standard\"><span lang=\"CA\">&#8211; Perqu\u00e8 les administracions p\u00fabliques s\u00f3n les que ara han de donar exemple: mentre duri la crisi sanit\u00e0ria, i una vegada que la superem, els ajuntaments, consells, govern auton\u00f2mic i govern central han de bolcar tots els seus esfor\u00e7os per rescatar les persones m\u00e9s afectades per aquesta crisi i per recuperar l\u2019economia. Els ERTO estan pensats per alleugerir la c\u00e0rrega que aquesta crisi est\u00e0 suposant a les empreses i que puguin sobreviure aquest temps sense ingressos. Per\u00f2 l\u2019empresa p\u00fablica S\u00f3ller 2010 t\u00e9 m\u00fascul suficient per a aguantar el temporal i evitar que una quinzena de persones hagin de quedar afectades, amb menys ingressos i amb una gran incertesa sobre el seu futur.<\/span><\/p>\n<p class=\"Standard\"><span lang=\"CA\">&#8211; Perqu\u00e8 es pot oferir una tasca alternativa als treballadors i treballadores de S\u00f3ller 2010, tal i com s\u2019est\u00e0 fent a molts d\u2019ajuntaments: hi ha necessitat de donar suport a la gent gran que no pot sortir de casa per anar a comprar o a la farm\u00e0cia;\u00a0 d\u2019ajudar a les fam\u00edlies amb infants oferint-los ajuda i assist\u00e8ncia durant el temps de confinament; es poden refor\u00e7ar els equips de neteja i desinfecci\u00f3; es pot donar suport a la resid\u00e8ncia de gent gran; es pot donar suport a les fam\u00edlies amb persones dependents a c\u00e0rrec seu i que aquests dies tenen m\u00e9s c\u00e0rrega de feina. Tot aix\u00f2 es pot organitzar des de S\u00f3ller 2010 fent canvis de funcions als treballadors per mantenir-los en actiu.<\/span><\/p>\n<p class=\"Standard\"><span lang=\"CA\">&#8211; Perqu\u00e8 S\u00f3ller 2010 pot canviar les prioritats i centrar els esfor\u00e7os en donar servei a les persones. Si fan falta els doblers, es poden deixar per m\u00e9s endavant inversions prescindibles com la reforma de les oficines, pressupostada en 185.000 \u20ac i destinar-los a mantenir els treballadors i treballadores.<\/span><\/p>\n[\/vc_column_text][\/vc_column][vc_column width=&#8221;1\/2&#8243;][vc_column_text]\n<p class=\"Standard\"><span lang=\"CA\">&#8211; Perqu\u00e8 el govern d\u2019Espanya ja ha anunciat que permetr\u00e0 als ajuntaments que puguin utilitzar el seu super\u00e0vit municipal per a fer front a la crisi del COVID-19. La flexibilitzaci\u00f3 de la regla de despesa (que ja s\u2019ha anunciat des de la Uni\u00f3 Europea) permetr\u00e0 als ajuntaments utilitzar part dels doblers que tenen al banc i que fins ara no podien emprar.<\/span><\/p>\n<p class=\"Standard\"><span lang=\"CA\">&#8211; Perqu\u00e8 si l\u2019equip de govern ha tengut la capacitat per aprovar augments importants de les retribucions dels regidors, 5 dedicacions exclusives i un c\u00e0rrec de confian\u00e7a dins S\u00f3ller 2010, ara ha de saber adaptar-se a la situaci\u00f3 i reajustar aquesta despesa per mantenir l\u2019estabilitat pressupost\u00e0ria de l\u2019Ajuntament.<\/span><\/p>\n<p class=\"Standard\"><span lang=\"CA\">Des dels tres grups municipals hem mantengut una posici\u00f3 lleial i respectuosa amb la gesti\u00f3 de l\u2019equip de govern en tota la crisi del COVID-19, i la seguirem tenint.<\/span><\/p>\n<p class=\"Standard\"><span lang=\"CA\">Per\u00f2 ens en desmarcarem clarament quan es pretengui aprofitar aquesta crisi per impulsar retallades de plantilla i de drets socials, encara que siguin de forma temporal, quan no hi ha cap fonament, ni econ\u00f2mic ni legal, que ho justifiqui.<\/span><\/p>\n[\/vc_column_text][\/vc_column][\/vc_row][vc_row][vc_column][vc_empty_space height=&#8221;50px&#8221;][vc_column_text]\n<h3 style=\"color: #e30613;\"><span class=\"bold\">Recursos addicionals<\/span><\/h3>\n[\/vc_column_text][vc_separator color=&#8221;custom&#8221; align=&#8221;align_left&#8221; border_width=&#8221;3&#8243; el_width=&#8221;10&#8243; accent_color=&#8221;#e30613&#8243;][vc_empty_space height=&#8221;50px&#8221;][vc_column_text]\n<ul>\n<li><a href=\"http:\/\/www.psib-psoe.org\/wp-content\/uploads\/20200127_JJPP-ARMENGOL.mp3\" target=\"_blank\" rel=\"noopener noreferrer\">\u00c0udio<\/a><\/li>\n<li><a href=\"http:\/\/www.psib-psoe.org\/wp-content\/uploads\/Senadors-IB-i-Can\u00e0ries.jpg\" target=\"_blank\" rel=\"noopener noreferrer\">Foto<\/a><\/li>\n<li><a href=\"http:\/\/www.psib-psoe.org\/wp-content\/uploads\/Susanna-Moll-1.pdf\" target=\"_blank\" rel=\"noopener noreferrer\">Proposici\u00f3 No de Llei<\/a><\/li>\n<\/ul>\n[\/vc_column_text][vc_empty_space height=&#8221;50px&#8221;][\/vc_column][\/vc_row]\n<\/div>","protected":false},"excerpt":{"rendered":"<p>[vc_row][vc_column][vc_single_image image=&#8221;24929&#8243; img_size=&#8221;full&#8221; alignment=&#8221;center&#8221;][\/vc_column][\/vc_row][vc_row][vc_column width=&#8221;1\/2&#8243;][vc_column_text] Avui el Batle de S\u00f3ller, Carlos Simarro, ha comunicat als portaveus de M\u00c9S, PSOE i PODEM la seva intenci\u00f3 de tirar endavant un Expedient de Regulaci\u00f3 Temporal d\u2019Ocupaci\u00f3 a l\u2019empresa p\u00fablica S\u00f3ller 2010, que afectaria els treballadors de l\u2019ORA i de l\u2019escoleta municipal. Els tres grups de l\u2019oposici\u00f3 (M\u00c9S, PSOE&hellip;<\/p>\n","protected":false},"author":4,"featured_media":24929,"comment_status":"open","ping_status":"open","sticky":false,"template":"","format":"standard","meta":{"footnotes":""},"categories":[90,92],"tags":[],"class_list":["post-25071","post","type-post","status-publish","format-standard","has-post-thumbnail","hentry","category-municipis","category-portada"],"_links":{"self":[{"href":"https:\/\/www.psib-psoe.org\/mallorca\/wp-json\/wp\/v2\/posts\/25071"}],"collection":[{"href":"https:\/\/www.psib-psoe.org\/mallorca\/wp-json\/wp\/v2\/posts"}],"about":[{"href":"https:\/\/www.psib-psoe.org\/mallorca\/wp-json\/wp\/v2\/types\/post"}],"author":[{"embeddable":true,"href":"https:\/\/www.psib-psoe.org\/mallorca\/wp-json\/wp\/v2\/users\/4"}],"replies":[{"embeddable":true,"href":"https:\/\/www.psib-psoe.org\/mallorca\/wp-json\/wp\/v2\/comments?post=25071"}],"version-history":[{"count":0,"href":"https:\/\/www.psib-psoe.org\/mallorca\/wp-json\/wp\/v2\/posts\/25071\/revisions"}],"wp:featuredmedia":[{"embeddable":true,"href":"https:\/\/www.psib-psoe.org\/mallorca\/wp-json\/wp\/v2\/media\/24929"}],"wp:attachment":[{"href":"https:\/\/www.psib-psoe.org\/mallorca\/wp-json\/wp\/v2\/media?parent=25071"}],"wp:term":[{"taxonomy":"category","embeddable":true,"href":"https:\/\/www.psib-psoe.org\/mallorca\/wp-json\/wp\/v2\/categories?post=25071"},{"taxonomy":"post_tag","embeddable":true,"href":"https:\/\/www.psib-psoe.org\/mallorca\/wp-json\/wp\/v2\/tags?post=25071"}],"curies":[{"name":"wp","href":"https:\/\/api.w.org\/{rel}","templated":true}]}}