{"id":25080,"date":"2020-03-26T11:28:58","date_gmt":"2020-03-26T09:28:58","guid":{"rendered":"http:\/\/www.psib-psoe.org\/mallorca\/la-normalitat-per-susanna-moll\/"},"modified":"2020-04-20T14:45:25","modified_gmt":"2020-04-20T12:45:25","slug":"la-normalitat-per-susanna-moll","status":"publish","type":"post","link":"https:\/\/www.psib-psoe.org\/mallorca\/la-normalitat-per-susanna-moll\/","title":{"rendered":"&#8220;La normalitat&#8221;, per Susanna Moll"},"content":{"rendered":"<div class=\"row wpb_row row-fluid img_noticia\">\n<div class=\"wpb_column columns small-12 medium-12 thb-dark-column\">\n<div class=\"vc_column-inner  \">\n<div class=\"wpb_wrapper\">\n<div class=\"wpb_single_image wpb_content_element vc_align_center  vc_custom_1585213821909\">\n<figure class=\"wpb_wrapper vc_figure\">\n<div class=\"vc_single_image-wrapper   vc_box_border_grey\"><img loading=\"lazy\" decoding=\"async\" width=\"1024\" height=\"769\" src=\"http:\/\/www.psib-psoe.org\/wp-content\/uploads\/susanna-moll-cosme-bonet-patricia-abascal-senat.jpeg\" class=\"vc_single_image-img attachment-full\" alt=\"\" \/><\/div>\n<\/figure><\/div>\n<\/div>\n<\/div>\n<\/div>\n<\/div>\n<div class=\"row wpb_row row-fluid intro full-width-row vc_custom_1558336094678\">\n<div class=\"col_izq wpb_column columns small-12 medium-12 thb-dark-column\">\n<div class=\"vc_column-inner  \">\n<div class=\"wpb_wrapper\">\n<div class=\"wpb_text_column wpb_content_element  \">\n<div class=\"wpb_wrapper\">\n<p><em><u>La nostra normalitat ha de canviar. El planeta tamb\u00e9 ho reclama: estam contaminant menys. Hem de canviar els h\u00e0bits. I ens hem de quedar amb el millor que ens ofereixen aquests dies: la solidaritat, la professionalitat, l\u2019altruisme, l\u2019ajuda m\u00fatua<\/u><\/em><\/p>\n<\/p><\/div><\/div>\n<\/div>\n<\/div>\n<\/div>\n<\/div>\n<div class=\"row wpb_row row-fluid full-width-row\">\n<div class=\"col_izq wpb_column columns small-12 medium-6 thb-dark-column\">\n<div class=\"vc_column-inner  \">\n<div class=\"wpb_wrapper\">\n<div class=\"wpb_text_column wpb_content_element  \">\n<div class=\"wpb_wrapper\">\n<p>Hi ha moments a la vida en qu\u00e8 les circumst\u00e0ncies et fan replantejar moltes coses, canviar h\u00e0bits, modificar prioritats. Moments individuals, normalment durs i inesperats, com una malaltia greu o la p\u00e8rdua d\u2019un \u00e9sser estimat. Llavors feim el nostre particular exercici de reflexi\u00f3, per\u00f2 sembla que el M\u00d3N, la resta de la gent, aliens a la nostra \u201ctransformaci\u00f3\u201d, segueix com sempre.<\/p>\n<p>Ara, de sobte, estam vivint aix\u00f2 mateix a nivell col\u00b7lectiu: les circumst\u00e0ncies ens obliguen a aturar-nos, a estar confinats i a mantenir un distanciament social. De sobte, ens adonam de les coses que s\u00f3n realment importants: la principal, una Sanitat P\u00fablica Universal que atengui tothom i que tengui els recursos necessaris per fer-ho, tant de personal com de material i infraestructures.<\/p>\n<\/p><\/div><\/div>\n<div class=\"vc_empty_space\" style=\"height: 32px\"><span class=\"vc_empty_space_inner\"><\/span><\/div>\n<div class=\"wpb_text_column wpb_content_element  \">\n<div class=\"wpb_wrapper\">\n<h4>De sobte, ens adonam de les coses que s\u00f3n realment importants: la principal, una Sanitat P\u00fablica Universal que atengui tothom i que tengui els recursos necessaris per fer-ho<\/h4>\n<\/p><\/div><\/div>\n<div class=\"vc_empty_space\" style=\"height: 32px\"><span class=\"vc_empty_space_inner\"><\/span><\/div>\n<div class=\"wpb_text_column wpb_content_element  \">\n<div class=\"wpb_wrapper\">\n<p>Evidentment, essent aquesta una crisi sanit\u00e0ria, els primers a respondre s\u00f3n tots els professionals sanitaris, que s\u2019estan deixant la pell cada dia per contenir la pand\u00e8mia i per cuidar i curar els malalts. Igualment necessari veim ara la inversi\u00f3 en investigaci\u00f3 cient\u00edfica, per trobar medicaments i vacunes.<\/p>\n<p>Per\u00f2 no menys important \u00e9s l\u2019Educaci\u00f3 p\u00fablica universal. I no estic parlant del fet que ara els pares i mares han de tenir els seus fills i filles a ca seva durant setmanes, fet que produeix di\u00e0riament diversos acudits a les xarxes socials. Estic parlant de l\u2019Educaci\u00f3 com a ascensor social i com a instrument per assolir equitat per a tothom.<\/p>\n<\/p><\/div><\/div>\n<div class=\"vc_empty_space\" style=\"height: 32px\"><span class=\"vc_empty_space_inner\"><\/span><\/div>\n<div class=\"wpb_text_column wpb_content_element  \">\n<div class=\"wpb_wrapper\">\n<h4>Per\u00f2 no menys important \u00e9s l\u2019Educaci\u00f3 p\u00fablica universal com a ascensor social i com a instrument per assolir equitat per a tothom<\/h4>\n<\/p><\/div><\/div>\n<div class=\"vc_empty_space\" style=\"height: 32px\"><span class=\"vc_empty_space_inner\"><\/span><\/div>\n<div class=\"wpb_text_column wpb_content_element  \">\n<div class=\"wpb_wrapper\">\n<p>Ens tornam a adonar que encara hi ha una desigualtat enorme entre alumnes que tenen acc\u00e9s a internet, recursos, materials i tamb\u00e9 pares i mares que tenen la possibilitat d\u2019ajudar als seus fills, llars amb llibres, amb ordinadors&#8230;, i infants que no disposen de res d\u2019aix\u00f2. Ens adonam que precisament el que lluita per suplir aquestes desigualtats d\u2019origen \u00e9s el nostre sistema educatiu i s\u00f3n els nostres docents, que ara estan desbordats intentant coordinar els seus alumnes a dist\u00e0ncia i a m\u00e9s estan preocupats per tots aquells alumnes amb m\u00e9s dificultats que poden quedar enrere.<\/p>\n<\/p><\/div><\/div>\n<div class=\"vc_empty_space\" style=\"height: 32px\"><span class=\"vc_empty_space_inner\"><\/span><\/div>\n<div class=\"wpb_text_column wpb_content_element  \">\n<div class=\"wpb_wrapper\">\n<h4>El que lluita per suplir aquestes desigualtats d\u2019origen s\u00f3n el nostre sistema educatiu i els docents, que estan desbordats intentant coordinar els alumnes a dist\u00e0ncia i preocupats per aquells amb m\u00e9s dificultats que poden quedar enrere<\/h4>\n<\/p><\/div><\/div>\n<div class=\"vc_empty_space\" style=\"height: 32px\"><span class=\"vc_empty_space_inner\"><\/span><\/div>\n<div class=\"wpb_text_column wpb_content_element  \">\n<div class=\"wpb_wrapper\">\n<p>Tamb\u00e9 alguns comen\u00e7aran a mirar amb altres ulls els professionals de les forces i cossos de seguretat, imprescindibles en aquesta crisi: des de muntar hospitals de campanya fins a haver d\u2019encal\u00e7ar els \u2013per sort pocs\u2013 \u201clistillos\u201d que es boten el confinament per fer <em>running<\/em> o passejar un peluix o comprar el pa a 4 quil\u00f2metres de ca seva. El v\u00eddeo de la policia local d\u2019Algaida que canta als infants \u201cEn Joan petit\u201d pels carrers del poble ha fet la volta al m\u00f3n. Aquest \u00e9s el model de Policia Local de Proximitat que necessitam!<\/p>\n<\/p><\/div><\/div>\n<\/div>\n<\/div>\n<\/div>\n<div class=\"col_dcha wpb_column columns small-12 medium-6 thb-dark-column\">\n<div class=\"vc_column-inner  \">\n<div class=\"wpb_wrapper\">\n<div class=\"wpb_text_column wpb_content_element  \">\n<div class=\"wpb_wrapper\">\n<p>I n\u2019hi ha que hauran apr\u00e8s a respectar tots els treballadors i treballadores, sigui quina sigui la seva feina: qui parlava despectivament de certa ministra, anomenant-la \u201cexcajera\u201d potser ara sap apreciar millor que tots els treballs s\u00f3n importants: qu\u00e8 far\u00edem sense tots els prove\u00efdors d\u2019aliments i productes b\u00e0sics, sense les persones que ens els venen, sense els transportistes, elpersonal de neteja, el de manteniment&#8230;? Alguns han descobert ara la possibilitat de rebre a ca seva fruites i verdures de temporada del nostre camp. Aix\u00f2 \u00e9s un canvi d\u2019h\u00e0bits de consum i d\u2019alimentaci\u00f3 molt saludable.<\/p>\n<\/p><\/div><\/div>\n<div class=\"vc_empty_space\" style=\"height: 32px\"><span class=\"vc_empty_space_inner\"><\/span><\/div>\n<div class=\"wpb_text_column wpb_content_element  \">\n<div class=\"wpb_wrapper\">\n<h4>Qu\u00e8 far\u00edem sense tots els prove\u00efdors d\u2019aliments i productes b\u00e0sics, sense les persones que ens els venen, sense els transportistes, el personal de neteja, el de manteniment&#8230;?<\/h4>\n<\/p><\/div><\/div>\n<div class=\"vc_empty_space\" style=\"height: 32px\"><span class=\"vc_empty_space_inner\"><\/span><\/div>\n<div class=\"wpb_text_column wpb_content_element  \">\n<div class=\"wpb_wrapper\">\n<p>Per altra banda tornam a apreciar moltes coses que per falta de temps, per la rutina i l\u2019estr\u00e8s del dia a dia potser hem descuidat una mica: el contacte amb la fam\u00edlia, amb els amics&#8230; l\u2019exercici f\u00edsic,&#8230; ara que n\u2019estam privats, tot aix\u00f2 ens sembla imprescindible. I recuperam el gust (i el temps) per la m\u00fasica, les arts, la lectura&#8230; I les activitats amb els nostres fills: fer pastissos, plastilina, jocs de taula, veure plegats una pel\u00b7l\u00edcula&#8230; Ahir pensava que a molts infants, quan recordin aquests dies d\u2019aqu\u00ed a uns anys, els semblar\u00e0 la millor \u00e8poca de la seva inf\u00e0ncia: quan m\u00e9s temps passaven amb ells els seus pares.<\/p>\n<\/p><\/div><\/div>\n<div class=\"vc_empty_space\" style=\"height: 32px\"><span class=\"vc_empty_space_inner\"><\/span><\/div>\n<div class=\"wpb_text_column wpb_content_element  \">\n<div class=\"wpb_wrapper\">\n<h4>Molts infants, quan recordin aquests dies d\u2019aqu\u00ed a uns anys, els semblar\u00e0 la millor \u00e8poca de la seva inf\u00e0ncia: quan m\u00e9s temps passaven amb ells els seus pares<\/h4>\n<\/p><\/div><\/div>\n<div class=\"vc_empty_space\" style=\"height: 32px\"><span class=\"vc_empty_space_inner\"><\/span><\/div>\n<div class=\"wpb_text_column wpb_content_element  \">\n<div class=\"wpb_wrapper\">\n<p>\u00c9s cert que no he parlat del greu problema econ\u00f2mic i laboral que aquesta crisi produeix a moltes fam\u00edlies, i que hem de fer esfor\u00e7os enormes perqu\u00e8 ning\u00fa no quedi enrere en sortir-ne. I evidentment, el m\u00e9s greu: la p\u00e8rdua de vides humanes, de fam\u00edlies que han de patir la p\u00e8rdua d\u2019algun dels seus membres. Per\u00f2 crec que no podem sortir d\u2019aquesta pand\u00e8mia i continuar igual que abans.<\/p>\n<\/p><\/div><\/div>\n<div class=\"vc_empty_space\" style=\"height: 32px\"><span class=\"vc_empty_space_inner\"><\/span><\/div>\n<div class=\"wpb_text_column wpb_content_element  \">\n<div class=\"wpb_wrapper\">\n<h4>Crec que no podem sortir d\u2019aquesta pand\u00e8mia i continuar igual que abans, i si aconseguim aturar-nos a reflexionar, sortirem d\u2019aquesta crisi refor\u00e7ats com a persones i com a comunitat<\/h4>\n<\/p><\/div><\/div>\n<div class=\"vc_empty_space\" style=\"height: 32px\"><span class=\"vc_empty_space_inner\"><\/span><\/div>\n<div class=\"wpb_text_column wpb_content_element  \">\n<div class=\"wpb_wrapper\">\n<p>Fa uns dies vaig llegir una d\u2019aquestes frases que ara circulen molt: No tornarem a la normalitat perqu\u00e8 la normalitat era el problema. La nostra normalitat ha de canviar. El planeta tamb\u00e9 ho reclama: estam contaminant menys. Hem de canviar els h\u00e0bits. I ens hem de quedar amb el millor que ens ofereixen aquests dies: la solidaritat, la professionalitat, l\u2019altruisme, l\u2019ajuda m\u00fatua. Vull donar les gr\u00e0cies a tota la gent que ens est\u00e0 donant aquest exemple des de qualsevol \u00e0mbit.<\/p>\n<p>Si aconseguim aturar-nos a reflexionar, sortirem d\u2019aquesta crisi refor\u00e7ats com a persones i com a comunitat.<\/p>\n<\/p><\/div><\/div>\n<div class=\"vc_empty_space\" style=\"height: 32px\"><span class=\"vc_empty_space_inner\"><\/span><\/div>\n<div class=\"wpb_text_column wpb_content_element  \">\n<div class=\"wpb_wrapper\">\n<p><strong>Susanna Moll Kammerich<\/strong><br \/>\n<strong>Senadora del PSIB-PSOE per Mallorca<\/strong><\/p>\n<\/p><\/div><\/div>\n<\/div>\n<\/div>\n<\/div>\n<\/div>\n<p>Source: Actualitat Fedaraci\u00f3 Mallorca<\/p>\n","protected":false},"excerpt":{"rendered":"<p>La nostra normalitat ha de canviar. El planeta tamb\u00e9 ho reclama: estam contaminant menys. Hem de canviar els h\u00e0bits. I ens hem de quedar amb el millor que ens ofereixen aquests dies: la solidaritat, la professionalitat, l\u2019altruisme, l\u2019ajuda m\u00fatua Hi ha moments a la vida en qu\u00e8 les circumst\u00e0ncies et fan replantejar moltes coses, canviar&hellip;<\/p>\n","protected":false},"author":1,"featured_media":25081,"comment_status":"closed","ping_status":"open","sticky":false,"template":"","format":"standard","meta":{"footnotes":""},"categories":[2,113,92],"tags":[111,77,112,110],"class_list":["post-25080","post","type-post","status-publish","format-standard","has-post-thumbnail","hentry","category-federacio-de-mallorca","category-opinio","category-portada","tag-covid19","tag-federacio-socialista-de-mallorca","tag-senat","tag-susanna-moll"],"_links":{"self":[{"href":"https:\/\/www.psib-psoe.org\/mallorca\/wp-json\/wp\/v2\/posts\/25080"}],"collection":[{"href":"https:\/\/www.psib-psoe.org\/mallorca\/wp-json\/wp\/v2\/posts"}],"about":[{"href":"https:\/\/www.psib-psoe.org\/mallorca\/wp-json\/wp\/v2\/types\/post"}],"author":[{"embeddable":true,"href":"https:\/\/www.psib-psoe.org\/mallorca\/wp-json\/wp\/v2\/users\/1"}],"replies":[{"embeddable":true,"href":"https:\/\/www.psib-psoe.org\/mallorca\/wp-json\/wp\/v2\/comments?post=25080"}],"version-history":[{"count":0,"href":"https:\/\/www.psib-psoe.org\/mallorca\/wp-json\/wp\/v2\/posts\/25080\/revisions"}],"wp:featuredmedia":[{"embeddable":true,"href":"https:\/\/www.psib-psoe.org\/mallorca\/wp-json\/wp\/v2\/media\/25081"}],"wp:attachment":[{"href":"https:\/\/www.psib-psoe.org\/mallorca\/wp-json\/wp\/v2\/media?parent=25080"}],"wp:term":[{"taxonomy":"category","embeddable":true,"href":"https:\/\/www.psib-psoe.org\/mallorca\/wp-json\/wp\/v2\/categories?post=25080"},{"taxonomy":"post_tag","embeddable":true,"href":"https:\/\/www.psib-psoe.org\/mallorca\/wp-json\/wp\/v2\/tags?post=25080"}],"curies":[{"name":"wp","href":"https:\/\/api.w.org\/{rel}","templated":true}]}}