{"id":25104,"date":"2020-03-31T17:50:46","date_gmt":"2020-03-31T15:50:46","guid":{"rendered":"http:\/\/www.psib-psoe.org\/mallorca\/?p=25104"},"modified":"2020-03-31T17:50:46","modified_gmt":"2020-03-31T15:50:46","slug":"alcover-critica-pp-noticies-falses","status":"publish","type":"post","link":"https:\/\/www.psib-psoe.org\/mallorca\/alcover-critica-pp-noticies-falses\/","title":{"rendered":"Alcover critica que el Partit Popular difongui not\u00edcies falses sobre l\u2019estat del poliesportiu de Sant Ferran \u2018per crear crispaci\u00f3 i intranquil\u00b7litat\u2019"},"content":{"rendered":"<div class=\"wpb-content-wrapper\">[vc_row el_class=&#8221;img_noticia&#8221;][vc_column][vc_single_image image=&#8221;24959&#8243; img_size=&#8221;full&#8221;][vc_empty_space height=&#8221;50px&#8221;][\/vc_column][\/vc_row][vc_row][vc_column][vc_btn title=&#8221;\u00c0udio Andreu Alcover&#8221; style=&#8221;outline-custom&#8221; outline_custom_color=&#8221;#e30613&#8243; outline_custom_hover_background=&#8221;#e30613&#8243; outline_custom_hover_text=&#8221;#ffffff&#8221; shape=&#8221;square&#8221; align=&#8221;center&#8221; link=&#8221;url:http%3A%2F%2Fwww.psib-psoe.org%2Fmallorca%2Fwp-content%2Fuploads%2F31-3-2020-Andreu-Alcover-online-audio-converter.com_.mp3||target:%20_blank|&#8221;][\/vc_column][\/vc_row][vc_row el_class=&#8221;intro&#8221;][vc_column][vc_column_text]<i><span style=\"font-weight: 400;\">Lloren\u00e7 Galm\u00e9s ha creuat una l\u00ednia que mai hauria d\u2019haver traspassat<\/span><\/i>[\/vc_column_text][\/vc_column][\/vc_row][vc_row][vc_column width=&#8221;1\/2&#8243;][vc_column_text]<span style=\"font-weight: 400;\">El portaveu del Grup Socialista del Consell de Mallorca, Andreu Alcover, ha criticat aquest dimarts que el Partit Popular difongu\u00e9s una not\u00edcia falsa, quant a l\u2019estat del poliesportiu de Sant Ferran, amb l\u2019objectiu de crear crispaci\u00f3 i intranquil\u00b7litat.\u00a0 A dia d\u2019avui, el centre acull a 50 persones sense sostre per a protegir-les del COVID-19 i no hi ha cap perill de contagi per legionel\u00b7la.\u00a0<\/span><\/p>\n<p>&nbsp;<\/p>\n<p><span style=\"font-weight: 400;\">D\u2019aquesta manera, Alcover ha expressat que \u201cno s&#8217;ent\u00e9n com un partit pol\u00edtic pot aprofitar la situaci\u00f3 actual per fer pol\u00edtica amb un tema que no s\u2019hauria d\u2019haver fet\u201d. A m\u00e9s, el portaveu socialista ha demanat al PP que \u201ctransmeti les seves informacions amb rigor i no posat nerviosisme en uns usuaris, que com la resta de societat, no en necessita\u201d. Ha afegit que \u201cel senyor Galm\u00e9s ha passat una l\u00ednia de moralitat que no hauria d\u2019haver passat\u201d.<\/span><\/p>\n[\/vc_column_text][\/vc_column][vc_column width=&#8221;1\/2&#8243;][vc_column_text]<span style=\"font-weight: 400;\">Aix\u00ed, Alcover ha indicat que &#8220;si el PP hagu\u00e9s tingut dubtes reals de si el poliesportiu tingu\u00e9s legionel\u00b7la o no, nom\u00e9s hauria d&#8217;haver-ho demanat al Consell de Mallorca i els hagueren contestat que no n\u2019hi ha hagut ni tampoc n\u2019hi ha ara\u201d.\u00a0 El portaveu socialista ha fet esment que \u201cno ent\u00e9n l\u2019oposici\u00f3 que est\u00e0 fent el PP i que ara \u00e9s un moment per tirar tots del carro i no posar pals a les rodes\u201d.<\/span><\/p>\n<p><span style=\"font-weight: 400;\">\u00a0<\/span><\/p>\n<p><span style=\"font-weight: 400;\">Cal recordar que, el passat dissabte 28 de mar\u00e7, representants del Partit Popular varen expressar per les xarxes socials que el Govern de les Illes Balears estava utilitzant \u2018propaganda pol\u00edtica del PSIB-PSOE\u2019. Va quedar demostrat que la dreta va modificar el cartell oficial del Govern per treure un r\u00e8dit pol\u00edtic.<\/span><\/p>\n[\/vc_column_text][\/vc_column][\/vc_row]\n<\/div>","protected":false},"excerpt":{"rendered":"<p>[vc_row el_class=&#8221;img_noticia&#8221;][vc_column][vc_single_image image=&#8221;24959&#8243; img_size=&#8221;full&#8221;][vc_empty_space height=&#8221;50px&#8221;][\/vc_column][\/vc_row][vc_row][vc_column][vc_btn title=&#8221;\u00c0udio Andreu Alcover&#8221; style=&#8221;outline-custom&#8221; outline_custom_color=&#8221;#e30613&#8243; outline_custom_hover_background=&#8221;#e30613&#8243; outline_custom_hover_text=&#8221;#ffffff&#8221; shape=&#8221;square&#8221; align=&#8221;center&#8221; link=&#8221;url:http%3A%2F%2Fwww.psib-psoe.org%2Fmallorca%2Fwp-content%2Fuploads%2F31-3-2020-Andreu-Alcover-online-audio-converter.com_.mp3||target:%20_blank|&#8221;][\/vc_column][\/vc_row][vc_row el_class=&#8221;intro&#8221;][vc_column][vc_column_text]Lloren\u00e7 Galm\u00e9s ha creuat una l\u00ednia que mai hauria d\u2019haver traspassat[\/vc_column_text][\/vc_column][\/vc_row][vc_row][vc_column width=&#8221;1\/2&#8243;][vc_column_text]El portaveu del Grup Socialista del Consell de Mallorca, Andreu Alcover, ha criticat aquest dimarts que el Partit Popular difongu\u00e9s una not\u00edcia falsa, quant a l\u2019estat del poliesportiu de&hellip;<\/p>\n","protected":false},"author":1,"featured_media":24959,"comment_status":"open","ping_status":"open","sticky":false,"template":"","format":"standard","meta":{"footnotes":""},"categories":[89,92],"tags":[],"class_list":["post-25104","post","type-post","status-publish","format-standard","has-post-thumbnail","hentry","category-consell-de-mallorca","category-portada"],"_links":{"self":[{"href":"https:\/\/www.psib-psoe.org\/mallorca\/wp-json\/wp\/v2\/posts\/25104"}],"collection":[{"href":"https:\/\/www.psib-psoe.org\/mallorca\/wp-json\/wp\/v2\/posts"}],"about":[{"href":"https:\/\/www.psib-psoe.org\/mallorca\/wp-json\/wp\/v2\/types\/post"}],"author":[{"embeddable":true,"href":"https:\/\/www.psib-psoe.org\/mallorca\/wp-json\/wp\/v2\/users\/1"}],"replies":[{"embeddable":true,"href":"https:\/\/www.psib-psoe.org\/mallorca\/wp-json\/wp\/v2\/comments?post=25104"}],"version-history":[{"count":0,"href":"https:\/\/www.psib-psoe.org\/mallorca\/wp-json\/wp\/v2\/posts\/25104\/revisions"}],"wp:featuredmedia":[{"embeddable":true,"href":"https:\/\/www.psib-psoe.org\/mallorca\/wp-json\/wp\/v2\/media\/24959"}],"wp:attachment":[{"href":"https:\/\/www.psib-psoe.org\/mallorca\/wp-json\/wp\/v2\/media?parent=25104"}],"wp:term":[{"taxonomy":"category","embeddable":true,"href":"https:\/\/www.psib-psoe.org\/mallorca\/wp-json\/wp\/v2\/categories?post=25104"},{"taxonomy":"post_tag","embeddable":true,"href":"https:\/\/www.psib-psoe.org\/mallorca\/wp-json\/wp\/v2\/tags?post=25104"}],"curies":[{"name":"wp","href":"https:\/\/api.w.org\/{rel}","templated":true}]}}