{"id":25154,"date":"2020-04-07T13:46:28","date_gmt":"2020-04-07T11:46:28","guid":{"rendered":"http:\/\/www.psib-psoe.org\/mallorca\/?p=25154"},"modified":"2020-04-07T13:46:28","modified_gmt":"2020-04-07T11:46:28","slug":"el-psib-psoe-valora-molt-positivament-que-el-consell-destini-totes-les-armes-que-estan-al-seu-abast-a-la-guerra-contra-el-coronavirus","status":"publish","type":"post","link":"https:\/\/www.psib-psoe.org\/mallorca\/el-psib-psoe-valora-molt-positivament-que-el-consell-destini-totes-les-armes-que-estan-al-seu-abast-a-la-guerra-contra-el-coronavirus\/","title":{"rendered":"El PSIB-PSOE valora molt positivament que el Consell destini \u201ctotes les armes que estan al seu abast a la guerra contra el Coronavirus\u201d"},"content":{"rendered":"<div class=\"wpb-content-wrapper\">[vc_row][vc_column][vc_single_image image=&#8221;24925&#8243; img_size=&#8221;full&#8221; alignment=&#8221;center&#8221;][\/vc_column][\/vc_row][vc_row][vc_column][vc_column_text]<em><u>Andreu Alcover: \u201cLa bona gesti\u00f3 econ\u00f2mica i la prud\u00e8ncia amb els recursos p\u00fablics del Consell de Mallorca fa que afrontem aquesta guerra amb certes garanties\u201d<\/u><\/em>[\/vc_column_text][\/vc_column][\/vc_row][vc_row][vc_column width=&#8221;1\/2&#8243;][vc_column_text]El ple del Consell de Mallorca ha aprovat l\u2019habilitaci\u00f3 de gaireb\u00e9 5 milions d\u2019euros per fer front a les primeres necessitats derivades de la pand\u00e8mia del coronavirus. Una iniciativa que el portaveu del Grup Socialista a la instituci\u00f3, Andreu Alcover, ha valorat molt positivament perqu\u00e8 \u201cen aquesta guerra contra el coronavirus hem d\u2019emprar totes les armes que estan al nostre abast, i aquesta \u00e9s una\u201d.<\/p>\n<p>D\u2019aquesta manera, Alcover ha apostat per \u201cenfocar tots els recursos disponibles a combatre la crisi sanit\u00e0ria, com s\u2019est\u00e0 fent tamb\u00e9 destinant als serveis socials els recursos recuperats de casos de corrupci\u00f3\u201d.<\/p>\n<p>El portaveu socialista ha fet una defensa de la \u201cfeina impecable\u201d que est\u00e0 fent l\u2019Institut Mallorqu\u00ed d\u2019Afers Socials en l\u2019etapa actual, ja que \u201cs\u2019ha desfet per atendre els seus usuaris i els que venien d\u2019altres llocs, habilitant el Poliesportiu de Sant Ferran i de l\u2019Hip\u00f2drom de Son Pardo per atendre a persones en situaci\u00f3 de vulnerabilitat extrema\u201d.<\/p>\n<p>Ara b\u00e9, Alcover tamb\u00e9 s\u2019ha mostrat partidari de \u201cplanificar l\u2019etapa posterior a la crisi sanit\u00e0ria, que ser\u00e0 inevitable\u201d. En aquest sentit, el portaveu del Grup Socialista s\u2019ha mostrat favorable a qu\u00e8 els ajuntaments i les entitats locals \u201ctamb\u00e9 han de poder invertir tot el seu super\u00e0vit, com hem reclamat des de fa anys des del Partit Socialista\u201d.[\/vc_column_text][\/vc_column][vc_column width=&#8221;1\/2&#8243;][vc_column_text]D\u2019aquesta manera, el Grup Socialista ha votat a favor de destinar gaireb\u00e9 5 milions d\u2019euros a refor\u00e7ar els serveis socials, els bombers de Mallorca, la lluita contra la viol\u00e8ncia masclista i la desinfecci\u00f3 de les instal\u00b7lacions del Consell. \u201cS\u00f3n recursos per fer front a una primera onada de problemes i estan m\u00e9s que justificats, per la qual cosa no podem entendre que algun grup no hi estigui a favor, perqu\u00e8 ning\u00fa entendria que no destin\u00e9ssim tot el que tenim al nostre abast contra una crisi sanit\u00e0ria que despr\u00e9s ser\u00e0 econ\u00f2mica\u201d.<\/p>\n<p>Per aix\u00f2, Alcover ha insistit en traslladar tot el suport del Grup Socialista a la gesti\u00f3 que est\u00e0 fent del COVID19 tant a l\u2019equip de govern del Consell com a l\u2019Institut Mallorqu\u00ed d\u2019Afers Socials.<\/p>\n<p>D\u2019altra banda, el ple del Consell de Mallorca tamb\u00e9 ha aprovat la liquidaci\u00f3 del pressupost del 2019, la qual Alcover ha qualificat d\u2019\u201dimpecable des del punt de vista que tot l\u2019entramat institucional del Consell est\u00e0 en romanent de tresoreria positiu, la qual cosa ens permet afrontar aquesta guerra amb certes garanties, demostrant aix\u00ed una bona gesti\u00f3 prudent dels recursos p\u00fablics\u201d.[\/vc_column_text][\/vc_column][\/vc_row]\n<\/div>","protected":false},"excerpt":{"rendered":"<p>[vc_row][vc_column][vc_single_image image=&#8221;24925&#8243; img_size=&#8221;full&#8221; alignment=&#8221;center&#8221;][\/vc_column][\/vc_row][vc_row][vc_column][vc_column_text]Andreu Alcover: \u201cLa bona gesti\u00f3 econ\u00f2mica i la prud\u00e8ncia amb els recursos p\u00fablics del Consell de Mallorca fa que afrontem aquesta guerra amb certes garanties\u201d[\/vc_column_text][\/vc_column][\/vc_row][vc_row][vc_column width=&#8221;1\/2&#8243;][vc_column_text]El ple del Consell de Mallorca ha aprovat l\u2019habilitaci\u00f3 de gaireb\u00e9 5 milions d\u2019euros per fer front a les primeres necessitats derivades de la pand\u00e8mia del coronavirus.&hellip;<\/p>\n","protected":false},"author":4,"featured_media":24925,"comment_status":"open","ping_status":"open","sticky":false,"template":"","format":"standard","meta":{"footnotes":""},"categories":[89,92],"tags":[],"class_list":["post-25154","post","type-post","status-publish","format-standard","has-post-thumbnail","hentry","category-consell-de-mallorca","category-portada"],"_links":{"self":[{"href":"https:\/\/www.psib-psoe.org\/mallorca\/wp-json\/wp\/v2\/posts\/25154"}],"collection":[{"href":"https:\/\/www.psib-psoe.org\/mallorca\/wp-json\/wp\/v2\/posts"}],"about":[{"href":"https:\/\/www.psib-psoe.org\/mallorca\/wp-json\/wp\/v2\/types\/post"}],"author":[{"embeddable":true,"href":"https:\/\/www.psib-psoe.org\/mallorca\/wp-json\/wp\/v2\/users\/4"}],"replies":[{"embeddable":true,"href":"https:\/\/www.psib-psoe.org\/mallorca\/wp-json\/wp\/v2\/comments?post=25154"}],"version-history":[{"count":0,"href":"https:\/\/www.psib-psoe.org\/mallorca\/wp-json\/wp\/v2\/posts\/25154\/revisions"}],"wp:featuredmedia":[{"embeddable":true,"href":"https:\/\/www.psib-psoe.org\/mallorca\/wp-json\/wp\/v2\/media\/24925"}],"wp:attachment":[{"href":"https:\/\/www.psib-psoe.org\/mallorca\/wp-json\/wp\/v2\/media?parent=25154"}],"wp:term":[{"taxonomy":"category","embeddable":true,"href":"https:\/\/www.psib-psoe.org\/mallorca\/wp-json\/wp\/v2\/categories?post=25154"},{"taxonomy":"post_tag","embeddable":true,"href":"https:\/\/www.psib-psoe.org\/mallorca\/wp-json\/wp\/v2\/tags?post=25154"}],"curies":[{"name":"wp","href":"https:\/\/api.w.org\/{rel}","templated":true}]}}