{"id":25186,"date":"2019-05-26T10:03:16","date_gmt":"2019-05-26T08:03:16","guid":{"rendered":"http:\/\/www.psib-psoe.org\/mallorca\/francina-armengol-demana-a-tothom-que-participi-amb-illusio-amb-forca-i-amb-ganes-daquesta-jornada-electoral\/"},"modified":"2019-05-26T10:03:16","modified_gmt":"2019-05-26T08:03:16","slug":"francina-armengol-demana-a-tothom-que-participi-amb-illusio-amb-forca-i-amb-ganes-daquesta-jornada-electoral","status":"publish","type":"post","link":"https:\/\/www.psib-psoe.org\/mallorca\/francina-armengol-demana-a-tothom-que-participi-amb-illusio-amb-forca-i-amb-ganes-daquesta-jornada-electoral\/","title":{"rendered":"Francina Armengol demana a tothom que participi \u201camb il\u00b7lusi\u00f3, amb for\u00e7a i amb ganes d\u2019aquesta jornada electoral\u201d"},"content":{"rendered":"<div class=\"row wpb_row row-fluid img_noticia\">\n<div class=\"wpb_column columns small-12 medium-12 thb-dark-column\">\n<div class=\"vc_column-inner  \">\n<div class=\"wpb_wrapper\">\n<div class=\"wpb_single_image wpb_content_element vc_align_center  vc_custom_1558861289990\">\n<figure class=\"wpb_wrapper vc_figure\">\n<div class=\"vc_single_image-wrapper   vc_box_border_grey\"><img loading=\"lazy\" decoding=\"async\" width=\"1000\" height=\"898\" src=\"https:\/\/www.psib-psoe.org\/wp-content\/uploads\/FAS-Votant-maig-2019.jpg\" class=\"vc_single_image-img attachment-full\" alt=\"\" \/><\/div>\n<\/figure><\/div>\n<\/div>\n<\/div>\n<\/div>\n<\/div>\n<div class=\"row wpb_row row-fluid intro full-width-row vc_custom_1558336094678\">\n<div class=\"col_izq wpb_column columns small-12 medium-12 thb-dark-column\">\n<div class=\"vc_column-inner  \">\n<div class=\"wpb_wrapper\">\n<div class=\"wpb_text_column wpb_content_element  \">\n<div class=\"wpb_wrapper\">\n<p><em><u>La candidata socialista al Govern ha votat a les 10:15 hores del mat\u00ed al col\u00b7legi Sant Felip Neri de Palma<\/u><\/em><\/p>\n<\/p><\/div><\/div>\n<\/div>\n<\/div>\n<\/div>\n<\/div>\n<div class=\"row wpb_row row-fluid full-width-row\">\n<div class=\"col_izq wpb_column columns small-12 medium-6 thb-dark-column\">\n<div class=\"vc_column-inner  \">\n<div class=\"wpb_wrapper\">\n<div class=\"wpb_text_column wpb_content_element  \">\n<div class=\"wpb_wrapper\">\n<p>La candidata del PSIB-PSOE al Govern de les Illes Balears, Francina Armengol, ha votat al voltant de les 10:15 hores al Col\u00b7legi Sant Felip Neri de Palma, on ha explicat que \u201cdespr\u00e9s d\u2019una campanya intensa, emocionant i il\u00b7lusionant ha arribat el dia clau perqu\u00e8 els ciutadans i ciutadanes decideixin cada un dels ajuntaments, els Consells Insulars, el Govern de les Illes Balears i el Parlament Europeu\u201d.<\/p>\n<p>En aquest sentit, Armengol ha demanat una \u201cmobilitzaci\u00f3 massiva i que la gent participi amb il\u00b7lusi\u00f3, amb for\u00e7a i amb ganes en aquesta jornada electoral\u201d.<\/p>\n<\/p><\/div><\/div>\n<\/div>\n<\/div>\n<\/div>\n<div class=\"col_dcha wpb_column columns small-12 medium-6 thb-dark-column\">\n<div class=\"vc_column-inner  \">\n<div class=\"wpb_wrapper\">\n<div class=\"wpb_text_column wpb_content_element  \">\n<div class=\"wpb_wrapper\">\n<p>La candidata socialista ha aprofitat tamb\u00e9 per expressar el seu agra\u00efment a la gent que est\u00e0 a les meses i col\u00b7legis electorals \u201cper tota la feina que fa possible un dia com avui\u201d.<\/p>\n<p>Armengol seguir\u00e0 la nit electoral des de la seu del PSIB-PSOE al carrer Miracle de Palma.<\/p>\n<\/p><\/div><\/div>\n<\/div>\n<\/div>\n<\/div>\n<\/div>\n<p>Source: Actualitat Fedaraci\u00f3 Mallorca<\/p>\n","protected":false},"excerpt":{"rendered":"<p>La candidata socialista al Govern ha votat a les 10:15 hores del mat\u00ed al col\u00b7legi Sant Felip Neri de Palma La candidata del PSIB-PSOE al Govern de les Illes Balears, Francina Armengol, ha votat al voltant de les 10:15 hores al Col\u00b7legi Sant Felip Neri de Palma, on ha explicat que \u201cdespr\u00e9s d\u2019una campanya intensa,&hellip;<\/p>\n","protected":false},"author":1,"featured_media":25187,"comment_status":"false","ping_status":"open","sticky":false,"template":"","format":"standard","meta":{"footnotes":""},"categories":[2],"tags":[77],"class_list":["post-25186","post","type-post","status-publish","format-standard","has-post-thumbnail","hentry","category-federacio-de-mallorca","tag-federacio-socialista-de-mallorca"],"_links":{"self":[{"href":"https:\/\/www.psib-psoe.org\/mallorca\/wp-json\/wp\/v2\/posts\/25186"}],"collection":[{"href":"https:\/\/www.psib-psoe.org\/mallorca\/wp-json\/wp\/v2\/posts"}],"about":[{"href":"https:\/\/www.psib-psoe.org\/mallorca\/wp-json\/wp\/v2\/types\/post"}],"author":[{"embeddable":true,"href":"https:\/\/www.psib-psoe.org\/mallorca\/wp-json\/wp\/v2\/users\/1"}],"replies":[{"embeddable":true,"href":"https:\/\/www.psib-psoe.org\/mallorca\/wp-json\/wp\/v2\/comments?post=25186"}],"version-history":[{"count":0,"href":"https:\/\/www.psib-psoe.org\/mallorca\/wp-json\/wp\/v2\/posts\/25186\/revisions"}],"wp:featuredmedia":[{"embeddable":true,"href":"https:\/\/www.psib-psoe.org\/mallorca\/wp-json\/wp\/v2\/media\/25187"}],"wp:attachment":[{"href":"https:\/\/www.psib-psoe.org\/mallorca\/wp-json\/wp\/v2\/media?parent=25186"}],"wp:term":[{"taxonomy":"category","embeddable":true,"href":"https:\/\/www.psib-psoe.org\/mallorca\/wp-json\/wp\/v2\/categories?post=25186"},{"taxonomy":"post_tag","embeddable":true,"href":"https:\/\/www.psib-psoe.org\/mallorca\/wp-json\/wp\/v2\/tags?post=25186"}],"curies":[{"name":"wp","href":"https:\/\/api.w.org\/{rel}","templated":true}]}}