{"id":25315,"date":"2020-04-30T17:23:10","date_gmt":"2020-04-30T15:23:10","guid":{"rendered":"http:\/\/www.psib-psoe.org\/mallorca\/?p=25315"},"modified":"2021-02-05T11:36:40","modified_gmt":"2021-02-05T09:36:40","slug":"sentencia-tunel-soller","status":"publish","type":"post","link":"https:\/\/www.psib-psoe.org\/mallorca\/sentencia-tunel-soller\/","title":{"rendered":"El PSIB-PSOE reivindica el rescat del T\u00fanel de S\u00f3ller i insta el Consell de Mallorca a rec\u00f3rrer la sent\u00e8ncia"},"content":{"rendered":"<div class=\"wpb-content-wrapper\">[vc_row][vc_column][vc_single_image image=&#8221;24966&#8243; img_size=&#8221;full&#8221; alignment=&#8221;center&#8221;][\/vc_column][\/vc_row][vc_row][vc_column][vc_raw_html]JTNDaWZyYW1lJTIwaWQlM0QlMjdhdWRpb181MDU4Njc1MyUyNyUyMGZyYW1lYm9yZGVyJTNEJTI3MCUyNyUyMGFsbG93ZnVsbHNjcmVlbiUzRCUyNyUyNyUyMHNjcm9sbGluZyUzRCUyN25vJTI3JTIwaGVpZ2h0JTNEJTI3MjAwJTI3JTIwc3R5bGUlM0QlMjdib3JkZXIlM0ExcHglMjBzb2xpZCUyMCUyM0VFRSUzQiUyMGJveC1zaXppbmclM0Fib3JkZXItYm94JTNCJTIwd2lkdGglM0ExMDAlMjUlM0IlMjclMjBzcmMlM0QlMjJodHRwcyUzQSUyRiUyRnd3dy5pdm9veC5jb20lMkZwbGF5ZXJfZWpfNTA1ODY3NTNfNF8xLmh0bWwlM0ZjMSUzRGZmNjYwMCUyMiUzRSUzQyUyRmlmcmFtZSUzRQ==[\/vc_raw_html][\/vc_column][\/vc_row][vc_row][vc_column][vc_column_text]<em><u>Alcover ha defensat la legitimitat de la mesura presa en el seu dia pel Consell de Mallorca, recordant que no es tracta d\u2019una sent\u00e8ncia ferma i que per tant es pot rec\u00f3rrer<\/u><\/em>[\/vc_column_text][\/vc_column][\/vc_row][vc_row][vc_column width=&#8221;1\/2&#8243;][vc_column_text]\n<div class=\"wpb_column columns small-12 medium-6 thb-dark-column\">\n<div class=\"vc_column-inner \">\n<div class=\"wpb_wrapper\">\n<div class=\"wpb_text_column wpb_content_element \">\n<div class=\"wpb_wrapper\">\n<p>Els Socialistes de Mallorca insten el Consell de Mallorca a rec\u00f3rrer la sent\u00e8ncia del T\u00fanel de S\u00f3ller que s\u2019ha donat a con\u00e8ixer avui i anul\u00b7la el rescat de la concessi\u00f3 del t\u00fanel.<\/p>\n<p>Aix\u00ed ho ha demanat el portaveu del grup socialista al Consell de Mallorca, Andreu Alcover, que ha recordat, \u201cdes del respecte cap a la decisi\u00f3 judicial\u201d, que \u201cno \u00e9s una sent\u00e8ncia ferma, i per tant es pot rec\u00f3rrer\u201d.<\/p>\n<p>Alcover ha reafirmat la postura del PSIB-PSOE pel que fa al rescat d\u2019aquesta infraestructura i el convenciment del partit que \u201ces tracta d\u2019una mesura molt positiva tant des d\u2019un punt de vista econ\u00f2mic com social\u201d.<\/p>\n<p>&nbsp;<\/p>\n<p>&nbsp;<\/p>\n<\/div>\n<\/div>\n<\/div>\n<\/div>\n<\/div>\n[\/vc_column_text][\/vc_column][vc_column width=&#8221;1\/2&#8243;][vc_column_text]\u201cEn el seu dia el Consell Insular va prendre una decisi\u00f3 de manera leg\u00edtima\u201d ha afirmat Alcover, defensant que \u201cno nom\u00e9s \u00e9s q\u00fcesti\u00f3 de diners, no es tracta de quant s\u2019havia de pagar, sin\u00f3 de qui havia de pagar-ho\u201d.<\/p>\n<p>En aquest sentit, ha criticat \u201cuna incoher\u00e8ncia m\u00e9s per part d\u2019alguns grups pol\u00edtics\u201d que \u201cadvoquen, sempre des de l\u2019oposici\u00f3, per reduir impostos perqu\u00e8 els doblers estarien millor a la butxaca de la gent, per\u00f2 en canvi volen que siguin els ciutadans els que hagin d\u2019assumir el cost de la concessi\u00f3 del T\u00fanel\u201d.<\/p>\n[\/vc_column_text][\/vc_column][\/vc_row][vc_row][vc_column][vc_empty_space height=&#8221;50px&#8221;][vc_separator color=&#8221;custom&#8221; align=&#8221;align_left&#8221; border_width=&#8221;3&#8243; el_width=&#8221;10&#8243; accent_color=&#8221;#e30613&#8243;][vc_empty_space height=&#8221;50px&#8221;][vc_empty_space height=&#8221;50px&#8221;][\/vc_column][\/vc_row]\n<\/div>","protected":false},"excerpt":{"rendered":"<p>[vc_row][vc_column][vc_single_image image=&#8221;24966&#8243; img_size=&#8221;full&#8221; alignment=&#8221;center&#8221;][\/vc_column][\/vc_row][vc_row][vc_column][vc_raw_html]JTNDaWZyYW1lJTIwaWQlM0QlMjdhdWRpb181MDU4Njc1MyUyNyUyMGZyYW1lYm9yZGVyJTNEJTI3MCUyNyUyMGFsbG93ZnVsbHNjcmVlbiUzRCUyNyUyNyUyMHNjcm9sbGluZyUzRCUyN25vJTI3JTIwaGVpZ2h0JTNEJTI3MjAwJTI3JTIwc3R5bGUlM0QlMjdib3JkZXIlM0ExcHglMjBzb2xpZCUyMCUyM0VFRSUzQiUyMGJveC1zaXppbmclM0Fib3JkZXItYm94JTNCJTIwd2lkdGglM0ExMDAlMjUlM0IlMjclMjBzcmMlM0QlMjJodHRwcyUzQSUyRiUyRnd3dy5pdm9veC5jb20lMkZwbGF5ZXJfZWpfNTA1ODY3NTNfNF8xLmh0bWwlM0ZjMSUzRGZmNjYwMCUyMiUzRSUzQyUyRmlmcmFtZSUzRQ==[\/vc_raw_html][\/vc_column][\/vc_row][vc_row][vc_column][vc_column_text]Alcover ha defensat la legitimitat de la mesura presa en el seu dia pel Consell de Mallorca, recordant que no es tracta d\u2019una sent\u00e8ncia ferma i que per tant es pot rec\u00f3rrer[\/vc_column_text][\/vc_column][\/vc_row][vc_row][vc_column width=&#8221;1\/2&#8243;][vc_column_text] Els Socialistes de Mallorca insten el Consell de Mallorca a rec\u00f3rrer la sent\u00e8ncia del T\u00fanel de S\u00f3ller que s\u2019ha&hellip;<\/p>\n","protected":false},"author":2,"featured_media":24966,"comment_status":"open","ping_status":"open","sticky":false,"template":"","format":"standard","meta":{"footnotes":""},"categories":[89,90,92],"tags":[86,83,114],"class_list":["post-25315","post","type-post","status-publish","format-standard","has-post-thumbnail","hentry","category-consell-de-mallorca","category-municipis","category-portada","tag-andreu-alcover","tag-consell-de-mallorca","tag-tunel-de-soller"],"_links":{"self":[{"href":"https:\/\/www.psib-psoe.org\/mallorca\/wp-json\/wp\/v2\/posts\/25315"}],"collection":[{"href":"https:\/\/www.psib-psoe.org\/mallorca\/wp-json\/wp\/v2\/posts"}],"about":[{"href":"https:\/\/www.psib-psoe.org\/mallorca\/wp-json\/wp\/v2\/types\/post"}],"author":[{"embeddable":true,"href":"https:\/\/www.psib-psoe.org\/mallorca\/wp-json\/wp\/v2\/users\/2"}],"replies":[{"embeddable":true,"href":"https:\/\/www.psib-psoe.org\/mallorca\/wp-json\/wp\/v2\/comments?post=25315"}],"version-history":[{"count":0,"href":"https:\/\/www.psib-psoe.org\/mallorca\/wp-json\/wp\/v2\/posts\/25315\/revisions"}],"wp:featuredmedia":[{"embeddable":true,"href":"https:\/\/www.psib-psoe.org\/mallorca\/wp-json\/wp\/v2\/media\/24966"}],"wp:attachment":[{"href":"https:\/\/www.psib-psoe.org\/mallorca\/wp-json\/wp\/v2\/media?parent=25315"}],"wp:term":[{"taxonomy":"category","embeddable":true,"href":"https:\/\/www.psib-psoe.org\/mallorca\/wp-json\/wp\/v2\/categories?post=25315"},{"taxonomy":"post_tag","embeddable":true,"href":"https:\/\/www.psib-psoe.org\/mallorca\/wp-json\/wp\/v2\/tags?post=25315"}],"curies":[{"name":"wp","href":"https:\/\/api.w.org\/{rel}","templated":true}]}}