{"id":25336,"date":"2020-05-13T10:12:18","date_gmt":"2020-05-13T08:12:18","guid":{"rendered":"http:\/\/www.psib-psoe.org\/mallorca\/?p=25336"},"modified":"2020-05-13T10:12:18","modified_gmt":"2020-05-13T08:12:18","slug":"un-pacte-de-reconstruccio-municipal-el-punt-de-partida","status":"publish","type":"post","link":"https:\/\/www.psib-psoe.org\/mallorca\/un-pacte-de-reconstruccio-municipal-el-punt-de-partida\/","title":{"rendered":"Un pacte de reconstrucci\u00f3 municipal: el punt de partida"},"content":{"rendered":"<div class=\"wpb-content-wrapper\">[vc_row][vc_column][vc_single_image image=&#8221;25337&#8243; img_size=&#8221;full&#8221; alignment=&#8221;center&#8221;][\/vc_column][\/vc_row][vc_row][vc_column][vc_column_text]<em><u>Juli Dalmau, secretari de Pol\u00edtica Municipal dels i les Socialistes de Mallorca<\/u><\/em>[\/vc_column_text][\/vc_column][\/vc_row][vc_row][vc_column width=&#8221;1\/2&#8243;][vc_column_text]Tal com s\u2019ha fet p\u00fablic a trav\u00e9s de diferents indicadors tant a nivell auton\u00f2mic, com nacional i europeu, l\u2019adopci\u00f3 de les mesures de confinament de la poblaci\u00f3 i de restricci\u00f3 de la mobilitat que s\u2019han hagut de prendre per combatre l\u2019expansi\u00f3 de la pand\u00e8mia del COVID-19, tendran un important impacte sobre l\u2019economia i el mercat laboral. En qualsevol cas, l\u2019objectiu d\u2019aquest article no \u00e9s realitzar una valoraci\u00f3 sobre les incerteses d\u2019aquest escenari, sin\u00f3 centrar la mirada en el dia de despr\u00e9s, \u00e9s a dir, en les decisions que s\u2019han de prendre quan la situaci\u00f3 sanit\u00e0ria s\u2019hagi estabilitzat i, en conseq\u00fc\u00e8ncia, es pugui avan\u00e7ar en la reactivaci\u00f3 progressiva de la nostra activitat econ\u00f2mica i social.<\/p>\n<p>En aquest sentit, s\u2019ha est\u00e8s la idea que una vegada superada aquesta situaci\u00f3 res tornar\u00e0 a ser igual, per\u00f2 per aquest mateix motiu, resulta indispensable realitzar una an\u00e0lisi de mirada llarga i, de manera conjunta, definir com volem que sigui tot all\u00f2 que vendr\u00e0 a partir de dem\u00e0. Ara mateix estam a les portes d\u2019aquest moment i la millor garantia per assolir aquesta fita amb \u00e8xit \u00e9s, com deia, des de la for\u00e7a que ens ofereix la nostra unitat com a societat. I, de la mateixa manera, \u00e9s fonamental plantejar aquesta actuaci\u00f3 en el marc de tota l\u2019estructura institucional que ens envolta.<\/p>\n<p>Si m\u00e9s no, m\u00e9s enll\u00e0 dels entrebancs i les dificultats que ha trobat la Uni\u00f3 Europea per oferir una resposta comuna, i de l\u2019aposta realitzada a nivell nacional per reeditar uns nous <em>Pactes de la Moncloa<\/em>, que han traslladat el seu epicentre al Congr\u00e9s dels Diputats; a la nostra Comunitat Aut\u00f2noma, el Govern de les Illes Balears ja ha posat a l\u2019abast de les diferents formacions pol\u00edtiques i dels agents socials i econ\u00f2mics un document per comen\u00e7ar a treballar en la reactivaci\u00f3 i la transformaci\u00f3 econ\u00f2mica i social del nostre territori.[\/vc_column_text][\/vc_column][vc_column width=&#8221;1\/2&#8243;][vc_column_text]Ara b\u00e9, la consecuci\u00f3 dels objectius que es defineixin en el marc auton\u00f2mic seran molt m\u00e9s f\u00e0cils d\u2019assolir si compten amb el comprom\u00eds municipalista, \u00e9s a dir, amb l\u2019aposta del Consell de Mallorca i dels ens locals per avan\u00e7ar, en el marc de les seves respectives compet\u00e8ncies, en la definici\u00f3 dels seus propis pactes per a la reconstrucci\u00f3 del teixit econ\u00f2mic, productiu i social.<\/p>\n<p>Per tot aix\u00f2, des de la Federaci\u00f3 Socialista de Mallorca tenim clar que volem participar activament en aquest proc\u00e9s i, per aquest motiu, ja hem fet una primera passa instant a tots els i les nostres representants municipals a iniciar les tasques per avan\u00e7ar en aquests pactes de caire local. Aquest \u00e9s el punt de partida, i l\u2019objectiu final i com\u00fa a totes les administracions \u00e9s garantir que ning\u00fa quedi enrere.[\/vc_column_text][\/vc_column][\/vc_row]\n<\/div>","protected":false},"excerpt":{"rendered":"<p>[vc_row][vc_column][vc_single_image image=&#8221;25337&#8243; img_size=&#8221;full&#8221; alignment=&#8221;center&#8221;][\/vc_column][\/vc_row][vc_row][vc_column][vc_column_text]Juli Dalmau, secretari de Pol\u00edtica Municipal dels i les Socialistes de Mallorca[\/vc_column_text][\/vc_column][\/vc_row][vc_row][vc_column width=&#8221;1\/2&#8243;][vc_column_text]Tal com s\u2019ha fet p\u00fablic a trav\u00e9s de diferents indicadors tant a nivell auton\u00f2mic, com nacional i europeu, l\u2019adopci\u00f3 de les mesures de confinament de la poblaci\u00f3 i de restricci\u00f3 de la mobilitat que s\u2019han hagut de prendre per combatre&hellip;<\/p>\n","protected":false},"author":4,"featured_media":25337,"comment_status":"open","ping_status":"open","sticky":false,"template":"","format":"standard","meta":{"footnotes":""},"categories":[113,92],"tags":[],"class_list":["post-25336","post","type-post","status-publish","format-standard","has-post-thumbnail","hentry","category-opinio","category-portada"],"_links":{"self":[{"href":"https:\/\/www.psib-psoe.org\/mallorca\/wp-json\/wp\/v2\/posts\/25336"}],"collection":[{"href":"https:\/\/www.psib-psoe.org\/mallorca\/wp-json\/wp\/v2\/posts"}],"about":[{"href":"https:\/\/www.psib-psoe.org\/mallorca\/wp-json\/wp\/v2\/types\/post"}],"author":[{"embeddable":true,"href":"https:\/\/www.psib-psoe.org\/mallorca\/wp-json\/wp\/v2\/users\/4"}],"replies":[{"embeddable":true,"href":"https:\/\/www.psib-psoe.org\/mallorca\/wp-json\/wp\/v2\/comments?post=25336"}],"version-history":[{"count":0,"href":"https:\/\/www.psib-psoe.org\/mallorca\/wp-json\/wp\/v2\/posts\/25336\/revisions"}],"wp:featuredmedia":[{"embeddable":true,"href":"https:\/\/www.psib-psoe.org\/mallorca\/wp-json\/wp\/v2\/media\/25337"}],"wp:attachment":[{"href":"https:\/\/www.psib-psoe.org\/mallorca\/wp-json\/wp\/v2\/media?parent=25336"}],"wp:term":[{"taxonomy":"category","embeddable":true,"href":"https:\/\/www.psib-psoe.org\/mallorca\/wp-json\/wp\/v2\/categories?post=25336"},{"taxonomy":"post_tag","embeddable":true,"href":"https:\/\/www.psib-psoe.org\/mallorca\/wp-json\/wp\/v2\/tags?post=25336"}],"curies":[{"name":"wp","href":"https:\/\/api.w.org\/{rel}","templated":true}]}}