{"id":25364,"date":"2020-06-04T10:50:33","date_gmt":"2020-06-04T08:50:33","guid":{"rendered":"https:\/\/www.psib-psoe.org\/mallorca\/el-dificil-equilibri-o-una-questio-de-fe-per-susanna-moll\/"},"modified":"2020-06-04T10:58:04","modified_gmt":"2020-06-04T08:58:04","slug":"el-dificil-equilibri-o-una-questio-de-fe-per-susanna-moll","status":"publish","type":"post","link":"https:\/\/www.psib-psoe.org\/mallorca\/el-dificil-equilibri-o-una-questio-de-fe-per-susanna-moll\/","title":{"rendered":"\u201cEl dif\u00edcil equilibri o una q\u00fcesti\u00f3 de fe\u201d, per Susanna Moll"},"content":{"rendered":"<div class=\"row wpb_row row-fluid img_noticia\">\n<div class=\"wpb_column columns small-12 medium-12 thb-dark-column\">\n<div class=\"vc_column-inner  \">\n<div class=\"wpb_wrapper\">\n<div class=\"wpb_single_image wpb_content_element vc_align_center  vc_custom_1591259280294\">\n<figure class=\"wpb_wrapper vc_figure\">\n<div class=\"vc_single_image-wrapper   vc_box_border_grey\"><img loading=\"lazy\" decoding=\"async\" width=\"6240\" height=\"4160\" src=\"https:\/\/www.psib-psoe.org\/wp-content\/uploads\/Susanna-Moll.jpg\" class=\"vc_single_image-img attachment-full\" alt=\"Susanna Moll\" \/><\/div>\n<\/figure><\/div>\n<\/div>\n<\/div>\n<\/div>\n<\/div>\n<div class=\"row wpb_row row-fluid full-width-row\">\n<div class=\"col_izq wpb_column columns small-12 medium-6 thb-dark-column\">\n<div class=\"vc_column-inner  \">\n<div class=\"wpb_wrapper\">\n<div class=\"wpb_text_column wpb_content_element  \">\n<div class=\"wpb_wrapper\">\n<p><strong>Trobar l\u2019equilibri sempre \u00e9s dif\u00edcil<\/strong>. L\u2019equilibri entre les teves conviccions i les teves contradiccions, l\u2019equilibri entre el que et demana el cos i \u201cel que est\u00e0 b\u00e9 o \u00e9s el correcte\u201d, l\u2019equilibri entre perdre els papers o posar l\u2019altra galta, l\u2019equilibri entre difondre mentides i exercir la llibertat d\u2019expressi\u00f3&#8230; i tamb\u00e9 l\u2019equilibri entre la NOSTRA veritat i la veritat dels altres. I en pol\u00edtica aix\u00f2 encara \u00e9s m\u00e9s complicat, per l\u2019exposici\u00f3 p\u00fablica, per la necessitat de dir el que volen escoltar els teus votants, per una q\u00fcesti\u00f3 electoralista.<\/p>\n<p>El dijous 26 de maig, a la Comissi\u00f3 per a la Reconstrucci\u00f3,<strong> Patxi L\u00f3pez va esclatar i va exclamar \u201cllevo media vida escoltado por defender la libertad para que todos digan lo que les da la gana, pero deber\u00edamos hacer una reflexi\u00f3n de si debemos decir lo que nos da la gana sobre todo, en todas partes [&#8230;] \u00bfpara qu\u00e9 venimos aqu\u00ed? \u00bfpara reproducir los insultos?\u201d<\/strong>.<\/p>\n<p>El problema \u00e9s que l\u2019extremadreta (i lamentablement el PP cada vegada s\u2019est\u00e0 acostant m\u00e9s a aquesta dreta extrema) ha convertit la mentida i la crispaci\u00f3 i els insults en la seva vertadera i \u00fanica t\u00e0ctica pol\u00edtica. Quan la resta de partits entren a la brega per rebatre\u2019ls, <strong>ens estam embrutant i els feim el joc en la seva deriva<\/strong>, perqu\u00e8 el seu inter\u00e8s \u00faltim \u00e9s precisament crear aquest ambient tens i crispat i que els ciutadans pensin que \u201ctots els pol\u00edtics s\u00f3n iguals\u201d; per\u00f2 si intentam ignorar-los i no ens defensam, ens acusen de ser \u201cmassa poc contundents\u201d.<\/p>\n<p>Pens molt sovint en una frase de l\u2019escriptor Sebasti\u00e0 Alzamora que li va dur problemes amb la just\u00edcia: referint-se a alg\u00fa que nega la unitat de la llengua catalana va dir que \u201co \u00e9s imb\u00e8cil o un fill de puta\u201d. Potser es va excedir en les formes i hauria pogut triar unes altres paraules, emprant \u201cignorant\u201d per \u201cimb\u00e8cil\u201d i \u201cmalintencionat\u201d per \u201cfill de puta\u201d (potser aqu\u00ed hi va haver una mica de falta d\u2019equilibri, perqu\u00e8, fart d\u2019haver de tornar sempre sobre aquest tema, Alzamora va amollar el que li demanava el cos i aix\u00ed ho va recon\u00e8ixer posteriorment ell mateix), per\u00f2 en el fons li vessava la ra\u00f3: <strong>els que constantment difonen mentides o b\u00e9 s\u00f3n persones ignorants (tant que no s\u2019adonen ni de la pr\u00f2pia ignor\u00e0ncia), o b\u00e9 saben que el que diuen \u00e9s fals per\u00f2 tenen algun inter\u00e8s a propagar el virus de la seva mentida.<\/strong><\/p>\n<\/p><\/div><\/div>\n<\/div>\n<\/div>\n<\/div>\n<div class=\"col_dcha wpb_column columns small-12 medium-6 thb-dark-column\">\n<div class=\"vc_column-inner  \">\n<div class=\"wpb_wrapper\">\n<div class=\"wpb_text_column wpb_content_element  \">\n<div class=\"wpb_wrapper\">\n<p>Aix\u00f2 \u00e9s el que fa sistem\u00e0ticament la ultradreta. <strong>I l\u2019\u00fanica manera de combatre-ho \u00e9s no entrar en el seu joc.<\/strong> \u00c9s molt dif\u00edcil intentar argumentar en contra d\u2019una mentida. Al final \u00e9s una q\u00fcesti\u00f3 de fe: si alg\u00fa vol creure que el Govern menteix i falseja les dades, que va convocar la manifestaci\u00f3 del 8M per propagar la COVID pel pa\u00eds i implantar una dictadura comunista, ser\u00e0 complicat conv\u00e8ncer-lo del contrari.<\/p>\n<p>Moltes vegades nom\u00e9s escoltam el que volem sentir i si un fake ens reafirma en les nostres tesis, en la NOSTRA veritat, la temptaci\u00f3 de difondre\u2019l \u00e9s molt gran. <strong>Per\u00f2 si ho feim, sense contrastar la not\u00edcia, sense esperit cr\u00edtic, tornam a entrar en el seu joc i contribu\u00efm a crear aquest ambient fals i tens en qu\u00e8 ells se senten tan a gust.<\/strong><\/p>\n<p>Dins aquesta estrat\u00e8gia de fer virals tesis desqualificadores,<strong> la dreta ha trobat un blanc ideal en Fernando Sim\u00f3n.<\/strong> Aquestes darreres setmanes s\u2019ha posat de moda una de dues: o odiar-lo i insultar-lo, o amar-lo i enaltir-lo. Jo, que no som gaire id\u00f2latra, he de confessar que m\u2019ha guanyat. Sim\u00f3n representa molt b\u00e9 aquest equilibri que haur\u00edem de trobar: \u00e9s humil malgrat esser brillant (no fa falta reproduir aqu\u00ed el seu CV), \u00e9s amable, sempre correcte, no entra a les provocacions de qu\u00e8 \u00e9s objecte a diari, \u00e9s capa\u00e7 de recon\u00e8ixer errors, t\u00e9 una paci\u00e8ncia infinita, no cerca notorietat ni protagonisme&#8230; El ministre Salvador Illa tamb\u00e9 t\u00e9 un car\u00e0cter semblant.<\/p>\n<p><strong>Necessitam m\u00e9s persones, m\u00e9s pol\u00edtics com ells i necessitam no desqualificar-los precisament per la seva humilitat.<\/strong> L\u2019exemple del seu tarann\u00e0 i de la seva manera d\u2019actuar ha de ser m\u00e9s convincent que les males maneres dels ignorants i dels malintencionats.<\/p>\n<p>A tot aix\u00f2, el Consell de Ministres acaba d\u2019aprovar l\u2019Ingr\u00e9s M\u00ednim Vital, una mesura que arribar\u00e0 a 850.000 fam\u00edlies. <strong>Aquesta \u00e9s la manera que t\u00e9 el Govern socialista de treballar per avan\u00e7ar en equitat i just\u00edcia social.<\/strong> De deb\u00f2 que deixarem que aconsegueixin ocultar aquesta fita hist\u00f2rica de la nostra Democr\u00e0cia sota el renou de la crispaci\u00f3?<\/p>\n<p><strong>Susanna Moll Kammerich<\/strong><br \/>\n<strong>Senadora del PSIB-PSOE per Mallorca<\/strong><\/p>\n<\/p><\/div><\/div>\n<\/div>\n<\/div>\n<\/div>\n<\/div>\n<p>Source: Actualitat Fedaraci\u00f3 Mallorca<\/p>\n","protected":false},"excerpt":{"rendered":"<p>Trobar l\u2019equilibri sempre \u00e9s dif\u00edcil. L\u2019equilibri entre les teves conviccions i les teves contradiccions, l\u2019equilibri entre el que et demana el cos i \u201cel que est\u00e0 b\u00e9 o \u00e9s el correcte\u201d, l\u2019equilibri entre perdre els papers o posar l\u2019altra galta, l\u2019equilibri entre difondre mentides i exercir la llibertat d\u2019expressi\u00f3&#8230; i tamb\u00e9 l\u2019equilibri entre la NOSTRA&hellip;<\/p>\n","protected":false},"author":1,"featured_media":25365,"comment_status":"closed","ping_status":"open","sticky":false,"template":"","format":"standard","meta":{"footnotes":""},"categories":[2,113,92],"tags":[77],"class_list":["post-25364","post","type-post","status-publish","format-standard","has-post-thumbnail","hentry","category-federacio-de-mallorca","category-opinio","category-portada","tag-federacio-socialista-de-mallorca"],"_links":{"self":[{"href":"https:\/\/www.psib-psoe.org\/mallorca\/wp-json\/wp\/v2\/posts\/25364"}],"collection":[{"href":"https:\/\/www.psib-psoe.org\/mallorca\/wp-json\/wp\/v2\/posts"}],"about":[{"href":"https:\/\/www.psib-psoe.org\/mallorca\/wp-json\/wp\/v2\/types\/post"}],"author":[{"embeddable":true,"href":"https:\/\/www.psib-psoe.org\/mallorca\/wp-json\/wp\/v2\/users\/1"}],"replies":[{"embeddable":true,"href":"https:\/\/www.psib-psoe.org\/mallorca\/wp-json\/wp\/v2\/comments?post=25364"}],"version-history":[{"count":0,"href":"https:\/\/www.psib-psoe.org\/mallorca\/wp-json\/wp\/v2\/posts\/25364\/revisions"}],"wp:featuredmedia":[{"embeddable":true,"href":"https:\/\/www.psib-psoe.org\/mallorca\/wp-json\/wp\/v2\/media\/25365"}],"wp:attachment":[{"href":"https:\/\/www.psib-psoe.org\/mallorca\/wp-json\/wp\/v2\/media?parent=25364"}],"wp:term":[{"taxonomy":"category","embeddable":true,"href":"https:\/\/www.psib-psoe.org\/mallorca\/wp-json\/wp\/v2\/categories?post=25364"},{"taxonomy":"post_tag","embeddable":true,"href":"https:\/\/www.psib-psoe.org\/mallorca\/wp-json\/wp\/v2\/tags?post=25364"}],"curies":[{"name":"wp","href":"https:\/\/api.w.org\/{rel}","templated":true}]}}