{"id":25395,"date":"2020-07-09T13:11:37","date_gmt":"2020-07-09T11:11:37","guid":{"rendered":"http:\/\/www.psib-psoe.org\/mallorca\/?p=25395"},"modified":"2020-07-09T13:11:37","modified_gmt":"2020-07-09T11:11:37","slug":"el-psib-psoe-celebra-laprovacio-del-piat-perque-per-primera-vegada-es-regula-la-nostra-principal-industria-i-saconsegueix-lequilibri-entre-turisme-i-proteccio-del-t","status":"publish","type":"post","link":"https:\/\/www.psib-psoe.org\/mallorca\/el-psib-psoe-celebra-laprovacio-del-piat-perque-per-primera-vegada-es-regula-la-nostra-principal-industria-i-saconsegueix-lequilibri-entre-turisme-i-proteccio-del-t\/","title":{"rendered":"El PSIB-PSOE celebra l\u2019aprovaci\u00f3 del PIAT perqu\u00e8 \u201cper primera vegada es regula la nostra principal ind\u00fastria i s\u2019aconsegueix l\u2019equilibri entre turisme i protecci\u00f3 del territori\u201d"},"content":{"rendered":"<div class=\"wpb-content-wrapper\">[vc_row][vc_column][vc_single_image image=&#8221;25396&#8243; img_size=&#8221;full&#8221; alignment=&#8221;center&#8221;][\/vc_column][\/vc_row][vc_row][vc_column][vc_column_text]<em><u>Andreu Alcover: \u201cNo he sentit cap alternativa al PIAT per part de cap grup, no sabem si volen llibertat total, prohibici\u00f3 total o m\u00e9s o menys llibertat del que oferim\u201d<\/u><\/em>[\/vc_column_text][\/vc_column][\/vc_row][vc_row][vc_column width=&#8221;1\/2&#8243;][vc_column_text]El ple del Consell de Mallorca ha aprovat, amb els vots a favor del Grup Socialista, el Pla d\u2019Intervenci\u00f3 d\u2019\u00c0mbits Tur\u00edstics, el qual el portaveu socialista, Andreu Alcover, ha definit com \u201cel principal document econ\u00f2mic de Mallorca amb el qual regulam la nostra ind\u00fastria m\u00e9s important\u201d.<\/p>\n<p>Alcover ha expressat la satisfacci\u00f3 del Grup Socialista davant l\u2019aprovaci\u00f3 definitiva d\u2019una normativa que va ser aprovada de forma inicial el juliol del 2018, i que ara culmina la seva tramitaci\u00f3 per \u201cmarcar les regles del joc de la nostra principal ind\u00fastria\u201d, per la qual cosa \u201cja era hora que tengu\u00e9ssim una regulaci\u00f3 d\u2019aquest tipus i avui \u00e9s un dia per estar molt contents\u201d.<\/p>\n<p>El portaveu socialista ha destacat que aquesta regulaci\u00f3, \u00e9s una normativa \u201ca mitj\u00e0 i llarg termini que aprovam en temps i forma\u201d i que inclou aspectes de sentit com\u00fa com \u201cel sostre de places tur\u00edstiques fixat en 430.000\u201d, per la qual cosa ha rebutjat les cr\u00edtiques sobre que el PIAT ignora els efectes de la pand\u00e8mia perqu\u00e8 \u201cno \u00e9s un document per lluitar contra la COVID-19, sin\u00f3 per regular els efectes de l\u2019activitat tur\u00edstica a mitj\u00e0 i llarg termini\u201d. De fet, Alcover ha afegit que \u201cseria un greu error fer un PIAT lligat a la situaci\u00f3 actual perqu\u00e8 la pand\u00e8mia \u00e9s conjuntural\u201d.<\/p>\n<p>A m\u00e9s a m\u00e9s, Alcover ha considerat que el PIAT aconsegueix l\u2019equilibri \u201ctan desitjat per la gran majoria de la societat\u201d entre la necess\u00e0ria activitat tur\u00edstica i la regulaci\u00f3 dels efectes que aquesta provoca sobre el territori i l\u2019entorn de Mallorca.[\/vc_column_text][\/vc_column][vc_column width=&#8221;1\/2&#8243;][vc_column_text]Alcover ha criticat durament la postura de l\u2019oposici\u00f3 quan ha demanat la retirada del document, la qual cosa \u201cseria un greu error perqu\u00e8 tendria conseq\u00fc\u00e8ncies molt perjudicials per a la nostra economia\u201d, mentre que tamb\u00e9 ha lamentat que \u201cno he sentit cap alternativa al PIAT per part de cap grup de l\u2019oposici\u00f3, no sabem si volen llibertat total, prohibici\u00f3 total o m\u00e9s o menys llibertat del que oferim\u201d.<\/p>\n<p>El portaveu del Grup Socialista ha ironitzat sobre que la principal cr\u00edtica de Vox al PIAT \u00e9s que \u201cha estat redactat per un despatx catal\u00e0\u201d, mentre que tamb\u00e9 ha negat que aquest document suposi un perjudici per a molts llocs de feina com ha dit el PP, ja que \u201cd\u2019entrada el PIAT permet entre 13.000 i 14.000 places tur\u00edstiques m\u00e9s abans d\u2019arribar al l\u00edmit marcat, per la qual cosa aix\u00f2 nom\u00e9s pot suposar un increment dels llocs de feina\u201d.<\/p>\n<p>Finalment, Alcover ha expressat la seva sorpresa pel fet que el portaveu del PP, Lloren\u00e7 Galm\u00e9s, hagi destinat \u201ctres quartes parts de la seva intervenci\u00f3 a parlar de q\u00fcestions alienes al propi PIAT\u201d.[\/vc_column_text][\/vc_column][\/vc_row]\n<\/div>","protected":false},"excerpt":{"rendered":"<p>[vc_row][vc_column][vc_single_image image=&#8221;25396&#8243; img_size=&#8221;full&#8221; alignment=&#8221;center&#8221;][\/vc_column][\/vc_row][vc_row][vc_column][vc_column_text]Andreu Alcover: \u201cNo he sentit cap alternativa al PIAT per part de cap grup, no sabem si volen llibertat total, prohibici\u00f3 total o m\u00e9s o menys llibertat del que oferim\u201d[\/vc_column_text][\/vc_column][\/vc_row][vc_row][vc_column width=&#8221;1\/2&#8243;][vc_column_text]El ple del Consell de Mallorca ha aprovat, amb els vots a favor del Grup Socialista, el Pla d\u2019Intervenci\u00f3 d\u2019\u00c0mbits Tur\u00edstics, el&hellip;<\/p>\n","protected":false},"author":4,"featured_media":25396,"comment_status":"open","ping_status":"open","sticky":false,"template":"","format":"standard","meta":{"footnotes":""},"categories":[89,92],"tags":[],"class_list":["post-25395","post","type-post","status-publish","format-standard","has-post-thumbnail","hentry","category-consell-de-mallorca","category-portada"],"_links":{"self":[{"href":"https:\/\/www.psib-psoe.org\/mallorca\/wp-json\/wp\/v2\/posts\/25395"}],"collection":[{"href":"https:\/\/www.psib-psoe.org\/mallorca\/wp-json\/wp\/v2\/posts"}],"about":[{"href":"https:\/\/www.psib-psoe.org\/mallorca\/wp-json\/wp\/v2\/types\/post"}],"author":[{"embeddable":true,"href":"https:\/\/www.psib-psoe.org\/mallorca\/wp-json\/wp\/v2\/users\/4"}],"replies":[{"embeddable":true,"href":"https:\/\/www.psib-psoe.org\/mallorca\/wp-json\/wp\/v2\/comments?post=25395"}],"version-history":[{"count":0,"href":"https:\/\/www.psib-psoe.org\/mallorca\/wp-json\/wp\/v2\/posts\/25395\/revisions"}],"wp:featuredmedia":[{"embeddable":true,"href":"https:\/\/www.psib-psoe.org\/mallorca\/wp-json\/wp\/v2\/media\/25396"}],"wp:attachment":[{"href":"https:\/\/www.psib-psoe.org\/mallorca\/wp-json\/wp\/v2\/media?parent=25395"}],"wp:term":[{"taxonomy":"category","embeddable":true,"href":"https:\/\/www.psib-psoe.org\/mallorca\/wp-json\/wp\/v2\/categories?post=25395"},{"taxonomy":"post_tag","embeddable":true,"href":"https:\/\/www.psib-psoe.org\/mallorca\/wp-json\/wp\/v2\/tags?post=25395"}],"curies":[{"name":"wp","href":"https:\/\/api.w.org\/{rel}","templated":true}]}}