{"id":25402,"date":"2020-07-14T14:53:37","date_gmt":"2020-07-14T12:53:37","guid":{"rendered":"http:\/\/www.psib-psoe.org\/mallorca\/?p=25402"},"modified":"2021-02-05T11:35:37","modified_gmt":"2021-02-05T09:35:37","slug":"els-batles-i-batlesses-socialistes-expressen-el-seu-suport-als-recursos-per-a-la-reactivacio-economica-i-social-disposats-pel-consell-per-als-municipis-de-mallorca","status":"publish","type":"post","link":"https:\/\/www.psib-psoe.org\/mallorca\/els-batles-i-batlesses-socialistes-expressen-el-seu-suport-als-recursos-per-a-la-reactivacio-economica-i-social-disposats-pel-consell-per-als-municipis-de-mallorca\/","title":{"rendered":"Els batles i batlesses socialistes expressen el seu suport als recursos per a la reactivaci\u00f3 econ\u00f2mica i social disposats pel Consell per als municipis de Mallorca"},"content":{"rendered":"<div class=\"wpb-content-wrapper\">[vc_row][vc_column][vc_single_image image=&#8221;25403&#8243; img_size=&#8221;full&#8221; alignment=&#8221;center&#8221;][\/vc_column][\/vc_row][vc_row][vc_column][vc_column_text]<em><u>Silvana Gonz\u00e1lez: \u201cestam veient que hi ha dues maneres de sortir de la crisi provocada per la COVID-19, la de la dreta, posant el pany al Consell, i la dels socialistes, posant la instituci\u00f3 al servei de la ciutadania i convertint-la en una eina \u00fatil generadora d\u2019ocupaci\u00f3, de suport als ajuntaments i preservadora del Benestar Social\u201d. <\/u><\/em>[\/vc_column_text][\/vc_column][\/vc_row][vc_row][vc_column width=&#8221;1\/2&#8243;][vc_column_text]El Consell de Mallorca ha celebrat avui a Manacor la tercera Assemblea de Batles i Batlesses de la legislatura, una trobada en la qual s\u2019ha explicat als representants municipals el pla Mallorca Reacciona, per a la reactivaci\u00f3 econ\u00f2mica i social de l\u2019illa despr\u00e9s de la COVID-19.<\/p>\n<p>En aquest sentit, els batles i batlesses socialistes han aprofitat per expressar el seu suport al gruix d\u2019inversions previstes pel Consell de Mallorca en els pr\u00f2xims dos anys, i que superaran els quaranta milions d\u2019euros.<\/p>\n<p>Ser\u00e0 a trav\u00e9s d\u2019inversions per a millorar infraestructures municipals, per a millorar i embellir els accessos als pobles i a determinats espais emblem\u00e0tics, per a impulsar la sostenibilitat als municipis de Mallorca i per a la millora de la mobilitat.<\/p>\n<p>A tot plegat s\u2019afegeix l\u2019ajuda que el Consell posar\u00e0 a l\u2019abast dels ajuntaments per a donar una m\u00e0 en les pol\u00edtiques actives d\u2019ocupaci\u00f3, en eines digitals i formaci\u00f3, en l\u2019urbanisme, en l\u2019agilitzaci\u00f3 de l\u2019administraci\u00f3 en la facilitaci\u00f3 de l\u2019acc\u00e9s de la ciutadania a la informaci\u00f3.[\/vc_column_text][\/vc_column][vc_column width=&#8221;1\/2&#8243;][vc_column_text]Tot un caramull d\u2019ajudes que per a la portaveu adjunta del Grup Socialista al Consell de Mallorca, Silvana Gonz\u00e1lez, demostren que \u201cel govern insular est\u00e0 al costat dels nostres pobles quan m\u00e9s ho necessiten, seguint la tend\u00e8ncia dels darrers 5 anys d\u2019incrementar any rere any les aportacions econ\u00f2miques als ajuntaments\u201d.<\/p>\n<p>De fet, Gonz\u00e1lez ha afegit que \u201camb el pla Mallorca Reacciona estam veient que hi ha dues maneres de sortir de la crisi provocada per la COVID-19, la de la dreta, posant el pany al Consell, i la dels socialistes, posant la instituci\u00f3 al servei de la ciutadania i convertint-la en una eina \u00fatil generadora d\u2019ocupaci\u00f3, de suport als ajuntaments i preservadora del Benestar Social\u201d.<\/p>\n<p>Finalment, la portaveu adjunta ha concl\u00f2s que \u201csi una cosa ha quedat clara a l\u2019Assemblea de Batles i Batlesses d\u2019avui, \u00e9s que ni des del Consell ni des dels ajuntaments on governam escatimarem cap recurs per aconseguir que ning\u00fa quedi enrere amb aquesta situaci\u00f3 sobrevinguda que ens ha tocat viure\u201d.[\/vc_column_text][\/vc_column][\/vc_row]\n<\/div>","protected":false},"excerpt":{"rendered":"<p>[vc_row][vc_column][vc_single_image image=&#8221;25403&#8243; img_size=&#8221;full&#8221; alignment=&#8221;center&#8221;][\/vc_column][\/vc_row][vc_row][vc_column][vc_column_text]Silvana Gonz\u00e1lez: \u201cestam veient que hi ha dues maneres de sortir de la crisi provocada per la COVID-19, la de la dreta, posant el pany al Consell, i la dels socialistes, posant la instituci\u00f3 al servei de la ciutadania i convertint-la en una eina \u00fatil generadora d\u2019ocupaci\u00f3, de suport als ajuntaments i&hellip;<\/p>\n","protected":false},"author":4,"featured_media":25403,"comment_status":"open","ping_status":"open","sticky":false,"template":"","format":"standard","meta":{"footnotes":""},"categories":[89,90,92],"tags":[],"class_list":["post-25402","post","type-post","status-publish","format-standard","has-post-thumbnail","hentry","category-consell-de-mallorca","category-municipis","category-portada"],"_links":{"self":[{"href":"https:\/\/www.psib-psoe.org\/mallorca\/wp-json\/wp\/v2\/posts\/25402"}],"collection":[{"href":"https:\/\/www.psib-psoe.org\/mallorca\/wp-json\/wp\/v2\/posts"}],"about":[{"href":"https:\/\/www.psib-psoe.org\/mallorca\/wp-json\/wp\/v2\/types\/post"}],"author":[{"embeddable":true,"href":"https:\/\/www.psib-psoe.org\/mallorca\/wp-json\/wp\/v2\/users\/4"}],"replies":[{"embeddable":true,"href":"https:\/\/www.psib-psoe.org\/mallorca\/wp-json\/wp\/v2\/comments?post=25402"}],"version-history":[{"count":0,"href":"https:\/\/www.psib-psoe.org\/mallorca\/wp-json\/wp\/v2\/posts\/25402\/revisions"}],"wp:featuredmedia":[{"embeddable":true,"href":"https:\/\/www.psib-psoe.org\/mallorca\/wp-json\/wp\/v2\/media\/25403"}],"wp:attachment":[{"href":"https:\/\/www.psib-psoe.org\/mallorca\/wp-json\/wp\/v2\/media?parent=25402"}],"wp:term":[{"taxonomy":"category","embeddable":true,"href":"https:\/\/www.psib-psoe.org\/mallorca\/wp-json\/wp\/v2\/categories?post=25402"},{"taxonomy":"post_tag","embeddable":true,"href":"https:\/\/www.psib-psoe.org\/mallorca\/wp-json\/wp\/v2\/tags?post=25402"}],"curies":[{"name":"wp","href":"https:\/\/api.w.org\/{rel}","templated":true}]}}