{"id":25456,"date":"2020-09-23T11:00:05","date_gmt":"2020-09-23T09:00:05","guid":{"rendered":"http:\/\/www.psib-psoe.org\/mallorca\/?p=25456"},"modified":"2020-09-23T11:00:27","modified_gmt":"2020-09-23T09:00:27","slug":"comunicat-de-lagrupacio-socialista-de-soller-en-relacio-a-la-situacio-de-la-residencia-bell-entorn","status":"publish","type":"post","link":"https:\/\/www.psib-psoe.org\/mallorca\/comunicat-de-lagrupacio-socialista-de-soller-en-relacio-a-la-situacio-de-la-residencia-bell-entorn\/","title":{"rendered":"COMUNICAT DE L\u2019AGRUPACI\u00d3 SOCIALISTA DE S\u00d3LLER EN RELACI\u00d3 A LA SITUACI\u00d3 DE LA RESID\u00c8NCIA \u201cBELL ENTORN\u201d"},"content":{"rendered":"<div class=\"wpb-content-wrapper\">[vc_row][vc_column][vc_single_image image=&#8221;25350&#8243; img_size=&#8221;full&#8221; alignment=&#8221;center&#8221;][\/vc_column][\/vc_row][vc_row][vc_column width=&#8221;1\/2&#8243;][vc_column_text]Des de l\u2019agrupaci\u00f3 socialista de S\u00f3ller lamentam la terrible situaci\u00f3 que s\u2019est\u00e0 vivint a la Resid\u00e8ncia \u201cBell Entorn\u201d, i volem fer arribar el nostre condol a les fam\u00edlies que han patit la p\u00e8rdua d\u2019un \u00e9sser estimat. Ens solidaritzam amb els usuaris i treballadors de la Resid\u00e8ncia en aquests moments dif\u00edcils. I agra\u00efm l\u2019esfor\u00e7 que s\u2019est\u00e0 fent per controlar i revertir la situaci\u00f3 per part de totes les institucions.<\/p>\n<p>Hem d\u2019aprendre el que ha passat per a que no es torni a repetir. Per aix\u00f2:<\/p>\n<ol>\n<li>Sol\u00b7licitam la convocat\u00f2ria una Junta de Portaveus extraordin\u00e0ria per con\u00e8ixer de primera ma quines accions s\u2019han realitzat, i es preveuen realitzar, per part de l\u2019Ajuntament davant aquesta situaci\u00f3. Cal que es comenci a donar resposta a totes les preguntes que han sorgit arran d\u2019aquesta crisi. Ens oferim a treballar conjuntament amb l\u2019equip de govern per a millorar la resposta municipal davant la crisi, prioritzant de forma clara i rotunda l\u2019\u00e0rea de serveis socials de l\u2019Ajuntament, que s\u2019ha de refor\u00e7ar amb m\u00e9s mitjans i personal.<\/li>\n<\/ol>\n[\/vc_column_text][\/vc_column][vc_column width=&#8221;1\/2&#8243;][vc_column_text]\n<ol start=\"2\">\n<li>Demanam que, una vegada se superi la crisi actual, es faci una inspecci\u00f3 exhaustiva del funcionament de la resid\u00e8ncia. Volem que s\u2019analitzi el que ha passat i que es prenguin les mesures necess\u00e0ries perqu\u00e8, de cara al futur, no es torni a repetir una situaci\u00f3 com aquesta.<\/li>\n<li>Proposam treballar junts per millorar el model assistencial que volem donar als nostres majors i als nostres dependents. Les instal\u00b7lacions i personal que tenim avui per avui a S\u00f3ller s\u2019han mostrat insuficients davant aquesta crisi, i ha de ser un objectiu prioritari per a S\u00f3ller aconseguir m\u00e9s espais i m\u00e9s recursos per a donar resposta a aquestes necessitats. Cal treballar ja en la construcci\u00f3 del nou centre de dia, s\u2019ha de seguir avan\u00e7ant en l\u2019atenci\u00f3 domicili\u00e0ria i s\u2019ha de treballar en coordinaci\u00f3 amb Consell i Govern per fer realitat aquestes millores.<\/li>\n<\/ol>\n[\/vc_column_text][\/vc_column][\/vc_row]\n<\/div>","protected":false},"excerpt":{"rendered":"<p>[vc_row][vc_column][vc_single_image image=&#8221;25350&#8243; img_size=&#8221;full&#8221; alignment=&#8221;center&#8221;][\/vc_column][\/vc_row][vc_row][vc_column width=&#8221;1\/2&#8243;][vc_column_text]Des de l\u2019agrupaci\u00f3 socialista de S\u00f3ller lamentam la terrible situaci\u00f3 que s\u2019est\u00e0 vivint a la Resid\u00e8ncia \u201cBell Entorn\u201d, i volem fer arribar el nostre condol a les fam\u00edlies que han patit la p\u00e8rdua d\u2019un \u00e9sser estimat. Ens solidaritzam amb els usuaris i treballadors de la Resid\u00e8ncia en aquests moments dif\u00edcils. I&hellip;<\/p>\n","protected":false},"author":4,"featured_media":25350,"comment_status":"open","ping_status":"open","sticky":false,"template":"","format":"standard","meta":{"footnotes":""},"categories":[90,92],"tags":[],"class_list":["post-25456","post","type-post","status-publish","format-standard","has-post-thumbnail","hentry","category-municipis","category-portada"],"_links":{"self":[{"href":"https:\/\/www.psib-psoe.org\/mallorca\/wp-json\/wp\/v2\/posts\/25456"}],"collection":[{"href":"https:\/\/www.psib-psoe.org\/mallorca\/wp-json\/wp\/v2\/posts"}],"about":[{"href":"https:\/\/www.psib-psoe.org\/mallorca\/wp-json\/wp\/v2\/types\/post"}],"author":[{"embeddable":true,"href":"https:\/\/www.psib-psoe.org\/mallorca\/wp-json\/wp\/v2\/users\/4"}],"replies":[{"embeddable":true,"href":"https:\/\/www.psib-psoe.org\/mallorca\/wp-json\/wp\/v2\/comments?post=25456"}],"version-history":[{"count":0,"href":"https:\/\/www.psib-psoe.org\/mallorca\/wp-json\/wp\/v2\/posts\/25456\/revisions"}],"wp:featuredmedia":[{"embeddable":true,"href":"https:\/\/www.psib-psoe.org\/mallorca\/wp-json\/wp\/v2\/media\/25350"}],"wp:attachment":[{"href":"https:\/\/www.psib-psoe.org\/mallorca\/wp-json\/wp\/v2\/media?parent=25456"}],"wp:term":[{"taxonomy":"category","embeddable":true,"href":"https:\/\/www.psib-psoe.org\/mallorca\/wp-json\/wp\/v2\/categories?post=25456"},{"taxonomy":"post_tag","embeddable":true,"href":"https:\/\/www.psib-psoe.org\/mallorca\/wp-json\/wp\/v2\/tags?post=25456"}],"curies":[{"name":"wp","href":"https:\/\/api.w.org\/{rel}","templated":true}]}}