{"id":25458,"date":"2020-09-24T19:56:06","date_gmt":"2020-09-24T17:56:06","guid":{"rendered":"https:\/\/www.psib-psoe.org\/mallorca\/els-socialistes-de-mallorca-defensen-el-reforc-dels-serveis-publics-com-a-millor-eina-per-a-superar-la-situacio-ocasionada-per-la-pandemia\/"},"modified":"2020-09-25T09:54:06","modified_gmt":"2020-09-25T07:54:06","slug":"els-socialistes-de-mallorca-defensen-el-reforc-dels-serveis-publics-com-a-millor-eina-per-a-superar-la-situacio-ocasionada-per-la-pandemia","status":"publish","type":"post","link":"https:\/\/www.psib-psoe.org\/mallorca\/els-socialistes-de-mallorca-defensen-el-reforc-dels-serveis-publics-com-a-millor-eina-per-a-superar-la-situacio-ocasionada-per-la-pandemia\/","title":{"rendered":"Els Socialistes de Mallorca defensen el refor\u00e7 dels serveis p\u00fablics com a millor eina per a superar la situaci\u00f3 ocasionada per la pand\u00e8mia"},"content":{"rendered":"<div class=\"wpb-content-wrapper\">[vc_row][vc_column][vc_column_text]\n<div class=\"row wpb_row row-fluid img_noticia\">\n<div class=\"wpb_column columns small-12 medium-12 thb-dark-column\">\n<div class=\"vc_column-inner \">\n<div class=\"wpb_wrapper\">\n<div class=\"wpb_single_image wpb_content_element vc_align_center vc_custom_1600970064015\">\n<figure class=\"wpb_wrapper vc_figure\">\n<div class=\"vc_single_image-wrapper vc_box_border_grey\"><img loading=\"lazy\" decoding=\"async\" class=\"vc_single_image-img attachment-full\" src=\"https:\/\/www.psib-psoe.org\/wp-content\/uploads\/Executiva-FSM-24-09-20.jpg\" alt=\"\" width=\"3896\" height=\"2525\" \/><\/div>\n<\/figure>\n<\/div>\n<\/div>\n<\/div>\n<\/div>\n<\/div>\n<div class=\"row wpb_row row-fluid intro full-width-row vc_custom_1558336094678\">\n<div class=\"col_izq wpb_column columns small-12 medium-12 thb-dark-column\">\n<div class=\"vc_column-inner \">\n<div class=\"wpb_wrapper\">\n<div class=\"wpb_text_column wpb_content_element \">\n<div class=\"wpb_wrapper\">\n<p><em><u>La Comissi\u00f3 Executiva insular ha aprovat la Comissi\u00f3 Gestora que dirigir\u00e0 l\u2019Agrupaci\u00f3 Socialista de Felanitx els pr\u00f2xims mesos amb una petici\u00f3 directa al batle del municipi: que cessi al regidor Joan Aznar i que distribueixi les seves \u00e0rees de govern entre els regidors socialistes<\/u><\/em><\/p>\n<\/div>\n<\/div>\n<\/div>\n<\/div>\n<\/div>\n<\/div>\n<div class=\"row wpb_row row-fluid full-width-row\">\n<div class=\"col_izq wpb_column columns small-12 medium-6 thb-dark-column\">\n<div class=\"vc_column-inner \">\n<div class=\"wpb_wrapper\">\n<div class=\"wpb_text_column wpb_content_element \">\n<div class=\"wpb_wrapper\">\n<p>Els Socialistes de Mallorca han reunit a la Comissi\u00f3 Executiva de forma semipresencial i en car\u00e0cter ordinari per analitzar la situaci\u00f3 pol\u00edtica actual, la qual una vegada m\u00e9s est\u00e0 marcada per la pand\u00e8mia de la COVID-19.<\/p>\n<p>El secretari d\u2019Organitzaci\u00f3, Miquel \u00c0ngel Coll, ha avan\u00e7at que \u201chem posat en valor que per sortir d\u2019aquesta crisi nom\u00e9s es pot fer des del sector p\u00fablic i amb el refor\u00e7 dels serveis p\u00fablics\u201d, tal com estan fent els companys i companyes socialistes que estan governant a altres institucions.<\/p>\n<p>D\u2019aqu\u00ed que el secretari d\u2019Organitzaci\u00f3 hagi exposat difer\u00e8ncies amb altres governs de la dreta. \u201cNo \u00e9s el mateix acomiadar professionals sanitaris i professors que contractar-ne m\u00e9s, no \u00e9s el mateix retallar prestacions que garantir drets amb una Renda Social Garantida i un Ingr\u00e9s M\u00ednim Vital que no deixen ning\u00fa enrere\u201d, ha explicat Coll.<\/p>\n<p>Per aix\u00f2, els Socialistes de Mallorca s\u2019han comprom\u00e8s a continuar treballant en aquesta l\u00ednia, perqu\u00e8 \u201cs\u2019acosten mesos que seran durs i necessitam tenir la maquin\u00e0ria ben engreixada per respondre a les necessitats de la ciutadania\u201d.<\/p>\n<p>D\u2019altra banda, la Comissi\u00f3 Executiva insular ha aprovat la posada en marxa d\u2019una escola de formaci\u00f3 per a regidors i regidores. \u201cSom una formaci\u00f3 amb un marcat caire municipalista i part de la nostra responsabilitat \u00e9s formar en mat\u00e8ries com hisenda, habitatge, protecci\u00f3 social, salut o pol\u00edtiques relacionades amb la COVID-19, entre d\u2019altres.<\/p>\n<p>Finalment, tamb\u00e9 s\u2019ha aprovat una resoluci\u00f3 de suport a la setmana europea de la mobilitat, \u201camb la qual refermam el nostre comprom\u00eds amb la mobilitat sostenible i segura\u201d, ha anunciat Coll. \u201cBona mostra ser\u00e0 el nou TIB, que en poc temps estar\u00e0 en marxa i que suposar\u00e0 una passa de gegant pel que fa a la reducci\u00f3 d\u2019emissions, de preus, l\u2019augment de freq\u00fc\u00e8ncies i l\u00ednies i la modernitzaci\u00f3 de la flota de busos\u201d.<\/p>\n<\/div>\n<\/div>\n<\/div>\n<\/div>\n<\/div>\n<div class=\"col_dcha wpb_column columns small-12 medium-6 thb-dark-column\">\n<div class=\"vc_column-inner \">\n<div class=\"wpb_wrapper\">\n<div class=\"wpb_text_column wpb_content_element \">\n<div class=\"wpb_wrapper\">\n<p><strong><u>Comissi\u00f3 Gestora de l\u2019Agrupaci\u00f3 Socialista de Felanitx<\/u><\/strong><\/p>\n<p>L\u2019Executiva tamb\u00e9 ha donat llum verda a la Comissi\u00f3 Gestora que dirigir\u00e0 l\u2019Agrupaci\u00f3 Socialista de Felanitx els pr\u00f2xims mesos, i que estar\u00e0 formada per la regidora socialista Gr\u00e0cia Gonz\u00e1lez com a Presidenta, per la militant Beatriz Ochera com a Vicepresidenta, per Juan Andr\u00e9s Garc\u00eda com a vocal, i per Cosme Bonet i Tolo Aguilar per part de la Federaci\u00f3 Socialista de Mallorca.<\/p>\n<p>En relaci\u00f3 amb la situaci\u00f3 actual, Coll ha recordat que \u201ca les passades eleccions el Partit Socialista va tenir 4 regidors\u00a0 que van fer possible la conformaci\u00f3 d\u2019un pacte de centre esquerra a Felanitx, sent la for\u00e7a m\u00e9s votada d\u2019aquest pacte\u201d, a la qual cosa ha afegit que \u201caix\u00f2 ha de seguir sent aix\u00ed, perqu\u00e8 que en lloc de 4 regidors n\u2019hi hagi 3 \u00e9s una anomalia democr\u00e0tica\u201d.<\/p>\n<p>Per aix\u00f2, el secretari d\u2019Organitzaci\u00f3 ha demanat una vegada m\u00e9s a Joan Aznar que deixi la seva acta de regidor. \u201cSi b\u00e9 \u00e9s cert que la llei diu que les actes s\u00f3n personals, nosaltres defensam que aquestes corresponen a una candidatura, que \u00e9s la del PSIB-PSOE\u201d.<\/p>\n<p>En aquest sentit, Coll ha insistit en qu\u00e8 \u201cuna persona no pot partir a mitges, si no est\u00e0 d\u2019acord amb el projecte pel qual s\u2019ha presentat i obtingut el suport de la ciutadania pot partir, per\u00f2 ha de deixar pas a un altre company que s\u00ed tengui la for\u00e7a i l\u2019energia per seguir defensant el projecte socialista al municipi\u201d. En qualsevol cas, el dirigent socialista ha remarcat que \u201csi Aznar no deixa la seva acta, estam davant un cas de transfuguisme\u201d.<\/p>\n<p>\u00c9s per aquest fet que Coll ha exigit al batle que destitueixi de les seves funcions a Aznar i que les reparteixi entre els tres regidors que segueixen representant al Partit Socialista. \u201cSi al batle li costa entendre aquesta q\u00fcesti\u00f3, demanam empar a El Pi\u201d, ha demanat el socialista.<\/p>\n<p>\u201c\u00c9s una q\u00fcesti\u00f3 greu i El Pi sempre ha estat un soci molt lleial que ha respectat els acords als quals hem arribat en la conformaci\u00f3 de qualsevol govern municipal\u201d, per la qual cosa \u201chan de fer entendre al batle que estam davant un cas de transfuguisme i que mantenir a un regidor que \u00e9s tr\u00e0nsfuga suposa una ruptura del pacte anti transfuguisme, una de les q\u00fcestions m\u00e9s greus que poden passar en pol\u00edtica municipal\u201d.<\/p>\n<p>De fet, Coll ha reconegut que un fet aix\u00ed \u201cseria un atac a l\u2019historial municipal d\u2019El Pi\u201d, per la qual cosa \u201cestam conven\u00e7uts que no ho poden permetre de cap de les maneres i que si al seu batle li costa entendre-ho, El pi d\u2019alguna manera li ha de fer entendre\u201d.<\/p>\n<p>Finalment, el secretari d\u2019Organitzaci\u00f3 ha apuntat que \u201ccom no pot ser d\u2019altra manera, tamb\u00e9 demanam al Bloc per Felanitx que compleixi el pacte i no es mantengui en un equip de govern sustentat per un regidor tr\u00e0nsfuga\u201d.<\/p>\n<\/div>\n<\/div>\n<\/div>\n<\/div>\n<\/div>\n<\/div>\n[\/vc_column_text][\/vc_column][\/vc_row]\n<\/div>","protected":false},"excerpt":{"rendered":"<p>[vc_row][vc_column][vc_column_text] La Comissi\u00f3 Executiva insular ha aprovat la Comissi\u00f3 Gestora que dirigir\u00e0 l\u2019Agrupaci\u00f3 Socialista de Felanitx els pr\u00f2xims mesos amb una petici\u00f3 directa al batle del municipi: que cessi al regidor Joan Aznar i que distribueixi les seves \u00e0rees de govern entre els regidors socialistes Els Socialistes de Mallorca han reunit a la Comissi\u00f3 Executiva&hellip;<\/p>\n","protected":false},"author":1,"featured_media":25459,"comment_status":"closed","ping_status":"open","sticky":false,"template":"","format":"standard","meta":{"footnotes":""},"categories":[2,90,92],"tags":[77],"class_list":["post-25458","post","type-post","status-publish","format-standard","has-post-thumbnail","hentry","category-federacio-de-mallorca","category-municipis","category-portada","tag-federacio-socialista-de-mallorca"],"_links":{"self":[{"href":"https:\/\/www.psib-psoe.org\/mallorca\/wp-json\/wp\/v2\/posts\/25458"}],"collection":[{"href":"https:\/\/www.psib-psoe.org\/mallorca\/wp-json\/wp\/v2\/posts"}],"about":[{"href":"https:\/\/www.psib-psoe.org\/mallorca\/wp-json\/wp\/v2\/types\/post"}],"author":[{"embeddable":true,"href":"https:\/\/www.psib-psoe.org\/mallorca\/wp-json\/wp\/v2\/users\/1"}],"replies":[{"embeddable":true,"href":"https:\/\/www.psib-psoe.org\/mallorca\/wp-json\/wp\/v2\/comments?post=25458"}],"version-history":[{"count":0,"href":"https:\/\/www.psib-psoe.org\/mallorca\/wp-json\/wp\/v2\/posts\/25458\/revisions"}],"wp:featuredmedia":[{"embeddable":true,"href":"https:\/\/www.psib-psoe.org\/mallorca\/wp-json\/wp\/v2\/media\/25459"}],"wp:attachment":[{"href":"https:\/\/www.psib-psoe.org\/mallorca\/wp-json\/wp\/v2\/media?parent=25458"}],"wp:term":[{"taxonomy":"category","embeddable":true,"href":"https:\/\/www.psib-psoe.org\/mallorca\/wp-json\/wp\/v2\/categories?post=25458"},{"taxonomy":"post_tag","embeddable":true,"href":"https:\/\/www.psib-psoe.org\/mallorca\/wp-json\/wp\/v2\/tags?post=25458"}],"curies":[{"name":"wp","href":"https:\/\/api.w.org\/{rel}","templated":true}]}}