{"id":25475,"date":"2020-09-29T18:28:36","date_gmt":"2020-09-29T16:28:36","guid":{"rendered":"http:\/\/www.psib-psoe.org\/mallorca\/?p=25475"},"modified":"2020-09-29T18:28:36","modified_gmt":"2020-09-29T16:28:36","slug":"els-socialistes-consideren-que-loferiment-del-pp-al-batle-de-felanitx-evidencia-les-converses-conjuntes-previes-a-la-ruptura-del-pacte-de-govern","status":"publish","type":"post","link":"https:\/\/www.psib-psoe.org\/mallorca\/els-socialistes-consideren-que-loferiment-del-pp-al-batle-de-felanitx-evidencia-les-converses-conjuntes-previes-a-la-ruptura-del-pacte-de-govern\/","title":{"rendered":"Els socialistes consideren que l\u2019oferiment del PP al batle de Felanitx evidencia les converses conjuntes pr\u00e8vies a la ruptura del pacte de govern"},"content":{"rendered":"<div class=\"wpb-content-wrapper\">[vc_row][vc_column][vc_single_image image=&#8221;25468&#8243; img_size=&#8221;full&#8221; alignment=&#8221;center&#8221;][\/vc_column][\/vc_row][vc_row][vc_column][vc_column_text]<em><u>La Comissi\u00f3 Gestora insisteix a demanar a Joan Aznar la seva acta de regidor perqu\u00e8 el PSIB-PSOE tengui 4 regidors i regidores a l\u2019Ajuntament, tal com van votar els felanitxers i les felanitxeres<\/u><\/em>[\/vc_column_text][\/vc_column][\/vc_row][vc_row][vc_column width=&#8221;1\/2&#8243;][vc_column_text]Una vegada consumada la sortida del Bloc de l\u2019equip de govern de Felanitx, la Comissi\u00f3 Gestora de l\u2019Agrupaci\u00f3 Socialista de Felanitx considera que \u201cs\u2019estan complint una per una les passes que est\u00e0vem advertint els socialistes\u201d.<\/p>\n<p>Els Socialistes de Felanitx lamenten que el batle \u201chagi dinamitat el pacte expulsant primer al Partit Socialista i quedant finalment en mans del PP\u201d, una aritm\u00e8tica que \u201cestava en el cap del batle, com es va notar en el darrer ple, i que ja havia elegit, simulant voluntat de di\u00e0leg quan la decisi\u00f3 per part seva ja estava presa\u201d.<\/p>\n<p>La Gestora ha recordat que des del Partit Socialista \u201cja avis\u00e0vem que les accions del batle entregaven tot el poder de decisi\u00f3 de l\u2019Ajuntament al PP\u201d, fet que s\u2019est\u00e0 confirmant, ja que \u201cel Bloc ho ha ent\u00e8s com nosaltres i el PP s\u2019ha oferit a donar estabilitat a El Pi, de manera que es van complint totes les passes perqu\u00e8 el PP torni a governar a Felanitx\u201d.[\/vc_column_text][\/vc_column][vc_column width=&#8221;1\/2&#8243;][vc_column_text]Els socialistes insisteixen en qu\u00e8 \u201cpensam que el batle fa mesos que tenia aquesta intenci\u00f3 i ha treballat per a fer-la realitat, aprofitant-se de circumst\u00e0ncies personals de dins el Partit Socialista amb una actitud poc lleial per for\u00e7ar la ruptura que una vegada consumada entrega el govern municipal al PP\u201d. De fet, els socialistes apunten que \u201cel batle parlava amb el PP mentre assegurava al regidor Joan Aznar i al Bloc que volia mantenir el pacte, de manera que podem dir que Jaume Monserrat ha utilitzat a Aznar per poder sumar amb el PP\u201d.<\/p>\n<p>En qualsevol cas, la Comissi\u00f3 Gestora considera que \u201cels socialistes de Felanitx hem fet feina pel poble i pel pacte durant mesos i fins al darrer moment, per la qual cosa donar ara les culpes al Partit Socialista s\u00f3n excuses de mal pagador\u201d.<\/p>\n<p>La Gestora tamb\u00e9 s\u2019ha dirigit al regidor Joan Aznar, a qui li ha reclamat una vegada m\u00e9s que torni la seva acta de regidor i faci possible el que van elegir les urnes, com \u00e9s que el PSIB-PSOE tengui 4 regidors i regidores a l\u2019Ajuntament de Felanitx.[\/vc_column_text][\/vc_column][\/vc_row]\n<\/div>","protected":false},"excerpt":{"rendered":"<p>[vc_row][vc_column][vc_single_image image=&#8221;25468&#8243; img_size=&#8221;full&#8221; alignment=&#8221;center&#8221;][\/vc_column][\/vc_row][vc_row][vc_column][vc_column_text]La Comissi\u00f3 Gestora insisteix a demanar a Joan Aznar la seva acta de regidor perqu\u00e8 el PSIB-PSOE tengui 4 regidors i regidores a l\u2019Ajuntament, tal com van votar els felanitxers i les felanitxeres[\/vc_column_text][\/vc_column][\/vc_row][vc_row][vc_column width=&#8221;1\/2&#8243;][vc_column_text]Una vegada consumada la sortida del Bloc de l\u2019equip de govern de Felanitx, la Comissi\u00f3 Gestora de l\u2019Agrupaci\u00f3 Socialista&hellip;<\/p>\n","protected":false},"author":4,"featured_media":25468,"comment_status":"open","ping_status":"open","sticky":false,"template":"","format":"standard","meta":{"footnotes":""},"categories":[90,92],"tags":[],"class_list":["post-25475","post","type-post","status-publish","format-standard","has-post-thumbnail","hentry","category-municipis","category-portada"],"_links":{"self":[{"href":"https:\/\/www.psib-psoe.org\/mallorca\/wp-json\/wp\/v2\/posts\/25475"}],"collection":[{"href":"https:\/\/www.psib-psoe.org\/mallorca\/wp-json\/wp\/v2\/posts"}],"about":[{"href":"https:\/\/www.psib-psoe.org\/mallorca\/wp-json\/wp\/v2\/types\/post"}],"author":[{"embeddable":true,"href":"https:\/\/www.psib-psoe.org\/mallorca\/wp-json\/wp\/v2\/users\/4"}],"replies":[{"embeddable":true,"href":"https:\/\/www.psib-psoe.org\/mallorca\/wp-json\/wp\/v2\/comments?post=25475"}],"version-history":[{"count":0,"href":"https:\/\/www.psib-psoe.org\/mallorca\/wp-json\/wp\/v2\/posts\/25475\/revisions"}],"wp:featuredmedia":[{"embeddable":true,"href":"https:\/\/www.psib-psoe.org\/mallorca\/wp-json\/wp\/v2\/media\/25468"}],"wp:attachment":[{"href":"https:\/\/www.psib-psoe.org\/mallorca\/wp-json\/wp\/v2\/media?parent=25475"}],"wp:term":[{"taxonomy":"category","embeddable":true,"href":"https:\/\/www.psib-psoe.org\/mallorca\/wp-json\/wp\/v2\/categories?post=25475"},{"taxonomy":"post_tag","embeddable":true,"href":"https:\/\/www.psib-psoe.org\/mallorca\/wp-json\/wp\/v2\/tags?post=25475"}],"curies":[{"name":"wp","href":"https:\/\/api.w.org\/{rel}","templated":true}]}}