{"id":25488,"date":"2020-10-04T11:45:32","date_gmt":"2020-10-04T09:45:32","guid":{"rendered":"http:\/\/www.psib-psoe.org\/mallorca\/?p=25488"},"modified":"2020-10-04T11:45:32","modified_gmt":"2020-10-04T09:45:32","slug":"el-psib-psoe-denuncia-que-la-intencio-del-batle-de-felanitx-ha-estat-donar-el-poder-al-pp-des-del-primer-minut","status":"publish","type":"post","link":"https:\/\/www.psib-psoe.org\/mallorca\/el-psib-psoe-denuncia-que-la-intencio-del-batle-de-felanitx-ha-estat-donar-el-poder-al-pp-des-del-primer-minut\/","title":{"rendered":"El PSIB-PSOE denuncia que la intenci\u00f3 del batle de Felanitx ha estat donar el poder al PP des del primer minut"},"content":{"rendered":"<div class=\"wpb-content-wrapper\">[vc_row][vc_column][vc_single_image image=&#8221;25468&#8243; img_size=&#8221;full&#8221; alignment=&#8221;center&#8221;][\/vc_column][\/vc_row][vc_row][vc_column][vc_column_text]<em><u>Cosme Bonet: \u201cEl Pi haur\u00e0 de respondre davant el poble per una operaci\u00f3 que suposar\u00e0 una vertadera decepci\u00f3 per als felanitxers i felanitxeres que varen votar per la continu\u00eftat del pacte de 2015\u201d<\/u><\/em>[\/vc_column_text][\/vc_column][\/vc_row][vc_row][vc_column width=&#8221;1\/2&#8243;][vc_column_text]El PSIB-PSOE denuncia que la intenci\u00f3 del batle de Felanitx, Jaume Montserrat (El Pi), ha estat donar el poder municipal al Partit Popular des del primer minut, ateses les informacions que assenyalen que El Pi i PP fa dies que negocien per tancar un pacte que \u201cfaci virar Felanitx cap a la dreta\u201d.<\/p>\n<p>\u201cLes not\u00edcies que hem conegut avui demostren que la intencionalitat de tota l\u2019operaci\u00f3 orquestrada per la batllia i el seu entorn era expulsar el PSIB-PSOE del pacte i aconseguir que el Bloc tampoc no continu\u00e0s per poder donar tot el poder al Partit Popular\u201d, asseveren des de la Comissi\u00f3 Gestora de l\u2019Agrupaci\u00f3 Socialista de Felanitx.<\/p>\n<p>Tal com s\u2019assenyala, avui \u201cveim com les negociacions per conformar un pacte de dretes a Felanitx van a bon ritme, fet que confirma la nostra sospita que la ruptura del pacte per part d\u2019El Pi no s\u2019ha donat per cap situaci\u00f3 personal ni per cap conflicte intern a cap dels socis que conformaven el pacte progressista, sin\u00f3 per una decisi\u00f3 del batle de fer un gir a la dreta a l\u2019Ajuntament\u201d.[\/vc_column_text][\/vc_column][vc_column width=&#8221;1\/2&#8243;][vc_column_text]A m\u00e9s a m\u00e9s, la Comissi\u00f3 Gestora tamb\u00e9 destaca que \u201caquest acord s\u2019est\u00e0 produint sense que hi hagi hagut un sol intent per part del batle de reconstruir el pacte que havia governat al municipi des de 2015\u201d.<\/p>\n<p>Per tot aix\u00f2 plegat, els socialistes demanen a El Pi que \u201crespongui davant el poble per una operaci\u00f3 que suposar\u00e0 una vertadera decepci\u00f3 per als felanitxers i felanitxeres que varen votar per la continu\u00eftat del pacte de 2015\u201d.[\/vc_column_text][\/vc_column][\/vc_row]\n<\/div>","protected":false},"excerpt":{"rendered":"<p>[vc_row][vc_column][vc_single_image image=&#8221;25468&#8243; img_size=&#8221;full&#8221; alignment=&#8221;center&#8221;][\/vc_column][\/vc_row][vc_row][vc_column][vc_column_text]Cosme Bonet: \u201cEl Pi haur\u00e0 de respondre davant el poble per una operaci\u00f3 que suposar\u00e0 una vertadera decepci\u00f3 per als felanitxers i felanitxeres que varen votar per la continu\u00eftat del pacte de 2015\u201d[\/vc_column_text][\/vc_column][\/vc_row][vc_row][vc_column width=&#8221;1\/2&#8243;][vc_column_text]El PSIB-PSOE denuncia que la intenci\u00f3 del batle de Felanitx, Jaume Montserrat (El Pi), ha estat donar el poder&hellip;<\/p>\n","protected":false},"author":3,"featured_media":25468,"comment_status":"open","ping_status":"open","sticky":false,"template":"","format":"standard","meta":{"footnotes":""},"categories":[90,92],"tags":[128],"class_list":["post-25488","post","type-post","status-publish","format-standard","has-post-thumbnail","hentry","category-municipis","category-portada","tag-felanitx"],"_links":{"self":[{"href":"https:\/\/www.psib-psoe.org\/mallorca\/wp-json\/wp\/v2\/posts\/25488"}],"collection":[{"href":"https:\/\/www.psib-psoe.org\/mallorca\/wp-json\/wp\/v2\/posts"}],"about":[{"href":"https:\/\/www.psib-psoe.org\/mallorca\/wp-json\/wp\/v2\/types\/post"}],"author":[{"embeddable":true,"href":"https:\/\/www.psib-psoe.org\/mallorca\/wp-json\/wp\/v2\/users\/3"}],"replies":[{"embeddable":true,"href":"https:\/\/www.psib-psoe.org\/mallorca\/wp-json\/wp\/v2\/comments?post=25488"}],"version-history":[{"count":0,"href":"https:\/\/www.psib-psoe.org\/mallorca\/wp-json\/wp\/v2\/posts\/25488\/revisions"}],"wp:featuredmedia":[{"embeddable":true,"href":"https:\/\/www.psib-psoe.org\/mallorca\/wp-json\/wp\/v2\/media\/25468"}],"wp:attachment":[{"href":"https:\/\/www.psib-psoe.org\/mallorca\/wp-json\/wp\/v2\/media?parent=25488"}],"wp:term":[{"taxonomy":"category","embeddable":true,"href":"https:\/\/www.psib-psoe.org\/mallorca\/wp-json\/wp\/v2\/categories?post=25488"},{"taxonomy":"post_tag","embeddable":true,"href":"https:\/\/www.psib-psoe.org\/mallorca\/wp-json\/wp\/v2\/tags?post=25488"}],"curies":[{"name":"wp","href":"https:\/\/api.w.org\/{rel}","templated":true}]}}