{"id":25493,"date":"2020-10-06T14:12:52","date_gmt":"2020-10-06T12:12:52","guid":{"rendered":"http:\/\/www.psib-psoe.org\/mallorca\/?p=25493"},"modified":"2021-02-05T11:34:40","modified_gmt":"2021-02-05T09:34:40","slug":"pacte-vergonya-felanitx","status":"publish","type":"post","link":"https:\/\/www.psib-psoe.org\/mallorca\/pacte-vergonya-felanitx\/","title":{"rendered":"Els Socialistes de Mallorca denuncien que \u201cel pacte de la vergonya \u00e9s una tra\u00efci\u00f3 a la ciutadania de Felanitx\u201d"},"content":{"rendered":"<div class=\"wpb-content-wrapper\">[vc_row][vc_column][vc_single_image image=&#8221;25494&#8243; img_size=&#8221;full&#8221; alignment=&#8221;center&#8221;][\/vc_column][\/vc_row][vc_row][vc_column][vc_raw_html]JTNDaWZyYW1lJTIwaWQlM0QlMjdhdWRpb181NzUwODIxMCUyNyUyMGZyYW1lYm9yZGVyJTNEJTI3MCUyNyUyMGFsbG93ZnVsbHNjcmVlbiUzRCUyNyUyNyUyMHNjcm9sbGluZyUzRCUyN25vJTI3JTIwaGVpZ2h0JTNEJTI3MjAwJTI3JTIwc3R5bGUlM0QlMjdib3JkZXIlM0ExcHglMjBzb2xpZCUyMCUyM0VFRSUzQiUyMGJveC1zaXppbmclM0Fib3JkZXItYm94JTNCJTIwd2lkdGglM0ExMDAlMjUlM0IlMjclMjBzcmMlM0QlMjJodHRwcyUzQSUyRiUyRnd3dy5pdm9veC5jb20lMkZwbGF5ZXJfZWpfNTc1MDgyMTBfNF8xLmh0bWwlM0ZjMSUzRGZmNjYwMCUyMiUzRSUzQyUyRmlmcmFtZSUzRQ==[\/vc_raw_html][\/vc_column][\/vc_row][vc_row][vc_column][vc_column_text]\n<p style=\"font-weight: 400;\"><em><u>Miquel \u00c0ngel Coll acusa Montserrat d\u2019executar un pla per \u201cconservar la cadira\u201d a costa de \u201cpactar amb alg\u00fa que ha venut els seus ideals per una n\u00f2mina\u201d<\/u><\/em><\/p>\n<p style=\"font-weight: 400;\"><em><u>Xisco Duarte: \u201cels regidors socialistes que quedam no estam en venda\u201d<\/u><\/em><\/p>\n[\/vc_column_text][\/vc_column][\/vc_row][vc_row][vc_column width=&#8221;1\/2&#8243;][vc_column_text]\n<p style=\"font-weight: 400;\">La Federaci\u00f3 Socialista de Mallorca ha denunciat avui que el \u201cPacte de la Vergonya\u201d de Felanitx consumat entre el Pi, el PP i el regidor tr\u00e0nsfuga Joan Aznar \u00e9s \u201cuna tra\u00efci\u00f3 a la ciutadania de Felanitx i un misil a la democr\u00e0cia\u201d que \u201cforma part d\u2019un pla de Montserrat per conservar la cadira els quatre anys\u201d<\/p>\n<p style=\"font-weight: 400;\">El Secretari d\u2019Organitzaci\u00f3 dels i les Socialistes de Mallorca, Miquel \u00c0ngel Coll, ha assegurat avui que \u201cMontserrat dur\u00e0 el dubt\u00f3s honor de ser un batle de dretes amb els vots caducats de l\u2019esquerra, pactant amb alg\u00fa que ven els seus ideals per una n\u00f2mina\u201d, fet que pel socialista \u201cposa en q\u00fcesti\u00f3 la seva legitimitat\u201d.<\/p>\n<p style=\"font-weight: 400;\">Per a Coll est\u00e0 clar que \u201csi b\u00e9 el tr\u00e0nsfuga ha estat un col\u00b7laborador imprescindible per justificar la ruptura del pacte, el pla ha estat orquestrat per les Juntes Locals del Pi i el PP de Felanitx\u201d, i per aix\u00f2 ha exigit \u201cque parlin clar d\u2019una vegada i deixin d\u2019intentar enganar ning\u00fa m\u00e9s\u201d.<\/p>\n<p style=\"font-weight: 400;\">De la mateixa manera, i davant la \u201cgravetat de la situaci\u00f3\u201d, que ha qualificat d\u2019\u201cinsostenible per a qualsevol partit que defensi la democr\u00e0cia\u201d, el socialista ha apel\u00b7lat directament Biel Company i Toni Amengual, perqu\u00e8 \u201cdonin compliment al pacte antitransfuguisme\u201d, ja que \u201cest\u00e0 clar que \u00e9s in\u00fatil demanar m\u00e9s vegades a Joan Aznar que d\u00f3ni la seva acta o al batle que el cessi\u201d per\u00f2 \u201cconfiam en que els seus partits forcin la situaci\u00f3 i entenguin l\u2019esc\u00e0ndol que suposa un cas de transfuguisme, per Felanitx i per la democr\u00e0cia\u201d.<\/p>\n[\/vc_column_text][\/vc_column][vc_column width=&#8221;1\/2&#8243;][vc_column_text]\n<p style=\"font-weight: 400;\">Per la seva banda, el Portaveu del Grup Socialista a Felanitx, Xisco Duarte, ha lamentat que el regidor tr\u00e0nsfuga \u201cha tra\u00eft els 1.500 vots que v\u00e0ren donar suport al projecte socialista, enganant ciutadania de Felanitx, que a les urnes va triar donar continu\u00eftat al pacte d\u2019esquerres\u201d.<\/p>\n<p style=\"font-weight: 400;\">Per aix\u00f2, ha considerat que \u201cMontserrat haur\u00e0 de donar la cara i explicar per qu\u00e8 expulsa el progr\u00e9s del govern de Felanitx\u201d, tot i que s\u2019ha mostrat conven\u00e7ut que \u201ctot aix\u00f2 forma part d\u2019un pacte ja fraguat entre el Pi i el PP pel qual nom\u00e9s necessitaven un vot extra, que han hagut de rapinyar d\u2019un regidor d\u2019una altra formaci\u00f3\u201d.<\/p>\n<p style=\"font-weight: 400;\">Duarte ha reiterat el comprom\u00eds dels tres regidors socialistes de \u201cseguir fent feina des de l\u2019oposici\u00f3\u201d ja que \u201cels nostres ideals no estan en venda\u201d.<\/p>\n<p>\u00a0[\/vc_column_text][\/vc_column][\/vc_row][vc_row][vc_column][vc_separator color=&#8221;custom&#8221; align=&#8221;align_left&#8221; border_width=&#8221;3&#8243; el_width=&#8221;10&#8243; accent_color=&#8221;#e30613&#8243;][\/vc_column][\/vc_row]\n<\/div>","protected":false},"excerpt":{"rendered":"<p>[vc_row][vc_column][vc_single_image image=&#8221;25494&#8243; img_size=&#8221;full&#8221; alignment=&#8221;center&#8221;][\/vc_column][\/vc_row][vc_row][vc_column][vc_raw_html]JTNDaWZyYW1lJTIwaWQlM0QlMjdhdWRpb181NzUwODIxMCUyNyUyMGZyYW1lYm9yZGVyJTNEJTI3MCUyNyUyMGFsbG93ZnVsbHNjcmVlbiUzRCUyNyUyNyUyMHNjcm9sbGluZyUzRCUyN25vJTI3JTIwaGVpZ2h0JTNEJTI3MjAwJTI3JTIwc3R5bGUlM0QlMjdib3JkZXIlM0ExcHglMjBzb2xpZCUyMCUyM0VFRSUzQiUyMGJveC1zaXppbmclM0Fib3JkZXItYm94JTNCJTIwd2lkdGglM0ExMDAlMjUlM0IlMjclMjBzcmMlM0QlMjJodHRwcyUzQSUyRiUyRnd3dy5pdm9veC5jb20lMkZwbGF5ZXJfZWpfNTc1MDgyMTBfNF8xLmh0bWwlM0ZjMSUzRGZmNjYwMCUyMiUzRSUzQyUyRmlmcmFtZSUzRQ==[\/vc_raw_html][\/vc_column][\/vc_row][vc_row][vc_column][vc_column_text] Miquel \u00c0ngel Coll acusa Montserrat d\u2019executar un pla per \u201cconservar la cadira\u201d a costa de \u201cpactar amb alg\u00fa que ha venut els seus ideals per una n\u00f2mina\u201d Xisco Duarte: \u201cels regidors socialistes que quedam no estam en venda\u201d [\/vc_column_text][\/vc_column][\/vc_row][vc_row][vc_column width=&#8221;1\/2&#8243;][vc_column_text] La Federaci\u00f3 Socialista de Mallorca ha denunciat avui que el \u201cPacte&hellip;<\/p>\n","protected":false},"author":2,"featured_media":0,"comment_status":"open","ping_status":"open","sticky":false,"template":"","format":"standard","meta":{"footnotes":""},"categories":[2,90,92],"tags":[128,79,129],"class_list":["post-25493","post","type-post","status-publish","format-standard","hentry","category-federacio-de-mallorca","category-municipis","category-portada","tag-felanitx","tag-socialistes-de-mallorca","tag-xisco-duarte"],"_links":{"self":[{"href":"https:\/\/www.psib-psoe.org\/mallorca\/wp-json\/wp\/v2\/posts\/25493"}],"collection":[{"href":"https:\/\/www.psib-psoe.org\/mallorca\/wp-json\/wp\/v2\/posts"}],"about":[{"href":"https:\/\/www.psib-psoe.org\/mallorca\/wp-json\/wp\/v2\/types\/post"}],"author":[{"embeddable":true,"href":"https:\/\/www.psib-psoe.org\/mallorca\/wp-json\/wp\/v2\/users\/2"}],"replies":[{"embeddable":true,"href":"https:\/\/www.psib-psoe.org\/mallorca\/wp-json\/wp\/v2\/comments?post=25493"}],"version-history":[{"count":0,"href":"https:\/\/www.psib-psoe.org\/mallorca\/wp-json\/wp\/v2\/posts\/25493\/revisions"}],"wp:attachment":[{"href":"https:\/\/www.psib-psoe.org\/mallorca\/wp-json\/wp\/v2\/media?parent=25493"}],"wp:term":[{"taxonomy":"category","embeddable":true,"href":"https:\/\/www.psib-psoe.org\/mallorca\/wp-json\/wp\/v2\/categories?post=25493"},{"taxonomy":"post_tag","embeddable":true,"href":"https:\/\/www.psib-psoe.org\/mallorca\/wp-json\/wp\/v2\/tags?post=25493"}],"curies":[{"name":"wp","href":"https:\/\/api.w.org\/{rel}","templated":true}]}}