{"id":25515,"date":"2020-10-20T12:28:29","date_gmt":"2020-10-20T10:28:29","guid":{"rendered":"http:\/\/www.psib-psoe.org\/mallorca\/?p=25515"},"modified":"2020-10-20T12:28:29","modified_gmt":"2020-10-20T10:28:29","slug":"cladera-trobades-campanet","status":"publish","type":"post","link":"https:\/\/www.psib-psoe.org\/mallorca\/cladera-trobades-campanet\/","title":{"rendered":"Catalina Cladera enceta a Campanet una ronda de trobades entre la Federaci\u00f3 Socialista de Mallorca, membres socialistes del Consell de Mallorca i les agrupacions de la Part Forana"},"content":{"rendered":"<div class=\"wpb-content-wrapper\">[vc_row][vc_column][vc_single_image image=&#8221;25516&#8243; img_size=&#8221;full&#8221; alignment=&#8221;center&#8221;][\/vc_column][\/vc_row][vc_row][vc_column][\/vc_column][\/vc_row][vc_row][vc_column][vc_column_text]<em><u>La millora del cicle de l\u2019aigua i de la mobilitat i l\u2019\u00fas dels romanents varen ser els principals temes que la presidenta Cladera va tractar amb la batlessa, Rosa Bestard<\/u><\/em>[\/vc_column_text][\/vc_column][\/vc_row][vc_row][vc_column width=&#8221;1\/2&#8243;][vc_column_text]La Presidenta del Consell de Mallorca, <strong>Catalina Cladera<\/strong>, i el conseller electe <strong>Jaume Tortella<\/strong> varen participar ahir en una trobada amb l\u2019equip de govern socialista de l\u2019Ajuntament de Campanet, encap\u00e7alat per la batlessa <strong>Rosa Bestard<\/strong>.<\/p>\n<p>La presidenta es va interessar pels principals projectes en els quals est\u00e0 treballant l\u2019equip de govern local, com s\u00f3n la millora de la xarxa d\u2019aigua i la mobilitat, i l\u2019esfor\u00e7 pressupostari per donar soluci\u00f3 a les persones afectades per la crisi de la Covid-19.<\/p>\n<p>En aquest sentit, Cladera va explicar com la suspensi\u00f3 de les regles fiscals i la flexibilitzaci\u00f3 de l\u2019\u00fas dels romanents podr\u00e0 beneficiar el municipi de Campanet, i va oferir \u201ctot el suport jur\u00eddic i t\u00e8cnic que sigui necessari\u201d, recordant la posada en marxa, pr\u00f2ximament, d\u2019un servei d\u2019assessorament als Ajuntaments amb un seguit d\u2019agents de suport que es despla\u00e7aran als municipis m\u00e9s petits.[\/vc_column_text][\/vc_column][vc_column width=&#8221;1\/2&#8243;][vc_column_text]De la mateixa manera, Cladera es va interessar per la feina que est\u00e0 realitzant l\u2019equip de govern socialista per millorar el cicle de l\u2019aigua al municipi, que compta amb una xarxa, en s\u00f2l urb\u00e0, \u201ctotalment obsoleta, per on es perd m\u00e9s del 60% de l\u2019aigua, i a la que durant 30 anys s\u2019hi han realitzat molt poques intervencions de millora i manteniment\u201d, tal com va explicar la batlessa, Rosa Bestard.<\/p>\n<p>Per aquest motiu, Bestard va explicar que \u201cdestinarem una part important del Pla d\u2019inversions municipals a millorar les canonades en s\u00f2l urb\u00e0, i tamb\u00e9 hem presentat un projecte als Fons Europeus per millorar la gesti\u00f3 de l\u2019aigua al municipi\u201d.<\/p>\n<p>Aquesta trobada forma part d\u2019una ronda de reunions que ha organitzat la Federaci\u00f3 Socialista de Mallorca conjuntament amb el Grup Socialista a la instituci\u00f3 insular, que visitaran, sempre que la situaci\u00f3 sanit\u00e0ria ho permeti, les agrupacions socialistes dels diferents municipis de l\u2019illa, amb l\u2019objectiu de posar en com\u00fa l\u2019actualitat pol\u00edtica i els recursos del Consell per donar soluci\u00f3 als problemes de cada localitat.[\/vc_column_text][\/vc_column][\/vc_row][vc_row][vc_column][vc_separator color=&#8221;custom&#8221; align=&#8221;align_left&#8221; border_width=&#8221;3&#8243; el_width=&#8221;10&#8243; accent_color=&#8221;#e30613&#8243;][\/vc_column][\/vc_row]\n<\/div>","protected":false},"excerpt":{"rendered":"<p>[vc_row][vc_column][vc_single_image image=&#8221;25516&#8243; img_size=&#8221;full&#8221; alignment=&#8221;center&#8221;][\/vc_column][\/vc_row][vc_row][vc_column][\/vc_column][\/vc_row][vc_row][vc_column][vc_column_text]La millora del cicle de l\u2019aigua i de la mobilitat i l\u2019\u00fas dels romanents varen ser els principals temes que la presidenta Cladera va tractar amb la batlessa, Rosa Bestard[\/vc_column_text][\/vc_column][\/vc_row][vc_row][vc_column width=&#8221;1\/2&#8243;][vc_column_text]La Presidenta del Consell de Mallorca, Catalina Cladera, i el conseller electe Jaume Tortella varen participar ahir en una trobada amb l\u2019equip&hellip;<\/p>\n","protected":false},"author":2,"featured_media":0,"comment_status":"open","ping_status":"open","sticky":false,"template":"","format":"standard","meta":{"footnotes":""},"categories":[89,2,90,92],"tags":[],"class_list":["post-25515","post","type-post","status-publish","format-standard","hentry","category-consell-de-mallorca","category-federacio-de-mallorca","category-municipis","category-portada"],"_links":{"self":[{"href":"https:\/\/www.psib-psoe.org\/mallorca\/wp-json\/wp\/v2\/posts\/25515"}],"collection":[{"href":"https:\/\/www.psib-psoe.org\/mallorca\/wp-json\/wp\/v2\/posts"}],"about":[{"href":"https:\/\/www.psib-psoe.org\/mallorca\/wp-json\/wp\/v2\/types\/post"}],"author":[{"embeddable":true,"href":"https:\/\/www.psib-psoe.org\/mallorca\/wp-json\/wp\/v2\/users\/2"}],"replies":[{"embeddable":true,"href":"https:\/\/www.psib-psoe.org\/mallorca\/wp-json\/wp\/v2\/comments?post=25515"}],"version-history":[{"count":0,"href":"https:\/\/www.psib-psoe.org\/mallorca\/wp-json\/wp\/v2\/posts\/25515\/revisions"}],"wp:attachment":[{"href":"https:\/\/www.psib-psoe.org\/mallorca\/wp-json\/wp\/v2\/media?parent=25515"}],"wp:term":[{"taxonomy":"category","embeddable":true,"href":"https:\/\/www.psib-psoe.org\/mallorca\/wp-json\/wp\/v2\/categories?post=25515"},{"taxonomy":"post_tag","embeddable":true,"href":"https:\/\/www.psib-psoe.org\/mallorca\/wp-json\/wp\/v2\/tags?post=25515"}],"curies":[{"name":"wp","href":"https:\/\/api.w.org\/{rel}","templated":true}]}}