{"id":25518,"date":"2020-10-20T17:43:30","date_gmt":"2020-10-20T15:43:30","guid":{"rendered":"http:\/\/www.psib-psoe.org\/mallorca\/?p=25518"},"modified":"2021-02-05T11:34:12","modified_gmt":"2021-02-05T09:34:12","slug":"felanitx-reuib-mocio-antitransfuguisme","status":"publish","type":"post","link":"https:\/\/www.psib-psoe.org\/mallorca\/felanitx-reuib-mocio-antitransfuguisme\/","title":{"rendered":"Els Socialistes de Felanitx denuncien el rebuig del govern municipal de dretes al pacte anti transfuguisme"},"content":{"rendered":"<div class=\"wpb-content-wrapper\">[vc_row][vc_column][vc_single_image image=&#8221;25519&#8243; img_size=&#8221;full&#8221; alignment=&#8221;center&#8221;][\/vc_column][\/vc_row][vc_row][vc_column][\/vc_column][\/vc_row][vc_row][vc_column][vc_column_text]<i><u><span lang=\"CA\">Els socialistes han recordat com el 2005 Catalina Soler va presentar a l\u2019Ajuntament una moci\u00f3 anti transfuguisme \u201camb uns principis que en l\u2019actualitat sembla haver oblidat\u201d<\/span><\/u><\/i>[\/vc_column_text][\/vc_column][\/vc_row][vc_row][vc_column width=&#8221;1\/2&#8243;][vc_column_text]Els Socialistes de Felanitx han denunciat el rebuig del pacte anti tranfsuguisme per part del govern municipal de dretes, despr\u00e9s que al plenari d\u2019ahir es neguessin a debatre una moci\u00f3 presentada pel Grup Socialista per instar als partits que formen part de l\u2019Ajuntament a complir el pacte anti transfuguisme i per declarar al regidor Joan Aznar com a regidor en condici\u00f3 de tr\u00e0nsfuga.<\/p>\n<p>El PP, El Pi i el regidor tr\u00e0nsfuga han votat en contra de la urg\u00e8ncia per a debatre la iniciativa, en una sessi\u00f3 plen\u00e0ria en la qual \u201chem pogut comprovar que El Pi i el batle estan totalment sotmesos al PP i especialment a la senyora Soler, qui ha xerrat en nom del batle\u201d.<\/p>\n<p>Els socialistes lamenten que el govern format per El Pi, PP i el regidor no adscrit hagin decidit blanquejar un cas de transfuguisme tan greu com el que t\u00e9 lloc a Felanitx, despr\u00e9s que el regidor Joan Aznar decid\u00eds abandonar el Grup Municipal Socialista sense retornar l\u2019acta al partit amb el qual s\u2019havia presentat a les eleccions.<\/p>\n<p>Un fet especialment greu en el cas del PP, consideren els socialistes, perqu\u00e8 \u201cs\u00f3n signants del pacte anti transfuguisme, tant en la seva versi\u00f3 inicial del 1998 com en les renovacions produ\u00efdes els anys 2000 i 2006\u201d.[\/vc_column_text][\/vc_column][vc_column width=&#8221;1\/2&#8243;][vc_column_text]Els socialistes es demanen \u201ca qu\u00e8 t\u00e9 por el govern municipal per no deixar ni tan sols que es pugui debatre aquesta moci\u00f3\u201d, afegint que \u201cno sabem si tenen vergonya de recon\u00e8ixer que la governabilitat de l\u2019Ajuntament es sustenta en un cas de transfuguisme que no va m\u00e9s que debilitar la democr\u00e0cia i la voluntat expressada pels felanitxers i les felanitxeres a les urnes\u201d.<\/p>\n<p>Als socialistes els crida especialment l\u2019atenci\u00f3 la postura de la l\u00edder del PP i tinent de batle, Catalina Soler, qui el 2005 presentava una moci\u00f3 a l\u2019Ajuntament de Felanitx per rebutjar qualsevol forma de transfuguisme i per instar als partits pol\u00edtics amb representaci\u00f3 estatal a prendre mesures per dificultar-lo. \u201cEl PP i especialment la senyora Soler estan en contra del transfuguisme depenent de si els beneficia o no, veient com en l\u2019actualitat han oblidat uns principis que en el seu dia van defensar a Felanitx per poder accedir al govern municipal\u201d.<\/p>\n<p>De fet, els Socialistes de Felanitx han criticat que el PP \u201cs\u2019est\u00e0 convertint en el partit del transfuguisme, ja que despr\u00e9s del cas de Felanitx hem vist com a Llucmajor el seu batle tamb\u00e9 compta per a l\u2019equip de govern municipal amb dos exregidors de Vox\u201d, la qual cosa indica que \u201cel PP vol governar a qualsevol preu i sense tenir en compte ni les pol\u00edtiques que necessiten els nostres municipis ni el que ha votat la gent, amb el vistiplau de la seva direcci\u00f3 auton\u00f2mica\u201d.<\/p>\n<p>En qualsevol cas, i tot i la deriva del PP i d\u2019El Pi, els socialistes es comprometen a fer feina en defensa de l\u2019inter\u00e8s general dels felanitxers i les felanitxeres, aix\u00ed com tamb\u00e9 insisteixen al regidor Joan Aznar que renunci\u00ef a la seva acta de regidor i la retorni al Partit Socialista.[\/vc_column_text][\/vc_column][\/vc_row][vc_row][vc_column][vc_empty_space height=&#8221;50px&#8221;][vc_column_text]\n<h3 style=\"color: #e30613;\"><span class=\"bold\">Recursos addicionals<\/span><\/h3>\n[\/vc_column_text][vc_separator color=&#8221;custom&#8221; align=&#8221;align_left&#8221; border_width=&#8221;3&#8243; el_width=&#8221;10&#8243; accent_color=&#8221;#e30613&#8243;][vc_empty_space height=&#8221;50px&#8221;][vc_column_text]\n<ul>\n<li><a href=\"http:\/\/www.psib-psoe.org\/wp-content\/uploads\/20200127_JJPP-ARMENGOL.mp3\" target=\"_blank\" rel=\"noopener noreferrer\">\u00c0udio<\/a><\/li>\n<li><a href=\"http:\/\/www.psib-psoe.org\/wp-content\/uploads\/Senadors-IB-i-Can\u00e0ries.jpg\" target=\"_blank\" rel=\"noopener noreferrer\">Foto<\/a><\/li>\n<li><a href=\"http:\/\/www.psib-psoe.org\/wp-content\/uploads\/Susanna-Moll-1.pdf\" target=\"_blank\" rel=\"noopener noreferrer\">Proposici\u00f3 No de Llei<\/a><\/li>\n<\/ul>\n[\/vc_column_text][vc_empty_space height=&#8221;50px&#8221;][\/vc_column][\/vc_row]\n<\/div>","protected":false},"excerpt":{"rendered":"<p>[vc_row][vc_column][vc_single_image image=&#8221;25519&#8243; img_size=&#8221;full&#8221; alignment=&#8221;center&#8221;][\/vc_column][\/vc_row][vc_row][vc_column][\/vc_column][\/vc_row][vc_row][vc_column][vc_column_text]Els socialistes han recordat com el 2005 Catalina Soler va presentar a l\u2019Ajuntament una moci\u00f3 anti transfuguisme \u201camb uns principis que en l\u2019actualitat sembla haver oblidat\u201d[\/vc_column_text][\/vc_column][\/vc_row][vc_row][vc_column width=&#8221;1\/2&#8243;][vc_column_text]Els Socialistes de Felanitx han denunciat el rebuig del pacte anti tranfsuguisme per part del govern municipal de dretes, despr\u00e9s que al plenari d\u2019ahir es neguessin&hellip;<\/p>\n","protected":false},"author":2,"featured_media":25519,"comment_status":"open","ping_status":"open","sticky":false,"template":"","format":"standard","meta":{"footnotes":""},"categories":[90,92],"tags":[128,131],"class_list":["post-25518","post","type-post","status-publish","format-standard","has-post-thumbnail","hentry","category-municipis","category-portada","tag-felanitx","tag-pacte-anti-transfuguisme"],"_links":{"self":[{"href":"https:\/\/www.psib-psoe.org\/mallorca\/wp-json\/wp\/v2\/posts\/25518"}],"collection":[{"href":"https:\/\/www.psib-psoe.org\/mallorca\/wp-json\/wp\/v2\/posts"}],"about":[{"href":"https:\/\/www.psib-psoe.org\/mallorca\/wp-json\/wp\/v2\/types\/post"}],"author":[{"embeddable":true,"href":"https:\/\/www.psib-psoe.org\/mallorca\/wp-json\/wp\/v2\/users\/2"}],"replies":[{"embeddable":true,"href":"https:\/\/www.psib-psoe.org\/mallorca\/wp-json\/wp\/v2\/comments?post=25518"}],"version-history":[{"count":0,"href":"https:\/\/www.psib-psoe.org\/mallorca\/wp-json\/wp\/v2\/posts\/25518\/revisions"}],"wp:featuredmedia":[{"embeddable":true,"href":"https:\/\/www.psib-psoe.org\/mallorca\/wp-json\/wp\/v2\/media\/25519"}],"wp:attachment":[{"href":"https:\/\/www.psib-psoe.org\/mallorca\/wp-json\/wp\/v2\/media?parent=25518"}],"wp:term":[{"taxonomy":"category","embeddable":true,"href":"https:\/\/www.psib-psoe.org\/mallorca\/wp-json\/wp\/v2\/categories?post=25518"},{"taxonomy":"post_tag","embeddable":true,"href":"https:\/\/www.psib-psoe.org\/mallorca\/wp-json\/wp\/v2\/tags?post=25518"}],"curies":[{"name":"wp","href":"https:\/\/api.w.org\/{rel}","templated":true}]}}