{"id":25570,"date":"2020-11-12T13:38:57","date_gmt":"2020-11-12T11:38:57","guid":{"rendered":"https:\/\/www.psib-psoe.org\/mallorca\/el-senat-aprova-la-creacio-duna-ponencia-destudi-sobre-la-insularitat-a-proposta-del-psib-psoe\/"},"modified":"2020-11-12T13:38:57","modified_gmt":"2020-11-12T11:38:57","slug":"el-senat-aprova-la-creacio-duna-ponencia-destudi-sobre-la-insularitat-a-proposta-del-psib-psoe","status":"publish","type":"post","link":"https:\/\/www.psib-psoe.org\/mallorca\/el-senat-aprova-la-creacio-duna-ponencia-destudi-sobre-la-insularitat-a-proposta-del-psib-psoe\/","title":{"rendered":"El Senat aprova la creaci\u00f3 d\u2019una pon\u00e8ncia d\u2019estudi sobre la insularitat, a proposta del PSIB-PSOE"},"content":{"rendered":"<div class=\"row wpb_row row-fluid img_noticia\">\n<div class=\"wpb_column columns small-12 medium-12 thb-dark-column\">\n<div class=\"vc_column-inner  \">\n<div class=\"wpb_wrapper\">\n<div class=\"wpb_single_image wpb_content_element vc_align_center  vc_custom_1605181048938\">\n<figure class=\"wpb_wrapper vc_figure\">\n<div class=\"vc_single_image-wrapper   vc_box_border_grey\"><img loading=\"lazy\" decoding=\"async\" width=\"615\" height=\"345\" src=\"https:\/\/www.psib-psoe.org\/wp-content\/uploads\/Cosme-Bonet-12-11-20.png\" class=\"vc_single_image-img attachment-full\" alt=\"\" \/><\/div>\n<\/figure><\/div>\n<\/div>\n<\/div>\n<\/div>\n<\/div>\n<div class=\"row wpb_row row-fluid intro full-width-row vc_custom_1558336094678\">\n<div class=\"col_izq wpb_column columns small-12 medium-12 thb-dark-column\">\n<div class=\"vc_column-inner  \">\n<div class=\"wpb_wrapper\">\n<div class=\"wpb_text_column wpb_content_element  \">\n<div class=\"wpb_wrapper\">\n<p><em><u>Cosme Bonet: \u201cEs un fet important\u00edssim que la insularitat aconsegueixi espai propi a les institucions de l\u2019Estat, perqu\u00e8 podrem fer pedagogia de la situaci\u00f3 que patim pel fet de ser illes i, sobretot, podrem proposar solucions conjuntes a un problema hist\u00f2ric\u201d<\/u><\/em><\/p>\n<\/p><\/div><\/div>\n<\/div>\n<\/div>\n<\/div>\n<\/div>\n<div class=\"row wpb_row row-fluid full-width-row\">\n<div class=\"col_izq wpb_column columns small-12 medium-6 thb-dark-column\">\n<div class=\"vc_column-inner  \">\n<div class=\"wpb_wrapper\">\n<div class=\"wpb_text_column wpb_content_element  \">\n<div class=\"wpb_wrapper\">\n<p>La Comissi\u00f3 de Despoblament i Repte Demogr\u00e0fic del Senat ha aprovat la creaci\u00f3 d\u2019una pon\u00e8ncia d\u2019estudi sobre la insularitat, a proposta del PSIB-PSOE. Un fet que el portaveu del Grup Territorial socialista de Balears a la cambra alta i senador per Mallorca, Cosme Bonet, ha celebrat perqu\u00e8 permetr\u00e0 \u201cavaluar les dificultats inherents a la nostra situaci\u00f3 geogr\u00e0fica i les desigualtats que genera en els drets de la ciutadania\u201d.<\/p>\n<p>En concret, Bonet ha explicat que la insularitat \u201c\u00e9s un fet inamovible, f\u00edsic, geogr\u00e0fic, que no pot ser resolt o evitat per cap actuaci\u00f3 material, per la qual cosa l\u2019illa nom\u00e9s es pot comunicar per mar o aire\u201d. Un fet que, tal com ha argumentat el senador socialista, \u201cocasiona un cost superior en comunicacions, en les relacions econ\u00f2miques i en la possibilitat d\u2019obtenir recursos naturals fora dels que ens s\u00f3n propis\u201d.<\/p>\n<p>Tot plegat, suposa \u201cun evident cost econ\u00f2mic que frena la prosperitat de les illes en comparaci\u00f3 amb el territori peninsular\u201d.<\/p>\n<p>Bonet ha reconegut que en 40 anys de democr\u00e0cia \u201cs\u2019han fet passes, amb els distints R\u00e8gims Especials, fiscals, reconeixements europeus&#8230; les f\u00f3rmules s\u00f3n v\u00e0ries, per\u00f2 \u00e9s moment per analitzar el cam\u00ed recorregut i el que falta per rec\u00f3rrer\u201d.<\/p>\n<\/p><\/div><\/div>\n<\/div>\n<\/div>\n<\/div>\n<div class=\"col_dcha wpb_column columns small-12 medium-6 thb-dark-column\">\n<div class=\"vc_column-inner  \">\n<div class=\"wpb_wrapper\">\n<div class=\"wpb_text_column wpb_content_element  \">\n<div class=\"wpb_wrapper\">\n<p>A m\u00e9s a m\u00e9s, per a Bonet, es d\u00f3na compliment a dos mandats, com \u00e9s el de defensar els interessos de les Illes Balears i el constitucional, \u201cel qual compromet a totes les institucions de l\u2019Estat, i en particular al Senat, a representar als territoris\u201d.<\/p>\n<p>En aquest sentit, el senador per Mallorca ha recordat que la solidaritat \u00e9s un dels principis fonamentals sobre els quals s\u2019organitza territorialment Espanya i apareix a l\u2019article segon de la Carta Magna, mentre que a l\u2019article 138 \u201ces fa refer\u00e8ncia al fet insular en el marc de la solidaritat entre territoris, la qual cosa no \u00e9s casualitat\u201d.<\/p>\n<p>Amb aquesta pon\u00e8ncia, els socialistes esperem que totes les forces pol\u00edtiques es sumin a l\u2019estudi dels efectes que t\u00e9 sobre les nostres illes el fet insular i en les propostes que es poden aportar per posar-hi soluci\u00f3, partint de l\u2019enorme feina feta per Govern, Consells Insulars, ajuntaments, partits pol\u00edtics i agents econ\u00f2mics i socials en la proposta del REB acordada la passada legislatura.<\/p>\n<p>Finalment, Bonet ha concl\u00f2s que \u201c\u00e9s un fet important\u00edssim que la insularitat aconsegueixi espai propi a les institucions de l\u2019Estat, perqu\u00e8 podrem fer pedagogia de la situaci\u00f3 que patim pel fet de ser illes i, sobretot, podrem proposar solucions conjuntes a un problema hist\u00f2ric\u201d.<\/p>\n<\/p><\/div><\/div>\n<\/div>\n<\/div>\n<\/div>\n<\/div>\n<p>Source: Actualitat Fedaraci\u00f3 Mallorca<\/p>\n","protected":false},"excerpt":{"rendered":"<p>Cosme Bonet: \u201cEs un fet important\u00edssim que la insularitat aconsegueixi espai propi a les institucions de l\u2019Estat, perqu\u00e8 podrem fer pedagogia de la situaci\u00f3 que patim pel fet de ser illes i, sobretot, podrem proposar solucions conjuntes a un problema hist\u00f2ric\u201d La Comissi\u00f3 de Despoblament i Repte Demogr\u00e0fic del Senat ha aprovat la creaci\u00f3 d\u2019una&hellip;<\/p>\n","protected":false},"author":1,"featured_media":25571,"comment_status":"false","ping_status":"open","sticky":false,"template":"","format":"standard","meta":{"footnotes":""},"categories":[2],"tags":[77],"class_list":["post-25570","post","type-post","status-publish","format-standard","has-post-thumbnail","hentry","category-federacio-de-mallorca","tag-federacio-socialista-de-mallorca"],"_links":{"self":[{"href":"https:\/\/www.psib-psoe.org\/mallorca\/wp-json\/wp\/v2\/posts\/25570"}],"collection":[{"href":"https:\/\/www.psib-psoe.org\/mallorca\/wp-json\/wp\/v2\/posts"}],"about":[{"href":"https:\/\/www.psib-psoe.org\/mallorca\/wp-json\/wp\/v2\/types\/post"}],"author":[{"embeddable":true,"href":"https:\/\/www.psib-psoe.org\/mallorca\/wp-json\/wp\/v2\/users\/1"}],"replies":[{"embeddable":true,"href":"https:\/\/www.psib-psoe.org\/mallorca\/wp-json\/wp\/v2\/comments?post=25570"}],"version-history":[{"count":0,"href":"https:\/\/www.psib-psoe.org\/mallorca\/wp-json\/wp\/v2\/posts\/25570\/revisions"}],"wp:featuredmedia":[{"embeddable":true,"href":"https:\/\/www.psib-psoe.org\/mallorca\/wp-json\/wp\/v2\/media\/25571"}],"wp:attachment":[{"href":"https:\/\/www.psib-psoe.org\/mallorca\/wp-json\/wp\/v2\/media?parent=25570"}],"wp:term":[{"taxonomy":"category","embeddable":true,"href":"https:\/\/www.psib-psoe.org\/mallorca\/wp-json\/wp\/v2\/categories?post=25570"},{"taxonomy":"post_tag","embeddable":true,"href":"https:\/\/www.psib-psoe.org\/mallorca\/wp-json\/wp\/v2\/tags?post=25570"}],"curies":[{"name":"wp","href":"https:\/\/api.w.org\/{rel}","templated":true}]}}