{"id":25583,"date":"2020-11-30T14:52:09","date_gmt":"2020-11-30T12:52:09","guid":{"rendered":"http:\/\/www.psib-psoe.org\/mallorca\/?p=25583"},"modified":"2020-11-30T14:55:35","modified_gmt":"2020-11-30T12:55:35","slug":"comissio-politica-reglament","status":"publish","type":"post","link":"https:\/\/www.psib-psoe.org\/mallorca\/comissio-politica-reglament\/","title":{"rendered":"Llum verda dels partits del Pacte a la Comissi\u00f3 Pol\u00edtica per avaluar les decisions pol\u00edtiques en relaci\u00f3 als casos d\u2019explotaci\u00f3 sexual a persones menors d\u2019edat"},"content":{"rendered":"<div class=\"wpb-content-wrapper\">[vc_row][vc_column][vc_column_text]\n<p style=\"font-weight: 400;\"><em>Els partits del Pacte han valorat positivament la posada en marxa d\u2019aquesta Comissi\u00f3, que dona compliment al mandat del Ple i suposa una passa endavant en la investigaci\u00f3 de responsabilitats pol\u00edtiques<\/em><\/p>\n[\/vc_column_text][\/vc_column][\/vc_row][vc_row][vc_column width=&#8221;1\/2&#8243;][vc_column_text]\n<p style=\"font-weight: 400;\">Els Partits del Pacte han donat llum verda al reglament per posar en marxa la Comissi\u00f3 Pol\u00edtica que analitzar\u00e0 les decisions que preses en relaci\u00f3 a la detecci\u00f3 i la intervenci\u00f3 pol\u00edtica davant els casos d\u2019explotaci\u00f3 sexual infantil a persones menors d\u2019edat tutelades per l\u2019IMAS.<\/p>\n<p style=\"font-weight: 400;\">Aix\u00ed, el Consell Rector de l\u2019IMAS ha aprovat avui el document de constituci\u00f3 i el reglament que regir\u00e0 aquesta comissi\u00f3, donant aix\u00ed compliment al mandat del Ple del Consell, que va acordar la creaci\u00f3 d\u2019una comissi\u00f3 pol\u00edtica una vegada presentats els resultats de la Comissi\u00f3 d\u2019Experts i Expertes per donar resposta als casos d\u2019explotaci\u00f3 sexual a persones menors d\u2019edat tutelades.<\/p>\n<p style=\"font-weight: 400;\">El Portaveu del Grup Socialista,<strong>\u00a0Andreu Alcover,<\/strong>\u00a0ha assegurat que amb la posada en marxa d\u2019aquesta comissi\u00f3 \u201ces fa una passa endavant per donar resposta a la problem\u00e0tica de l\u2019explotaci\u00f3 sexual de menors de l\u2019IMAS, a trav\u00e9s d\u2019un mecanisme seri\u00f3s i documentat, i en el s\u00ed del Consell Rector de l\u2019IMAS, que \u00e9s on ha de ser\u201d.\u00a0 Per aix\u00f2, ha explicat que la comissi\u00f3 \u201ces posar\u00e0 a fer feina immediatament per avaluar qu\u00e8 s\u2019ha fet b\u00e9 i on s\u2019ha fallat, i aportar solucions per garantir el benestar dels i de les menors\u201d. En aquest sentit, ha lamentat que l\u2019oposici\u00f3 \u201csegueixi amb aquest circ medi\u00e0tic que nom\u00e9s t\u00e9 per objectiu treure un r\u00e8dit pol\u00edtic d\u2019un tema que \u00e9s molt delicat\u201d, i els ha convidat a \u201cdeixar de crear controv\u00e8rsia i pol\u00e8mica i comen\u00e7ar d\u2019una vegada, a fer feina pels i les menors sumant-se a la comissi\u00f3\u201d.<\/p>\n[\/vc_column_text][\/vc_column][vc_column width=&#8221;1\/2&#8243;][vc_column_text]\n<p style=\"font-weight: 400;\">El portaveu de M\u00c9S per Mallorca al Consell,\u00a0<strong>Guillem Balboa<\/strong>, ha valorat \u201cla necessitat d\u2019avaluar les actuacions pol\u00edtiques i detectar possibles errors\u201d. \u201cAra que ja tenim un informe m\u00e9s t\u00e8cnic elaborat per la Comissi\u00f3 d\u2019Expers, hi ha d\u2019haver un aclariment de les responsabilitats pol\u00edtiques\u201d, ha assegurat.La portaveu de Unides<\/p>\n<p style=\"font-weight: 400;\">Podem,\u00a0<strong>Magdalena Gelabert<\/strong>, ha explicat que \u201cla Comissi\u00f3 Pol\u00edtica ser\u00e0 una eina imprescindible per entendre en qu\u00e8 es va fallar, pol\u00edticament. Esperam que es pugui posar en marxa el m\u00e9s aviat possible per depurar les responsabilitats pol\u00edtiques que pertoquin i analitzar la gesti\u00f3 pol\u00edtica de les darreres legislatures. Per la nostra banda, donarem totes les explicacions necess\u00e0ries i farem totes les preguntes que calgui. L&#8217;actitud de l&#8217;oposici\u00f3 ens sembla totalment fora de lloc. Duen nou mesos demanant una comissi\u00f3 per investigar aquests casos i avui que en tenen l&#8217;oportunitat, no volen posar-la en marxa. Est\u00e0 clar que estan utilitzant l&#8217;explotaci\u00f3 sexual de menors en benefici propi, nom\u00e9s per desgastar. \u00c9s indigne i vergony\u00f3s. Tot i aix\u00ed, s&#8217;investigar\u00e0, vulguin o no. I es far\u00e0 amb dilig\u00e8ncia i rigor, perqu\u00e8 es cridar\u00e0 a tots els responsables pol\u00edtics que hagin tingut alguna cosa a veure amb aquest tema. Estic segura que aprendrem moltes coses&#8221;.<\/p>\n[\/vc_column_text][\/vc_column][\/vc_row][vc_row][vc_column][vc_separator color=&#8221;custom&#8221; align=&#8221;align_left&#8221; border_width=&#8221;3&#8243; el_width=&#8221;10&#8243; accent_color=&#8221;#e30613&#8243;][\/vc_column][\/vc_row]\n<\/div>","protected":false},"excerpt":{"rendered":"<p>[vc_row][vc_column][vc_column_text] Els partits del Pacte han valorat positivament la posada en marxa d\u2019aquesta Comissi\u00f3, que dona compliment al mandat del Ple i suposa una passa endavant en la investigaci\u00f3 de responsabilitats pol\u00edtiques [\/vc_column_text][\/vc_column][\/vc_row][vc_row][vc_column width=&#8221;1\/2&#8243;][vc_column_text] Els Partits del Pacte han donat llum verda al reglament per posar en marxa la Comissi\u00f3 Pol\u00edtica que analitzar\u00e0 les decisions&hellip;<\/p>\n","protected":false},"author":2,"featured_media":0,"comment_status":"open","ping_status":"open","sticky":false,"template":"","format":"standard","meta":{"footnotes":""},"categories":[89,92],"tags":[],"class_list":["post-25583","post","type-post","status-publish","format-standard","hentry","category-consell-de-mallorca","category-portada"],"_links":{"self":[{"href":"https:\/\/www.psib-psoe.org\/mallorca\/wp-json\/wp\/v2\/posts\/25583"}],"collection":[{"href":"https:\/\/www.psib-psoe.org\/mallorca\/wp-json\/wp\/v2\/posts"}],"about":[{"href":"https:\/\/www.psib-psoe.org\/mallorca\/wp-json\/wp\/v2\/types\/post"}],"author":[{"embeddable":true,"href":"https:\/\/www.psib-psoe.org\/mallorca\/wp-json\/wp\/v2\/users\/2"}],"replies":[{"embeddable":true,"href":"https:\/\/www.psib-psoe.org\/mallorca\/wp-json\/wp\/v2\/comments?post=25583"}],"version-history":[{"count":0,"href":"https:\/\/www.psib-psoe.org\/mallorca\/wp-json\/wp\/v2\/posts\/25583\/revisions"}],"wp:attachment":[{"href":"https:\/\/www.psib-psoe.org\/mallorca\/wp-json\/wp\/v2\/media?parent=25583"}],"wp:term":[{"taxonomy":"category","embeddable":true,"href":"https:\/\/www.psib-psoe.org\/mallorca\/wp-json\/wp\/v2\/categories?post=25583"},{"taxonomy":"post_tag","embeddable":true,"href":"https:\/\/www.psib-psoe.org\/mallorca\/wp-json\/wp\/v2\/tags?post=25583"}],"curies":[{"name":"wp","href":"https:\/\/api.w.org\/{rel}","templated":true}]}}