{"id":25590,"date":"2020-12-02T17:13:46","date_gmt":"2020-12-02T15:13:46","guid":{"rendered":"http:\/\/www.psib-psoe.org\/mallorca\/?p=25590"},"modified":"2020-12-02T17:13:46","modified_gmt":"2020-12-02T15:13:46","slug":"pressuposts-2021-aprovacio-inicial","status":"publish","type":"post","link":"https:\/\/www.psib-psoe.org\/mallorca\/pressuposts-2021-aprovacio-inicial\/","title":{"rendered":"El PSIB-PSOE celebra que els pressuposts del Consell per al 2021 continu\u00efn la seva tramitaci\u00f3 perqu\u00e8 \u201cs\u00f3n els comptes que necessita Mallorca per sortir de la crisi\u201d"},"content":{"rendered":"<div class=\"wpb-content-wrapper\">[vc_row][vc_column][vc_single_image image=&#8221;25591&#8243; img_size=&#8221;full&#8221; alignment=&#8221;center&#8221;][\/vc_column][\/vc_row][vc_row][vc_column][vc_column_text]<em><u>Andreu Alcover ha assegurat que \u201cPP, VOX i Ciutadans han reconegut, amb les seves esmenes, que el seu ideari no \u00e9s v\u00e0lid per gestionar la recuperaci\u00f3 econ\u00f2mica i social\u201d <\/u><\/em>[\/vc_column_text][\/vc_column][\/vc_row][vc_row][vc_column width=&#8221;1\/2&#8243;][vc_column_text]\n<div class=\"wpb_column columns small-12 medium-6 thb-dark-column\">\n<div class=\"vc_column-inner \">\n<div class=\"wpb_wrapper\">\n<div class=\"wpb_text_column wpb_content_element \">\n<div class=\"wpb_wrapper\">\n<p>El ple del Consell de Mallorca ha aprovat inicialment els Pressuposts de la instituci\u00f3 insular per a l\u2019any 2021 amb els vots favorables dels partits de l\u2019equip de govern i l\u2019abstenci\u00f3 del Pi, rebutjant les esmenes a la totalitat presentades per PP, Ciutadans i Vox. Un fet que el Grup Socialista ha celebrat, ja que permet que segueixi la tramitaci\u00f3 dels pressuposts \u201cque necessita Mallorca per sortir d\u2019aquesta crisi\u201d.<\/p>\n<p>Aix\u00ed ho ha explicat el portaveu socialista al Consell de Mallorca, Andreu Alcover, que ha assegurat que \u201chem presentat uns pressuposts que aposten per la reactivaci\u00f3 econ\u00f2mica i per crear un escut social que no deixi enrere ning\u00fa, que \u00e9s just el que necessita la ciutadania en aquests moments\u201d.<\/p>\n<p>Alcover ha posat en valor que \u201cmalgrat la disminuci\u00f3 d\u2019ingressos, s\u2019ha aconseguit presentar uns pressuposts que continuen creixent, i aix\u00f2 \u00e9s gr\u00e0cies al desbloqueig dels romanents de tresoreria i a l\u2019endeutament responsable de la instituci\u00f3\u201d.<\/p>\n<p>El socialista ha defensat que \u201cgenerar deute, i cal recordar que ara mateix el Consell no en t\u00e9, \u00e9s un recurs del qual disposen les administracions per dinamitzar l\u2019economia, i en aquests moments \u00e9s absolutament imprescindible fer-ho\u201d.<\/p>\n<\/div>\n<\/div>\n<\/div>\n<\/div>\n<\/div>\n[\/vc_column_text][\/vc_column][vc_column width=&#8221;1\/2&#8243;][vc_column_text]A m\u00e9s, ha celebrat que es puguin fer servir els romanents de tresoreria, que permetran ampliar els pressuposts dels 494 milions prevists ara fins als 520 milions d\u2019euros, i ha recordat que \u201cper molt que ara el PP es vulgui penjar una medalla, ha estat un govern liderat pels socialistes el que ha perm\u00e8s el desbloqueig d\u2019aquests recursos que va segrestar la Llei Montoro\u201d.<\/p>\n<p>Alcover ha lamentat que \u201cPP, Ciutadans i VOX han demostrat una actitud poc donada al di\u00e0leg, posant pals a les rodes a la recuperaci\u00f3 econ\u00f2mica amb esmenes a la totalitat o algunes esmenes parcials molt dif\u00edcils de votar, i enfadant-se quan s\u2019ha arribat a consensos amb altres partits, que \u00e9s el que s\u2019espera de nosaltres i de fet hauria de ser el cam\u00ed a seguir\u201d.<\/p>\n<p>A m\u00e9s, ha criticat que \u201cles esmenes parcials que han presentat s\u00f3n, en s\u00ed, contradict\u00f2ries amb les seves pr\u00f2pies esmenes a la totalitat, ja que demostren que estan d\u2019acord amb el 99% de les partides dels pressuposts\u201d.<\/p>\n<p>De fet, ha asseverat que \u201cels partits de l\u2019oposici\u00f3, amb les esmenes que han presentat, han reconegut que els seus principis no s\u00f3n v\u00e0lids per pilotar una sortida de la crisi, i en canvi, els nostres, s\u00ed\u201d, ja que \u201cdemanen m\u00e9s subvencions, m\u00e9s ajudes i rescats per salvar fam\u00edlies i empreses, i, en definitiva, una administraci\u00f3 forta, que \u00e9s el que nosaltres sempre hem defensat i hem procurat aconseguir, per\u00f2 en canvi \u00e9s tan contrari del que varen fer ells l\u2019\u00faltima crisi\u201d.[\/vc_column_text][\/vc_column][\/vc_row][vc_row][vc_column][vc_empty_space height=&#8221;50px&#8221;][vc_separator color=&#8221;custom&#8221; align=&#8221;align_left&#8221; border_width=&#8221;3&#8243; el_width=&#8221;10&#8243; accent_color=&#8221;#e30613&#8243;][\/vc_column][\/vc_row]\n<\/div>","protected":false},"excerpt":{"rendered":"<p>[vc_row][vc_column][vc_single_image image=&#8221;25591&#8243; img_size=&#8221;full&#8221; alignment=&#8221;center&#8221;][\/vc_column][\/vc_row][vc_row][vc_column][vc_column_text]Andreu Alcover ha assegurat que \u201cPP, VOX i Ciutadans han reconegut, amb les seves esmenes, que el seu ideari no \u00e9s v\u00e0lid per gestionar la recuperaci\u00f3 econ\u00f2mica i social\u201d [\/vc_column_text][\/vc_column][\/vc_row][vc_row][vc_column width=&#8221;1\/2&#8243;][vc_column_text] El ple del Consell de Mallorca ha aprovat inicialment els Pressuposts de la instituci\u00f3 insular per a l\u2019any 2021 amb els&hellip;<\/p>\n","protected":false},"author":2,"featured_media":0,"comment_status":"open","ping_status":"open","sticky":false,"template":"","format":"standard","meta":{"footnotes":""},"categories":[89,92],"tags":[],"class_list":["post-25590","post","type-post","status-publish","format-standard","hentry","category-consell-de-mallorca","category-portada"],"_links":{"self":[{"href":"https:\/\/www.psib-psoe.org\/mallorca\/wp-json\/wp\/v2\/posts\/25590"}],"collection":[{"href":"https:\/\/www.psib-psoe.org\/mallorca\/wp-json\/wp\/v2\/posts"}],"about":[{"href":"https:\/\/www.psib-psoe.org\/mallorca\/wp-json\/wp\/v2\/types\/post"}],"author":[{"embeddable":true,"href":"https:\/\/www.psib-psoe.org\/mallorca\/wp-json\/wp\/v2\/users\/2"}],"replies":[{"embeddable":true,"href":"https:\/\/www.psib-psoe.org\/mallorca\/wp-json\/wp\/v2\/comments?post=25590"}],"version-history":[{"count":0,"href":"https:\/\/www.psib-psoe.org\/mallorca\/wp-json\/wp\/v2\/posts\/25590\/revisions"}],"wp:attachment":[{"href":"https:\/\/www.psib-psoe.org\/mallorca\/wp-json\/wp\/v2\/media?parent=25590"}],"wp:term":[{"taxonomy":"category","embeddable":true,"href":"https:\/\/www.psib-psoe.org\/mallorca\/wp-json\/wp\/v2\/categories?post=25590"},{"taxonomy":"post_tag","embeddable":true,"href":"https:\/\/www.psib-psoe.org\/mallorca\/wp-json\/wp\/v2\/tags?post=25590"}],"curies":[{"name":"wp","href":"https:\/\/api.w.org\/{rel}","templated":true}]}}