{"id":25599,"date":"2020-12-06T11:20:56","date_gmt":"2020-12-06T09:20:56","guid":{"rendered":"https:\/\/www.psib-psoe.org\/mallorca\/el-psib-psoe-demanara-al-govern-despanya-que-continui-impulsant-mesures-per-protegir-el-mar-balear-de-les-prospeccions-petrolieres\/"},"modified":"2020-12-06T11:20:56","modified_gmt":"2020-12-06T09:20:56","slug":"el-psib-psoe-demanara-al-govern-despanya-que-continui-impulsant-mesures-per-protegir-el-mar-balear-de-les-prospeccions-petrolieres","status":"publish","type":"post","link":"https:\/\/www.psib-psoe.org\/mallorca\/el-psib-psoe-demanara-al-govern-despanya-que-continui-impulsant-mesures-per-protegir-el-mar-balear-de-les-prospeccions-petrolieres\/","title":{"rendered":"El PSIB-PSOE demanar\u00e0 al Govern d\u2019Espanya que continu\u00ef impulsant mesures per protegir el mar balear de les prospeccions petrolieres"},"content":{"rendered":"<div class=\"row wpb_row row-fluid img_noticia\">\n<div class=\"wpb_column columns small-12 medium-12 thb-dark-column\">\n<div class=\"vc_column-inner  \">\n<div class=\"wpb_wrapper\">\n<div class=\"wpb_single_image wpb_content_element vc_align_center  vc_custom_1607246370201\">\n<figure class=\"wpb_wrapper vc_figure\">\n<div class=\"vc_single_image-wrapper   vc_box_border_grey\"><img loading=\"lazy\" decoding=\"async\" width=\"900\" height=\"485\" src=\"https:\/\/www.psib-psoe.org\/wp-content\/uploads\/Cosme-Susanna-i-Patricia-04-02-20.jpg\" class=\"vc_single_image-img attachment-full\" alt=\"\" \/><\/div>\n<\/figure><\/div>\n<\/div>\n<\/div>\n<\/div>\n<\/div>\n<div class=\"row wpb_row row-fluid intro full-width-row vc_custom_1558336094678\">\n<div class=\"col_izq wpb_column columns small-12 medium-12 thb-dark-column\">\n<div class=\"vc_column-inner  \">\n<div class=\"wpb_wrapper\">\n<div class=\"wpb_text_column wpb_content_element  \">\n<div class=\"wpb_wrapper\">\n<p><em><u>El senador per Mallorca, Cosme Bonet, far\u00e0 aquesta petici\u00f3 a trav\u00e9s d\u2019una moci\u00f3 presentada a la Comissi\u00f3 de Transici\u00f3 Ecol\u00f2gica del Senat, tot recordant que \u201cla Llei de Canvi Clim\u00e0tic estatal, que es troba en tramitaci\u00f3 parlament\u00e0ria, inclou la prohibici\u00f3 espec\u00edfica d\u2019aquesta pr\u00e0ctica a tot el territori espanyol\u201d<\/u><\/em><\/p>\n<\/p><\/div><\/div>\n<\/div>\n<\/div>\n<\/div>\n<\/div>\n<div class=\"row wpb_row row-fluid full-width-row\">\n<div class=\"col_izq wpb_column columns small-12 medium-6 thb-dark-column\">\n<div class=\"vc_column-inner  \">\n<div class=\"wpb_wrapper\">\n<div class=\"wpb_text_column wpb_content_element  \">\n<div class=\"wpb_wrapper\">\n<p>El senador per Mallorca i portaveu del Grup Territorial Socialista de les Illes Balears al Senat, Cosme Bonet, ha registrat una moci\u00f3 per al seu debat a la Comissi\u00f3 de Transici\u00f3 Ecol\u00f2gica de la cambra alta, per instar al Govern d\u2019Espanya a continuar impulsant mesures de protecci\u00f3 del mar balear contra les prospeccions petrolieres.<\/p>\n<p>Bonet ha explicat que \u201cest\u00e0 constatada l\u2019amena\u00e7a que les prospeccions s\u00edsmiques suposen per a l\u2019ecosistema mar\u00edtim i costaner de les aig\u00fces de les Illes Balears\u201d, la qual cosa ha provocat en la darrera d\u00e8cada una forta resposta social i institucional.<\/p>\n<p>Tal com ha recordat, ha estat una resposta social \u201cliderada per la societat civil, integrada en la plataforma Alian\u00e7a Mar Blava, en la qual participaren tamb\u00e9 institucions de les Illes Balears, Consells Insulars i ajuntaments, a m\u00e9s d\u2019entitats representatives dels sectors productius relacionats amb el mar i organitzacions socials.<\/p>\n<p>I \u00e9s que, segons ha defensat Bonet, \u201cel mar balear \u00e9s un entorn rural vulnerable al canvi clim\u00e0tic, en el qual destaca la riquesa de la seva biodiversitat, els corredors de cetacis o les praderes de posid\u00f2nia\u201d.<\/p>\n<\/p><\/div><\/div>\n<\/div>\n<\/div>\n<\/div>\n<div class=\"col_dcha wpb_column columns small-12 medium-6 thb-dark-column\">\n<div class=\"vc_column-inner  \">\n<div class=\"wpb_wrapper\">\n<div class=\"wpb_text_column wpb_content_element  \">\n<div class=\"wpb_wrapper\">\n<p>Tot plegat, es podria veure seriosament amena\u00e7at amb projectes de prospeccions d\u2019hidrocarburs, de la mateixa manera que cal tenir en compte \u201cla depend\u00e8ncia de la costa de les activitats tur\u00edstiques, sense dubte lligades a l\u2019atractiu del nostre entorn natural privilegiat i als seus paisatges mediterranis, sense els quals es pot dubtar de la viabilitat de l\u2019economia del turisme\u201d.<\/p>\n<p>El perill, ha advertit Bonet, \u00e9s que \u201cen aquests moments segueixen vigents alguns permisos i existeix el perill del fet que inici\u00efn la seva tramitaci\u00f3 noves sol\u00b7licituds per continuar realitzant prospeccions que posin en perill el delicat ecosistema del mar balear\u201d, tot i que \u201cla Llei de Canvi Clim\u00e0tic Estatal, ja en tramitaci\u00f3 parlament\u00e0ria, prohibir\u00e0 en tot l\u2019\u00e0mbit del territori espanyol aquest tipus de prospeccions\u201d.<\/p>\n<p>De fet, tant el senador Bonet com la senadora per Mallorca, Susanna Moll, han mantingut contactes amb el ministeri de Transici\u00f3 Ecol\u00f2gica per con\u00e8ixer la seva postura sobre aquest tema, la qual \u00e9s plenament coincident amb les reivindicacions que es fan des de les Illes Balears.<\/p>\n<p>Per tot plegat, la moci\u00f3 impulsada pel senador socialista insta al Govern d\u2019Espanya a continuar amb la seva pol\u00edtica de protecci\u00f3 del mar i que, en aquest sentit, segueixi impulsant les mesures necess\u00e0ries per a protegir el mar balear, en concret, de les activitats de prospecci\u00f3 d\u2019hidrocarburs o altres subst\u00e0ncies minerals.<\/p>\n<\/p><\/div><\/div>\n<\/div>\n<\/div>\n<\/div>\n<\/div>\n<p>Source: Actualitat Fedaraci\u00f3 Mallorca<\/p>\n","protected":false},"excerpt":{"rendered":"<p>El senador per Mallorca, Cosme Bonet, far\u00e0 aquesta petici\u00f3 a trav\u00e9s d\u2019una moci\u00f3 presentada a la Comissi\u00f3 de Transici\u00f3 Ecol\u00f2gica del Senat, tot recordant que \u201cla Llei de Canvi Clim\u00e0tic estatal, que es troba en tramitaci\u00f3 parlament\u00e0ria, inclou la prohibici\u00f3 espec\u00edfica d\u2019aquesta pr\u00e0ctica a tot el territori espanyol\u201d El senador per Mallorca i portaveu del&hellip;<\/p>\n","protected":false},"author":1,"featured_media":25600,"comment_status":"false","ping_status":"open","sticky":false,"template":"","format":"standard","meta":{"footnotes":""},"categories":[2],"tags":[77],"class_list":["post-25599","post","type-post","status-publish","format-standard","has-post-thumbnail","hentry","category-federacio-de-mallorca","tag-federacio-socialista-de-mallorca"],"_links":{"self":[{"href":"https:\/\/www.psib-psoe.org\/mallorca\/wp-json\/wp\/v2\/posts\/25599"}],"collection":[{"href":"https:\/\/www.psib-psoe.org\/mallorca\/wp-json\/wp\/v2\/posts"}],"about":[{"href":"https:\/\/www.psib-psoe.org\/mallorca\/wp-json\/wp\/v2\/types\/post"}],"author":[{"embeddable":true,"href":"https:\/\/www.psib-psoe.org\/mallorca\/wp-json\/wp\/v2\/users\/1"}],"replies":[{"embeddable":true,"href":"https:\/\/www.psib-psoe.org\/mallorca\/wp-json\/wp\/v2\/comments?post=25599"}],"version-history":[{"count":0,"href":"https:\/\/www.psib-psoe.org\/mallorca\/wp-json\/wp\/v2\/posts\/25599\/revisions"}],"wp:featuredmedia":[{"embeddable":true,"href":"https:\/\/www.psib-psoe.org\/mallorca\/wp-json\/wp\/v2\/media\/25600"}],"wp:attachment":[{"href":"https:\/\/www.psib-psoe.org\/mallorca\/wp-json\/wp\/v2\/media?parent=25599"}],"wp:term":[{"taxonomy":"category","embeddable":true,"href":"https:\/\/www.psib-psoe.org\/mallorca\/wp-json\/wp\/v2\/categories?post=25599"},{"taxonomy":"post_tag","embeddable":true,"href":"https:\/\/www.psib-psoe.org\/mallorca\/wp-json\/wp\/v2\/tags?post=25599"}],"curies":[{"name":"wp","href":"https:\/\/api.w.org\/{rel}","templated":true}]}}