{"id":25633,"date":"2021-01-04T18:48:28","date_gmt":"2021-01-04T16:48:28","guid":{"rendered":"http:\/\/www.psib-psoe.org\/mallorca\/?p=25633"},"modified":"2021-01-05T13:04:48","modified_gmt":"2021-01-05T11:04:48","slug":"els-socialistes-de-mallorca-lamenten-que-el-pi-de-llucmajor-hagi-decidit-girar-cap-a-la-ultradreta-i-sumar-se-a-un-govern-sustentat-per-transfugues","status":"publish","type":"post","link":"https:\/\/www.psib-psoe.org\/mallorca\/els-socialistes-de-mallorca-lamenten-que-el-pi-de-llucmajor-hagi-decidit-girar-cap-a-la-ultradreta-i-sumar-se-a-un-govern-sustentat-per-transfugues\/","title":{"rendered":"Els Socialistes de Mallorca lamenten que El Pi de Llucmajor hagi decidit girar cap a la ultradreta i sumar-se a un govern sustentat per tr\u00e0nsfugues"},"content":{"rendered":"<div class=\"wpb-content-wrapper\">[vc_row][vc_column][vc_single_image image=&#8221;24498&#8243; img_size=&#8221;full&#8221; alignment=&#8221;center&#8221;][\/vc_column][\/vc_row][vc_row][vc_column][vc_column_text]<em><u>En el plenari del 28 d\u2019octubre, el regidor d\u2019El Pi que acaba de ser nomenat membre de l\u2019equip de Govern, va votar a favor d\u2019una moci\u00f3 presentada pels socialistes per rebutjar el transfuguisme<\/u><\/em>[\/vc_column_text][\/vc_column][\/vc_row][vc_row][vc_column width=&#8221;1\/2&#8243;][vc_column_text]Els Socialistes de Mallorca lamenten el gir cap a la ultradreta d\u2019El Pi de Llucmajor i el benepl\u00e0cit expl\u00edcit de la formaci\u00f3 regionalista al transfuguisme despr\u00e9s del nomenament del seu regidor a l\u2019Ajuntament de Llucmajor com a membre de l\u2019equip de govern municipal, el qual \u00e9s possible gr\u00e0cies a un regidor tr\u00e0nsfuga de VOX.<\/p>\n<p>\u201cUn govern que se sustenta amb regidors tr\u00e0nsfugues mai no pot dur res bo per a la salut democr\u00e0tica de cap municipi\u201d, han criticat tant des de la Federaci\u00f3 Socialista de Mallorca com des dels Socialistes de Llucmajor, alhora que han lamentat la decisi\u00f3 d\u2019El Pi de \u201cpreferir formar govern amb l\u2019extrema dreta i amb un tr\u00e0nsfuga que arribar a acords amb les forces progressistes\u201d.<\/p>\n<p>Aquest viratge d\u2019El Pi cap a la dreta i la decisi\u00f3 de sumar-se a un govern que \u00e9s possible gr\u00e0cies a la ruptura del Pacte Antitransfuguisme -signat a nivell estatal pel PP, el qual governa a Llucmajor gr\u00e0cies a un tr\u00e0nsfuga-, crida especialment l\u2019atenci\u00f3 dels socialistes perqu\u00e8 s\u2019ha produ\u00eft dos mesos despr\u00e9s que el mateix regidor d\u2019El Pi vot\u00e0s a favor d\u2019una moci\u00f3 presentada pels socialistes per demanar al batle que reconsider\u00e0s la decisi\u00f3 de nomenar un regidor tr\u00e0nsfuga com a membre de l\u2019equip de Govern i instar el consistori a rebutjar el transfuguisme pol\u00edtic.[\/vc_column_text][\/vc_column][vc_column width=&#8221;1\/2&#8243;][vc_column_text]Per als socialistes \u201cels valors democr\u00e0tics s\u00f3n b\u00e0sics per a un bon govern, i governar amb tr\u00e0nsfugues i l\u2019extrema dreta \u00e9s precisament tot el contrari\u201d, emfasitzen. A m\u00e9s, a m\u00e9s, demanen als votants de la formaci\u00f3 regionalista \u201csi estan d\u2019acord amb el fet que el partit que varen votar hagi pactat amb els que denigren la nostra cultura i la nostra llengua i es posicionen obertament amb plantejaments xen\u00f2fobs, hom\u00f2fobs i masclistes\u201d.<\/p>\n<p>Cal recordar que el Partit Socialista va ser el partit m\u00e9s votat a les darreres eleccions municipals i que en la passada legislatura El Pi va pactar amb les forces progressistes, gr\u00e0cies a les quals fins i tot va obtenir la batlia de manera temporal.[\/vc_column_text][\/vc_column][\/vc_row]\n<\/div>","protected":false},"excerpt":{"rendered":"<p>[vc_row][vc_column][vc_single_image image=&#8221;24498&#8243; img_size=&#8221;full&#8221; alignment=&#8221;center&#8221;][\/vc_column][\/vc_row][vc_row][vc_column][vc_column_text]En el plenari del 28 d\u2019octubre, el regidor d\u2019El Pi que acaba de ser nomenat membre de l\u2019equip de Govern, va votar a favor d\u2019una moci\u00f3 presentada pels socialistes per rebutjar el transfuguisme[\/vc_column_text][\/vc_column][\/vc_row][vc_row][vc_column width=&#8221;1\/2&#8243;][vc_column_text]Els Socialistes de Mallorca lamenten el gir cap a la ultradreta d\u2019El Pi de Llucmajor i el benepl\u00e0cit expl\u00edcit&hellip;<\/p>\n","protected":false},"author":3,"featured_media":24498,"comment_status":"open","ping_status":"open","sticky":false,"template":"","format":"standard","meta":{"footnotes":""},"categories":[2,90,92],"tags":[133,98,97,132],"class_list":["post-25633","post","type-post","status-publish","format-standard","has-post-thumbnail","hentry","category-federacio-de-mallorca","category-municipis","category-portada","tag-federacio-de-mallorca","tag-llucmajor","tag-socialistes-de-llucmajor","tag-transfuguisme"],"_links":{"self":[{"href":"https:\/\/www.psib-psoe.org\/mallorca\/wp-json\/wp\/v2\/posts\/25633"}],"collection":[{"href":"https:\/\/www.psib-psoe.org\/mallorca\/wp-json\/wp\/v2\/posts"}],"about":[{"href":"https:\/\/www.psib-psoe.org\/mallorca\/wp-json\/wp\/v2\/types\/post"}],"author":[{"embeddable":true,"href":"https:\/\/www.psib-psoe.org\/mallorca\/wp-json\/wp\/v2\/users\/3"}],"replies":[{"embeddable":true,"href":"https:\/\/www.psib-psoe.org\/mallorca\/wp-json\/wp\/v2\/comments?post=25633"}],"version-history":[{"count":0,"href":"https:\/\/www.psib-psoe.org\/mallorca\/wp-json\/wp\/v2\/posts\/25633\/revisions"}],"wp:featuredmedia":[{"embeddable":true,"href":"https:\/\/www.psib-psoe.org\/mallorca\/wp-json\/wp\/v2\/media\/24498"}],"wp:attachment":[{"href":"https:\/\/www.psib-psoe.org\/mallorca\/wp-json\/wp\/v2\/media?parent=25633"}],"wp:term":[{"taxonomy":"category","embeddable":true,"href":"https:\/\/www.psib-psoe.org\/mallorca\/wp-json\/wp\/v2\/categories?post=25633"},{"taxonomy":"post_tag","embeddable":true,"href":"https:\/\/www.psib-psoe.org\/mallorca\/wp-json\/wp\/v2\/tags?post=25633"}],"curies":[{"name":"wp","href":"https:\/\/api.w.org\/{rel}","templated":true}]}}