{"id":25644,"date":"2021-01-14T16:09:41","date_gmt":"2021-01-14T14:09:41","guid":{"rendered":"http:\/\/www.psib-psoe.org\/mallorca\/?p=25644"},"modified":"2021-02-05T11:29:59","modified_gmt":"2021-02-05T09:29:59","slug":"rebuig-acusacio-pp","status":"publish","type":"post","link":"https:\/\/www.psib-psoe.org\/mallorca\/rebuig-acusacio-pp\/","title":{"rendered":"El PSIB-PSOE rebutja les acusacions de censura del PP i reclama a Lloren\u00e7 Galm\u00e9s que respecti el torn de paraula en els Plens"},"content":{"rendered":"<div class=\"wpb-content-wrapper\">[vc_row][vc_column][vc_single_image image=&#8221;25591&#8243; img_size=&#8221;full&#8221; alignment=&#8221;center&#8221;][\/vc_column][\/vc_row][vc_row][vc_column][vc_raw_html]JTNDaWZyYW1lJTIwaWQlM0QlMjdhdWRpb182MzkyMTE3NiUyNyUyMGZyYW1lYm9yZGVyJTNEJTI3MCUyNyUyMGFsbG93ZnVsbHNjcmVlbiUzRCUyNyUyNyUyMHNjcm9sbGluZyUzRCUyN25vJTI3JTIwaGVpZ2h0JTNEJTI3MjAwJTI3JTIwc3R5bGUlM0QlMjdib3JkZXIlM0ExcHglMjBzb2xpZCUyMCUyM0VFRSUzQiUyMGJveC1zaXppbmclM0Fib3JkZXItYm94JTNCJTIwd2lkdGglM0ExMDAlMjUlM0IlMjclMjBzcmMlM0QlMjJodHRwcyUzQSUyRiUyRnd3dy5pdm9veC5jb20lMkZwbGF5ZXJfZWpfNjM5MjExNzZfNF8xLmh0bWwlM0ZjMSUzRGZmNjYwMCUyMiUzRSUzQyUyRmlmcmFtZSUzRQ==[\/vc_raw_html][\/vc_column][\/vc_row][vc_row][vc_column][vc_column_text]<em><u>Alcover ha criticat que el PP ha volgut llegir una proposta de declaraci\u00f3 institucional \u201cdemag\u00f2gica i buida de contingut\u201d sense el suport de tots els grups<\/u><\/em>[\/vc_column_text][\/vc_column][\/vc_row][vc_row][vc_column width=&#8221;1\/2&#8243;][vc_column_text]El Portaveu del PSIB-PSOE al Consell de Mallorca, Andreu Alcover, ha rebutjat fermament aquest dijous les acusacions de censura per part del Portaveu del Partit Popular al Consell de Mallorca, Lloren\u00e7 Galm\u00e9s.<\/p>\n<p>Els fets s\u2019han produ\u00eft en la sessi\u00f3 ordin\u00e0ria del Ple, quan Galm\u00e9s ha interromput la sessi\u00f3, sense tenir el torn de paraula, per llegir una proposta de Declaraci\u00f3 Institucional que no comptava amb el suport de tots els grups, per la qual cosa li ha estat retirada la paraula.<\/p>\n<p>\u201cLloren\u00e7 Galm\u00e9s ens t\u00e9 acostumats , a cada Ple, a parlar sense tenir la paraula. No respecta el torn i, a m\u00e9s, quan se\u2019l crida a l\u2019ordre, parla de censura\u201d, ha lamentat el portaveu socialista, Andreu Alcover.[\/vc_column_text][\/vc_column][vc_column width=&#8221;1\/2&#8243;][vc_column_text]Alcover ha recordat que \u201cper llegir una declaraci\u00f3 institucional, fa falta el suport de tots els grups, i Galm\u00e9s no el tenia perqu\u00e8 ha presentat una proposta absolutament demag\u00f2gica i buida de contingut que no tenia cap sentit tal com estava redactada\u201d.<\/p>\n<p>De fet, el socialista ha assegurat que \u201cevidentment, s\u2019ha de trobar una soluci\u00f3 a l\u2019apujada del preu de l\u2019electricitat, per\u00f2 el text del PP no recollia cap proposta. No \u00e9s quelcom que s\u2019hagu\u00e9s de tractar via declaraci\u00f3 institucional, hi ha f\u00f3rmules m\u00e9s adequades\u201d.<\/p>\n<p>\u201cSi algun dia Galm\u00e9s arriba a presidir el Consell, podr\u00e0 dirigir les sessions del Ple i adjudicar els torns de paraula. De moment, per\u00f2, la ciutadania l\u2019ha col\u00b7locat a l\u2019oposici\u00f3, i ha d\u2019aprendre a respectar els torns\u201d, ha recordat Alcover.[\/vc_column_text][\/vc_column][\/vc_row][vc_row][vc_column][vc_empty_space height=&#8221;50px&#8221;][vc_separator color=&#8221;custom&#8221; align=&#8221;align_left&#8221; border_width=&#8221;3&#8243; el_width=&#8221;10&#8243; accent_color=&#8221;#e30613&#8243;][vc_empty_space height=&#8221;50px&#8221;][\/vc_column][\/vc_row]\n<\/div>","protected":false},"excerpt":{"rendered":"<p>[vc_row][vc_column][vc_single_image image=&#8221;25591&#8243; img_size=&#8221;full&#8221; alignment=&#8221;center&#8221;][\/vc_column][\/vc_row][vc_row][vc_column][vc_raw_html]JTNDaWZyYW1lJTIwaWQlM0QlMjdhdWRpb182MzkyMTE3NiUyNyUyMGZyYW1lYm9yZGVyJTNEJTI3MCUyNyUyMGFsbG93ZnVsbHNjcmVlbiUzRCUyNyUyNyUyMHNjcm9sbGluZyUzRCUyN25vJTI3JTIwaGVpZ2h0JTNEJTI3MjAwJTI3JTIwc3R5bGUlM0QlMjdib3JkZXIlM0ExcHglMjBzb2xpZCUyMCUyM0VFRSUzQiUyMGJveC1zaXppbmclM0Fib3JkZXItYm94JTNCJTIwd2lkdGglM0ExMDAlMjUlM0IlMjclMjBzcmMlM0QlMjJodHRwcyUzQSUyRiUyRnd3dy5pdm9veC5jb20lMkZwbGF5ZXJfZWpfNjM5MjExNzZfNF8xLmh0bWwlM0ZjMSUzRGZmNjYwMCUyMiUzRSUzQyUyRmlmcmFtZSUzRQ==[\/vc_raw_html][\/vc_column][\/vc_row][vc_row][vc_column][vc_column_text]Alcover ha criticat que el PP ha volgut llegir una proposta de declaraci\u00f3 institucional \u201cdemag\u00f2gica i buida de contingut\u201d sense el suport de tots els grups[\/vc_column_text][\/vc_column][\/vc_row][vc_row][vc_column width=&#8221;1\/2&#8243;][vc_column_text]El Portaveu del PSIB-PSOE al Consell de Mallorca, Andreu Alcover, ha rebutjat fermament aquest dijous les acusacions de censura per part del Portaveu del Partit Popular&hellip;<\/p>\n","protected":false},"author":2,"featured_media":0,"comment_status":"open","ping_status":"open","sticky":false,"template":"","format":"standard","meta":{"footnotes":""},"categories":[89,92],"tags":[],"class_list":["post-25644","post","type-post","status-publish","format-standard","hentry","category-consell-de-mallorca","category-portada"],"_links":{"self":[{"href":"https:\/\/www.psib-psoe.org\/mallorca\/wp-json\/wp\/v2\/posts\/25644"}],"collection":[{"href":"https:\/\/www.psib-psoe.org\/mallorca\/wp-json\/wp\/v2\/posts"}],"about":[{"href":"https:\/\/www.psib-psoe.org\/mallorca\/wp-json\/wp\/v2\/types\/post"}],"author":[{"embeddable":true,"href":"https:\/\/www.psib-psoe.org\/mallorca\/wp-json\/wp\/v2\/users\/2"}],"replies":[{"embeddable":true,"href":"https:\/\/www.psib-psoe.org\/mallorca\/wp-json\/wp\/v2\/comments?post=25644"}],"version-history":[{"count":0,"href":"https:\/\/www.psib-psoe.org\/mallorca\/wp-json\/wp\/v2\/posts\/25644\/revisions"}],"wp:attachment":[{"href":"https:\/\/www.psib-psoe.org\/mallorca\/wp-json\/wp\/v2\/media?parent=25644"}],"wp:term":[{"taxonomy":"category","embeddable":true,"href":"https:\/\/www.psib-psoe.org\/mallorca\/wp-json\/wp\/v2\/categories?post=25644"},{"taxonomy":"post_tag","embeddable":true,"href":"https:\/\/www.psib-psoe.org\/mallorca\/wp-json\/wp\/v2\/tags?post=25644"}],"curies":[{"name":"wp","href":"https:\/\/api.w.org\/{rel}","templated":true}]}}