{"id":25657,"date":"2021-01-19T19:20:47","date_gmt":"2021-01-19T17:20:47","guid":{"rendered":"http:\/\/www.psib-psoe.org\/mallorca\/?p=25657"},"modified":"2021-02-05T11:29:34","modified_gmt":"2021-02-05T09:29:34","slug":"trobada-fsm-pla-xoc-covid","status":"publish","type":"post","link":"https:\/\/www.psib-psoe.org\/mallorca\/trobada-fsm-pla-xoc-covid\/","title":{"rendered":"Els Socialistes de Mallorca refermen el seu comprom\u00eds de seguir acompanyant els sectors m\u00e9s afectats per la crisi de la Covid-19"},"content":{"rendered":"<div class=\"wpb-content-wrapper\">[vc_row][vc_column][vc_single_image image=&#8221;25658&#8243; img_size=&#8221;full&#8221; alignment=&#8221;center&#8221;][\/vc_column][\/vc_row][vc_row][vc_column][\/vc_column][\/vc_row][vc_row][vc_column][vc_column_text]<em><u>Garrido, Cladera i S\u00e1nchez han explicat el Pla de Xoc de 103,5 milions d\u2019euros elaborat pel Govern, Consells i Ajuntaments per donar suport als sectors m\u00e9s afectats per les restriccions<\/u><\/em>[\/vc_column_text][\/vc_column][\/vc_row][vc_row][vc_column width=&#8221;1\/2&#8243;][vc_column_text]El Pla de Xoc per acompanyar els sectors m\u00e9s afectats per les mesures de protecci\u00f3 front a la Covid-19 ha rebut avui el suport dels i les Socialistes de Mallorca, en una trobada semi presencial amb regidors socialistes, membres de les executives locals, i els consellers i conselleres del Grup Socialista del Consell de Mallorca.<\/p>\n<p>La reuni\u00f3 ha estat encap\u00e7alada per la Secret\u00e0ria General dels i les Socialistes de Mallorca, Mercedes Garrido, la Presidenta del Consell de Mallorca, Catalina Cladera, i la Consellera d\u2019Hisenda i Relacions Exteriors, Rosario S\u00e1nchez.<\/p>\n<p>Amb aquest Pla de Xoc, les institucions pilotades pels i les socialistes han demostrat, una vegada m\u00e9s, la capacitat de donar una resposta r\u00e0pida i coordinada davant una situaci\u00f3 de gran incertesa econ\u00f2mica, en la qual la situaci\u00f3 sanit\u00e0ria dicta els temps.<\/p>\n<p>En total, s\u2019activen mesures per valor de 103,5 milions d\u2019euros, amb iniciatives destinades a pal\u00b7liar els efectes de les restriccions damunt els sectors m\u00e9s afectats per la Covid-19, i que seran cofinan\u00e7ades pel Govern de les Illes Balears, el Consell Insular i els ajuntaments, promovent la feina conjunta de les administracions per donar una resposta coordinada i efica\u00e7 a la crisi.[\/vc_column_text][\/vc_column][vc_column width=&#8221;1\/2&#8243;][vc_column_text]Especialment, s\u2019ha destacat el primer eix d\u2019aquest Pla de Xoc, que consisteix en una l\u00ednia d\u2019ajudes directes a empreses de l\u2019hostaleria i altres negocis que han hagut de tancar degut al nivell 4 d\u2019alerta sanit\u00e0ria, gr\u00e0cies a la qual cada beneficiari podr\u00e0 rebre fins a 6.000 \u20ac mensuals, ja que als ajuts que ha impulsat el Govern, de 1.500 \u20ac per establiment fins a un m\u00e0xim de dos establiments per beneficiari, se suma a la que ja havia tret el Consell de Mallorca a finals de desembre, amb les mateixes caracter\u00edstiques, i que ja ha repartit m\u00e9s de 2 milions d\u2019euros.<\/p>\n<p>A m\u00e9s, el principal valor afegit d\u2019aquestes ajudes \u00e9s la seva tramitaci\u00f3 \u00e0gil, ja que s\u2019ha simplificat al m\u00e0xim la burocr\u00e0cia i s\u2019han habilitat noves eines per facilitar-hi l\u2019acc\u00e9s.<\/p>\n<p>D\u2019aquesta manera, els i les socialistes es refermen en el seu comprom\u00eds d\u2019acompanyar empreses i treballadors davant les dificultats ocasionades per la crisi de la Covid-19, complint amb la paraula donada per impulsar una recuperaci\u00f3 justa i no deixar enrere ning\u00fa.[\/vc_column_text][\/vc_column][\/vc_row][vc_row][vc_column][vc_empty_space height=&#8221;50px&#8221;][vc_separator color=&#8221;custom&#8221; align=&#8221;align_left&#8221; border_width=&#8221;3&#8243; el_width=&#8221;10&#8243; accent_color=&#8221;#e30613&#8243;][\/vc_column][\/vc_row]\n<\/div>","protected":false},"excerpt":{"rendered":"<p>[vc_row][vc_column][vc_single_image image=&#8221;25658&#8243; img_size=&#8221;full&#8221; alignment=&#8221;center&#8221;][\/vc_column][\/vc_row][vc_row][vc_column][\/vc_column][\/vc_row][vc_row][vc_column][vc_column_text]Garrido, Cladera i S\u00e1nchez han explicat el Pla de Xoc de 103,5 milions d\u2019euros elaborat pel Govern, Consells i Ajuntaments per donar suport als sectors m\u00e9s afectats per les restriccions[\/vc_column_text][\/vc_column][\/vc_row][vc_row][vc_column width=&#8221;1\/2&#8243;][vc_column_text]El Pla de Xoc per acompanyar els sectors m\u00e9s afectats per les mesures de protecci\u00f3 front a la Covid-19 ha rebut avui&hellip;<\/p>\n","protected":false},"author":2,"featured_media":25658,"comment_status":"open","ping_status":"open","sticky":false,"template":"","format":"standard","meta":{"footnotes":""},"categories":[2,92],"tags":[140,105,111,78,104,139,141],"class_list":["post-25657","post","type-post","status-publish","format-standard","has-post-thumbnail","hentry","category-federacio-de-mallorca","category-portada","tag-ajudes","tag-catalina-cladera","tag-covid19","tag-fsm","tag-mercedes-garrido","tag-pla-de-xoc","tag-rosario-sanchez"],"_links":{"self":[{"href":"https:\/\/www.psib-psoe.org\/mallorca\/wp-json\/wp\/v2\/posts\/25657"}],"collection":[{"href":"https:\/\/www.psib-psoe.org\/mallorca\/wp-json\/wp\/v2\/posts"}],"about":[{"href":"https:\/\/www.psib-psoe.org\/mallorca\/wp-json\/wp\/v2\/types\/post"}],"author":[{"embeddable":true,"href":"https:\/\/www.psib-psoe.org\/mallorca\/wp-json\/wp\/v2\/users\/2"}],"replies":[{"embeddable":true,"href":"https:\/\/www.psib-psoe.org\/mallorca\/wp-json\/wp\/v2\/comments?post=25657"}],"version-history":[{"count":0,"href":"https:\/\/www.psib-psoe.org\/mallorca\/wp-json\/wp\/v2\/posts\/25657\/revisions"}],"wp:featuredmedia":[{"embeddable":true,"href":"https:\/\/www.psib-psoe.org\/mallorca\/wp-json\/wp\/v2\/media\/25658"}],"wp:attachment":[{"href":"https:\/\/www.psib-psoe.org\/mallorca\/wp-json\/wp\/v2\/media?parent=25657"}],"wp:term":[{"taxonomy":"category","embeddable":true,"href":"https:\/\/www.psib-psoe.org\/mallorca\/wp-json\/wp\/v2\/categories?post=25657"},{"taxonomy":"post_tag","embeddable":true,"href":"https:\/\/www.psib-psoe.org\/mallorca\/wp-json\/wp\/v2\/tags?post=25657"}],"curies":[{"name":"wp","href":"https:\/\/api.w.org\/{rel}","templated":true}]}}