{"id":25660,"date":"2021-01-21T13:27:31","date_gmt":"2021-01-21T11:27:31","guid":{"rendered":"http:\/\/www.psib-psoe.org\/mallorca\/?p=25660"},"modified":"2021-01-21T13:31:04","modified_gmt":"2021-01-21T11:31:04","slug":"ple-extraordinari-gener","status":"publish","type":"post","link":"https:\/\/www.psib-psoe.org\/mallorca\/ple-extraordinari-gener\/","title":{"rendered":"El PSIB-PSOE posa en valor la capacitat del Consell &#8220;d&#8217;adaptar-se per donar una resposta r\u00e0pida a la ciutadania en cada moment de la pand\u00e8mia&#8221;"},"content":{"rendered":"<div class=\"wpb-content-wrapper\">[vc_row][vc_column][vc_single_image image=&#8221;25661&#8243; img_size=&#8221;full&#8221; alignment=&#8221;center&#8221;][\/vc_column][\/vc_row][vc_row][vc_column][\/vc_column][\/vc_row][vc_row][vc_column][vc_column_text]<em><u>Alcover ha valorat que tota l&#8217;estructura del Consell hagi encaminat els seus esfor\u00e7os a pal\u00b7liar la situaci\u00f3 donant una resposta el m\u00e9s \u00e0gil i contundent possible<\/u><\/em>[\/vc_column_text][\/vc_column][\/vc_row][vc_row][vc_column width=&#8221;1\/2&#8243;][vc_column_text]El portaveu del Grup Socialista al Consell de Mallorca, Andreu Alcover, ha posat avui en valor &#8220;la capacitat que ha demostrat la instituci\u00f3 d&#8217;adaptar-se al llarg de la pand\u00e8mia per estar al costat de la ciutadania en tot moment&#8221;.<\/p>\n<p>Aix\u00ed ho ha expressat en el ple extraordinari que ha celebrat la instituci\u00f3 insular i on s&#8217;ha aprovat per unanimitat, per una banda, la modificaci\u00f3 de cr\u00e8dit que permetr\u00e0 ampliar la convocat\u00f2ria d&#8217;ajudes a la restauraci\u00f3 i altres sectors afectats per les mesures de protecci\u00f3 i, per l&#8217;altra, una modificaci\u00f3 dels estatuts de la Fundaci\u00f3 Mallorca Turisme per tal que les ajudes es puguin tramitar de manera m\u00e9s \u00e0gil a trav\u00e9s d&#8217;aquesta entitat.<\/p>\n<p>Per aquest motiu, ha assegurat, &#8220;\u00e9s motiu de satisfacci\u00f3 que tota l&#8217;estructura del Consell hagi encaminat els seus esfor\u00e7os a pal\u00b7liar la situaci\u00f3, articulant una resposta \u00e0gil i contundent per un sector que s&#8217;ha vist especialment afectat per les restriccions&#8221;.[\/vc_column_text][\/vc_column][vc_column width=&#8221;1\/2&#8243;][vc_column_text]En aquest sentit, ha destacat que &#8220;en temps r\u00e8cord, s&#8217;han pagat dos milions d&#8217;euros de la convocat\u00f2ria d&#8217;ajudes que es va treure just abans de Nadal&#8221;, i per aix\u00f2, &#8220;el que cal remarcar \u00e9s que el Consell disposi de mecanismes per poder pagar les ajudes de manera r\u00e0pida, perqu\u00e8 l&#8217;important, mentre esperam que la vacuna arribi a tothom, \u00e9s que els doblers arribin als empresaris com m\u00e9s aviat millor&#8221;.<\/p>\n<p>&#8220;El Consell ha demostrat una capacitat extraordin\u00e0ria d&#8217;adaptar-se a la situaci\u00f3, no nom\u00e9s amb aquestes dues convocat\u00f2ries d&#8217;ajudes, sin\u00f3 durant tota la pand\u00e8mia&#8221;, ha assegurat, posant per exemple el Pla Mallorca Reacciona, que &#8220;va ser el primer paquet de mesures, dotat de pressupost, que es va presentar despr\u00e9s de la declaraci\u00f3 de l&#8217;estat d&#8217;alarma, i de manera gaireb\u00e9 immediata&#8221;.<\/p>\n<p>De la mateixa manera, ha recordat que &#8220;en plena primera onada es varen habilitar 3,6 milions d&#8217;euros a trav\u00e9s de l&#8217;IMAS per refor\u00e7ar els serveis socials dels Ajuntaments, i es varen activar tots els recursos, fos amb els romanents o amb habilitacions de cr\u00e8dit, per augmentar el seu pressupost, fet que entre altres coses, i dit amb tota la prud\u00e8ncia, va permetre una gesti\u00f3 impecable de la pand\u00e8mia a les resid\u00e8ncies&#8221;.[\/vc_column_text][\/vc_column][\/vc_row][vc_row][vc_column][vc_empty_space height=&#8221;50px&#8221;][vc_column_text]\n<h3 style=\"color: #e30613;\"><span class=\"bold\">Recursos addicionals<\/span><\/h3>\n[\/vc_column_text][vc_separator color=&#8221;custom&#8221; align=&#8221;align_left&#8221; border_width=&#8221;3&#8243; el_width=&#8221;10&#8243; accent_color=&#8221;#e30613&#8243;][vc_empty_space height=&#8221;50px&#8221;][vc_column_text]\n<ul>\n<li><a href=\"http:\/\/www.psib-psoe.org\/wp-content\/uploads\/20200127_JJPP-ARMENGOL.mp3\" target=\"_blank\" rel=\"noopener noreferrer\">\u00c0udio<\/a><\/li>\n<li><a href=\"http:\/\/www.psib-psoe.org\/wp-content\/uploads\/Senadors-IB-i-Can\u00e0ries.jpg\" target=\"_blank\" rel=\"noopener noreferrer\">Foto<\/a><\/li>\n<li><a href=\"http:\/\/www.psib-psoe.org\/wp-content\/uploads\/Susanna-Moll-1.pdf\" target=\"_blank\" rel=\"noopener noreferrer\">Proposici\u00f3 No de Llei<\/a><\/li>\n<\/ul>\n[\/vc_column_text][vc_empty_space height=&#8221;50px&#8221;][\/vc_column][\/vc_row]\n<\/div>","protected":false},"excerpt":{"rendered":"<p>[vc_row][vc_column][vc_single_image image=&#8221;25661&#8243; img_size=&#8221;full&#8221; alignment=&#8221;center&#8221;][\/vc_column][\/vc_row][vc_row][vc_column][\/vc_column][\/vc_row][vc_row][vc_column][vc_column_text]Alcover ha valorat que tota l&#8217;estructura del Consell hagi encaminat els seus esfor\u00e7os a pal\u00b7liar la situaci\u00f3 donant una resposta el m\u00e9s \u00e0gil i contundent possible[\/vc_column_text][\/vc_column][\/vc_row][vc_row][vc_column width=&#8221;1\/2&#8243;][vc_column_text]El portaveu del Grup Socialista al Consell de Mallorca, Andreu Alcover, ha posat avui en valor &#8220;la capacitat que ha demostrat la instituci\u00f3 d&#8217;adaptar-se al llarg&hellip;<\/p>\n","protected":false},"author":2,"featured_media":25661,"comment_status":"open","ping_status":"open","sticky":false,"template":"","format":"standard","meta":{"footnotes":""},"categories":[89,92],"tags":[140,83,145,144,142,143],"class_list":["post-25660","post","type-post","status-publish","format-standard","has-post-thumbnail","hentry","category-consell-de-mallorca","category-portada","tag-ajudes","tag-consell-de-mallorca","tag-covid","tag-pandemia","tag-ple-extraordinari","tag-restauracio"],"_links":{"self":[{"href":"https:\/\/www.psib-psoe.org\/mallorca\/wp-json\/wp\/v2\/posts\/25660"}],"collection":[{"href":"https:\/\/www.psib-psoe.org\/mallorca\/wp-json\/wp\/v2\/posts"}],"about":[{"href":"https:\/\/www.psib-psoe.org\/mallorca\/wp-json\/wp\/v2\/types\/post"}],"author":[{"embeddable":true,"href":"https:\/\/www.psib-psoe.org\/mallorca\/wp-json\/wp\/v2\/users\/2"}],"replies":[{"embeddable":true,"href":"https:\/\/www.psib-psoe.org\/mallorca\/wp-json\/wp\/v2\/comments?post=25660"}],"version-history":[{"count":0,"href":"https:\/\/www.psib-psoe.org\/mallorca\/wp-json\/wp\/v2\/posts\/25660\/revisions"}],"wp:featuredmedia":[{"embeddable":true,"href":"https:\/\/www.psib-psoe.org\/mallorca\/wp-json\/wp\/v2\/media\/25661"}],"wp:attachment":[{"href":"https:\/\/www.psib-psoe.org\/mallorca\/wp-json\/wp\/v2\/media?parent=25660"}],"wp:term":[{"taxonomy":"category","embeddable":true,"href":"https:\/\/www.psib-psoe.org\/mallorca\/wp-json\/wp\/v2\/categories?post=25660"},{"taxonomy":"post_tag","embeddable":true,"href":"https:\/\/www.psib-psoe.org\/mallorca\/wp-json\/wp\/v2\/tags?post=25660"}],"curies":[{"name":"wp","href":"https:\/\/api.w.org\/{rel}","templated":true}]}}