{"id":25664,"date":"2021-01-24T13:39:31","date_gmt":"2021-01-24T11:39:31","guid":{"rendered":"http:\/\/www.psib-psoe.org\/mallorca\/?p=25664"},"modified":"2021-02-05T11:29:16","modified_gmt":"2021-02-05T09:29:16","slug":"socialistes-sa-pobla-suport-comerc","status":"publish","type":"post","link":"https:\/\/www.psib-psoe.org\/mallorca\/socialistes-sa-pobla-suport-comerc\/","title":{"rendered":"Els Socialistes de Sa Pobla presenten una iniciativa de suport al comer\u00e7 i la restauraci\u00f3 per acompanyar els negocis davant les dificultats de la pand\u00e8mia"},"content":{"rendered":"<div class=\"wpb-content-wrapper\">[vc_row][vc_column][vc_single_image image=&#8221;25665&#8243; img_size=&#8221;full&#8221; alignment=&#8221;center&#8221;][\/vc_column][\/vc_row][vc_row][vc_column][\/vc_column][\/vc_row][vc_row][vc_column][vc_column_text]<em><u>La Portaveu Socialista, Xesca Mir, ha demanat \u201cconsens i coordinaci\u00f3 entre institucions per articular la resposta contuntent que necessita la ciutadania en aquests moments\u201d <\/u><\/em>[\/vc_column_text][\/vc_column][\/vc_row][vc_row][vc_column width=&#8221;1\/2&#8243;][vc_column_text]Els i les socialistes de Sa Pobla han presentat una moci\u00f3 de suport al sector de la restauraci\u00f3 i el comer\u00e7, mitjan\u00e7ant la qual insta l\u2019equip de govern \u201ca no escatimar esfor\u00e7os ni recursos per fer costat als negocis del nostre municipi en aquests moments tan complicats\u201d, segons ha explicat la portaveu socialista al consistori, Xesca Mir.<\/p>\n<p>\u201cPresentam aquesta moci\u00f3 perqu\u00e8 creim que ara m\u00e9s que mai, \u00e9s fonamental que les institucions treballem de manera coordinada i que les forces pol\u00edtiques siguem capaces d\u2019arribar a consensos\u201d, ha explicat Mir, emfasitzant que \u201cnom\u00e9s si feim feina junts, aconseguirem articular en temps i forma la resposta contundent que espera la ciutadania en aquests moments\u201d.<\/p>\n<p>La iniciativa, que els socialistes defensaran en el ple ordinari de febrer, es mou justament en aquest sentit, ja que demana als grups pol\u00edtics que manifestin el seu suport als plans de reactivaci\u00f3 econ\u00f2mica i social impulsats tant pel Govern com pel Consell, i, concretament, \u201cque l\u2019equip de govern es comprometi a incentivar i promoure les mesures del Pla de Xoc que es va presentar el passat 15 de gener, ja que s\u00f3n ajuts que s\u2019han presentat en temps r\u00e8cord, i tots hem de col\u00b7laborar perqu\u00e8 els recursos arribin tamb\u00e9 en temps r\u00e8cord a les butxaques de la ciutadania, ara que tanta falta hi fan\u201d.[\/vc_column_text][\/vc_column][vc_column width=&#8221;1\/2&#8243;][vc_column_text]En clau local, els Socialistes de Sa Pobla demanen a l\u2019equip de govern que es bonifiqui o subvencioni la taxa d\u2019ocupaci\u00f3 de via p\u00fablica i la taxa de residus als comer\u00e7os, i que se sumi a la l\u00ednia de 20 milions d\u2019euros establerta pel Govern per dissenyar ajudes dirigides als sectors econ\u00f2mics de cada municipi, i que s\u2019hauran de finan\u00e7ar b\u00e9 amb recursos propis o b\u00e9 amb els romanents.<\/p>\n<p>Per \u00faltim, proposen la creaci\u00f3 d\u2019accions per reactivar el consum una vegada les mesures de protecci\u00f3 es relaxin i els comer\u00e7os i negocis dedicats a la restauraci\u00f3 estiguin en ple funcionament.<\/p>\n<p>\u201cEl comer\u00e7 i la restauraci\u00f3, juntament amb la pagesia, que hi est\u00e0 \u00edntimament lligada, s\u00f3n el cor de Sa Pobla\u201d, ha assegurat la portaveu socialista, que ha explicat que \u201cdes de l\u2019Ajuntament estam bolcats en pal\u00b7liar els efectes d\u2019aquesta crisi damunt la ciutadania, per\u00f2 no podem deixar passar cap oportunitat, i \u00e9s important que, de la mateixa manera que el Govern i el Consell han creat ajudes en temps r\u00e8cord, nosaltres ens hi afegim amb la m\u00e0xima urg\u00e8ncia perqu\u00e8 els recursos arribin quant abans a les butxaques de la gent\u201d.[\/vc_column_text][\/vc_column][\/vc_row]\n<\/div>","protected":false},"excerpt":{"rendered":"<p>[vc_row][vc_column][vc_single_image image=&#8221;25665&#8243; img_size=&#8221;full&#8221; alignment=&#8221;center&#8221;][\/vc_column][\/vc_row][vc_row][vc_column][\/vc_column][\/vc_row][vc_row][vc_column][vc_column_text]La Portaveu Socialista, Xesca Mir, ha demanat \u201cconsens i coordinaci\u00f3 entre institucions per articular la resposta contuntent que necessita la ciutadania en aquests moments\u201d [\/vc_column_text][\/vc_column][\/vc_row][vc_row][vc_column width=&#8221;1\/2&#8243;][vc_column_text]Els i les socialistes de Sa Pobla han presentat una moci\u00f3 de suport al sector de la restauraci\u00f3 i el comer\u00e7, mitjan\u00e7ant la qual insta l\u2019equip de&hellip;<\/p>\n","protected":false},"author":2,"featured_media":25665,"comment_status":"open","ping_status":"open","sticky":false,"template":"","format":"standard","meta":{"footnotes":""},"categories":[90,92],"tags":[111,139,146],"class_list":["post-25664","post","type-post","status-publish","format-standard","has-post-thumbnail","hentry","category-municipis","category-portada","tag-covid19","tag-pla-de-xoc","tag-sa-pobla"],"_links":{"self":[{"href":"https:\/\/www.psib-psoe.org\/mallorca\/wp-json\/wp\/v2\/posts\/25664"}],"collection":[{"href":"https:\/\/www.psib-psoe.org\/mallorca\/wp-json\/wp\/v2\/posts"}],"about":[{"href":"https:\/\/www.psib-psoe.org\/mallorca\/wp-json\/wp\/v2\/types\/post"}],"author":[{"embeddable":true,"href":"https:\/\/www.psib-psoe.org\/mallorca\/wp-json\/wp\/v2\/users\/2"}],"replies":[{"embeddable":true,"href":"https:\/\/www.psib-psoe.org\/mallorca\/wp-json\/wp\/v2\/comments?post=25664"}],"version-history":[{"count":0,"href":"https:\/\/www.psib-psoe.org\/mallorca\/wp-json\/wp\/v2\/posts\/25664\/revisions"}],"wp:featuredmedia":[{"embeddable":true,"href":"https:\/\/www.psib-psoe.org\/mallorca\/wp-json\/wp\/v2\/media\/25665"}],"wp:attachment":[{"href":"https:\/\/www.psib-psoe.org\/mallorca\/wp-json\/wp\/v2\/media?parent=25664"}],"wp:term":[{"taxonomy":"category","embeddable":true,"href":"https:\/\/www.psib-psoe.org\/mallorca\/wp-json\/wp\/v2\/categories?post=25664"},{"taxonomy":"post_tag","embeddable":true,"href":"https:\/\/www.psib-psoe.org\/mallorca\/wp-json\/wp\/v2\/tags?post=25664"}],"curies":[{"name":"wp","href":"https:\/\/api.w.org\/{rel}","templated":true}]}}