{"id":25667,"date":"2021-01-25T16:58:43","date_gmt":"2021-01-25T14:58:43","guid":{"rendered":"http:\/\/www.psib-psoe.org\/mallorca\/?p=25667"},"modified":"2021-02-05T11:28:27","modified_gmt":"2021-02-05T09:28:27","slug":"llucmajor-mocions","status":"publish","type":"post","link":"https:\/\/www.psib-psoe.org\/mallorca\/llucmajor-mocions\/","title":{"rendered":"Els Socialistes de Llucmajor presenten una iniciativa de suport al comer\u00e7 local i la restauraci\u00f3 i demanen \u201cel comprom\u00eds de l\u2019equip de govern per articular una resposta contundent\u201d"},"content":{"rendered":"<div class=\"wpb-content-wrapper\">[vc_row][vc_column][vc_single_image image=&#8221;25668&#8243; img_size=&#8221;full&#8221; alignment=&#8221;center&#8221;][\/vc_column][\/vc_row][vc_row][vc_column][\/vc_column][\/vc_row][vc_row][vc_column][vc_column_text]<em><u>Els socialistes presenten tamb\u00e9 una iniciativa per eliminar les barreres arquitect\u00f2niques del municipi i garantir la igualtat d\u2019oportunitats<\/u><\/em>[\/vc_column_text][\/vc_column][\/vc_row][vc_row][vc_column width=&#8221;1\/2&#8243;][vc_column_text]Els i les socialistes de Llucmajor han presentat dues iniciatives per debatre al proper plenari: una de suport al comer\u00e7 local i la restauraci\u00f3 i una altra per millorar l&#8217;accessibilitat del municipi.<\/p>\n<p>Des de l&#8217;agrupaci\u00f3 socialista de Llucmajor s&#8217;ha demanat al Ple &#8220;no escatimin en recursos ni esfor\u00e7os per donar suport als negocis del nostre municipi, ja que ara \u00e9s m\u00e9s necessari que mai estar al costat dels nostres empresaris i treballadors&#8221;.<\/p>\n<p>En aquest sentit, demanen &#8220;comprom\u00eds amb els problemes de la ciutadania&#8221; a l&#8217;equip de govern &#8220;sumant-se al Pla de Xoc presentat pel Govern i el Consell, ja que es tracta d&#8217;un paquet de mesures \u00e0gils i contundents, i nom\u00e9s si remam tots a una podrem donar a la nostra ciutadania la resposta que en aquests moments fa tanta falta&#8221;.<\/p>\n<p>D&#8217;altra banda, els socialistes han presentat, tamb\u00e9, una iniciativa per millorar l&#8217;accessibilitat al municipi. &#8220;Millorar l&#8217;entorn urb\u00e0 de Llucmajor, S&#8217;Arenal i les seves urbanitzacions repercuteix directament en la qualitat de vida de les persones que hi viuen\u201d, han assegurat des de l\u2019agrupaci\u00f3. \u201cAquests mesos ens hem reunit amb associacions ve\u00efnals de s\u2019Arenal i les urbanitzacions. Hem identificat prop d&#8217;una vintena de defici\u00e8ncies que limiten l&#8217;autonomia i el benestar de moltes persones, algunes d\u2019elles despr\u00e9s de reunir-nos amb associacions Hem duit a terme reunions i proposam que es dugui a terme una tasca d&#8217;organitzaci\u00f3 i planificaci\u00f3 per poder-les anar resolent&#8221;.[\/vc_column_text][\/vc_column][vc_column width=&#8221;1\/2&#8243;][vc_column_text]Per aix\u00f2, els socialistes proposen, per una banda, la creaci\u00f3 d&#8217;un Consell Local d&#8217;Accessibilitat, amb una doble funci\u00f3 de coordinaci\u00f3 i participaci\u00f3, i que desenvolupi, principalment, les tasques de control i seguiment de l&#8217;estat de l&#8217;accessibilitat en el municipi, d&#8217;assist\u00e8ncia i assessorament als \u00f2rgans i \u00e0rees pertinents, i tamb\u00e9 de tramitar propostes d&#8217;actuaci\u00f3.<\/p>\n<p>Per altra banda, demanen crear un Pla Integral d&#8217;Accessibilitat a Llucmajor, Arenal i Urbanitzacions i dotar el municipi amb una Ordenan\u00e7a de Promoci\u00f3 de l&#8217;Accessibilitat i Supressi\u00f3 de Barreres Arquitect\u00f2niques que hi desenvolupi la norma.<\/p>\n<p>Des de l&#8217;agrupaci\u00f3 han manifestat que &#8220;esperam rebre el suport de la resta de grups en aquestes dues iniciatives, ja que ambdues repercuteixen directament en el benestar de la ciutadania: hem de ser capa\u00e7os de plantejar mesures que facin front a la urg\u00e8ncia de la situaci\u00f3 actual, i tamb\u00e9 hem de mantenir la perspectiva per aportar solucions que tinguin un impacte a llarg termini, com \u00e9s garantir la igualtat d&#8217;oportunitats amb actuacions per assegurar l&#8217;accessibilitat universal&#8221;.[\/vc_column_text][\/vc_column][\/vc_row][vc_row][vc_column][vc_empty_space height=&#8221;50px&#8221;][vc_column_text]\n<h3 style=\"color: #e30613;\"><span class=\"bold\">Recursos addicionals<\/span><\/h3>\n[\/vc_column_text][vc_separator color=&#8221;custom&#8221; align=&#8221;align_left&#8221; border_width=&#8221;3&#8243; el_width=&#8221;10&#8243; accent_color=&#8221;#e30613&#8243;][vc_empty_space height=&#8221;50px&#8221;][vc_column_text]\n<ul>\n<li><a href=\"http:\/\/www.psib-psoe.org\/wp-content\/uploads\/20200127_JJPP-ARMENGOL.mp3\" target=\"_blank\" rel=\"noopener noreferrer\">\u00c0udio<\/a><\/li>\n<li><a href=\"http:\/\/www.psib-psoe.org\/wp-content\/uploads\/Senadors-IB-i-Can\u00e0ries.jpg\" target=\"_blank\" rel=\"noopener noreferrer\">Foto<\/a><\/li>\n<li><a href=\"http:\/\/www.psib-psoe.org\/wp-content\/uploads\/Susanna-Moll-1.pdf\" target=\"_blank\" rel=\"noopener noreferrer\">Proposici\u00f3 No de Llei<\/a><\/li>\n<\/ul>\n[\/vc_column_text][vc_empty_space height=&#8221;50px&#8221;][\/vc_column][\/vc_row]\n<\/div>","protected":false},"excerpt":{"rendered":"<p>[vc_row][vc_column][vc_single_image image=&#8221;25668&#8243; img_size=&#8221;full&#8221; alignment=&#8221;center&#8221;][\/vc_column][\/vc_row][vc_row][vc_column][\/vc_column][\/vc_row][vc_row][vc_column][vc_column_text]Els socialistes presenten tamb\u00e9 una iniciativa per eliminar les barreres arquitect\u00f2niques del municipi i garantir la igualtat d\u2019oportunitats[\/vc_column_text][\/vc_column][\/vc_row][vc_row][vc_column width=&#8221;1\/2&#8243;][vc_column_text]Els i les socialistes de Llucmajor han presentat dues iniciatives per debatre al proper plenari: una de suport al comer\u00e7 local i la restauraci\u00f3 i una altra per millorar l&#8217;accessibilitat del municipi. Des de&hellip;<\/p>\n","protected":false},"author":2,"featured_media":0,"comment_status":"open","ping_status":"open","sticky":false,"template":"","format":"standard","meta":{"footnotes":""},"categories":[90,92],"tags":[98,147],"class_list":["post-25667","post","type-post","status-publish","format-standard","hentry","category-municipis","category-portada","tag-llucmajor","tag-mocions"],"_links":{"self":[{"href":"https:\/\/www.psib-psoe.org\/mallorca\/wp-json\/wp\/v2\/posts\/25667"}],"collection":[{"href":"https:\/\/www.psib-psoe.org\/mallorca\/wp-json\/wp\/v2\/posts"}],"about":[{"href":"https:\/\/www.psib-psoe.org\/mallorca\/wp-json\/wp\/v2\/types\/post"}],"author":[{"embeddable":true,"href":"https:\/\/www.psib-psoe.org\/mallorca\/wp-json\/wp\/v2\/users\/2"}],"replies":[{"embeddable":true,"href":"https:\/\/www.psib-psoe.org\/mallorca\/wp-json\/wp\/v2\/comments?post=25667"}],"version-history":[{"count":0,"href":"https:\/\/www.psib-psoe.org\/mallorca\/wp-json\/wp\/v2\/posts\/25667\/revisions"}],"wp:attachment":[{"href":"https:\/\/www.psib-psoe.org\/mallorca\/wp-json\/wp\/v2\/media?parent=25667"}],"wp:term":[{"taxonomy":"category","embeddable":true,"href":"https:\/\/www.psib-psoe.org\/mallorca\/wp-json\/wp\/v2\/categories?post=25667"},{"taxonomy":"post_tag","embeddable":true,"href":"https:\/\/www.psib-psoe.org\/mallorca\/wp-json\/wp\/v2\/tags?post=25667"}],"curies":[{"name":"wp","href":"https:\/\/api.w.org\/{rel}","templated":true}]}}