{"id":25701,"date":"2021-02-04T15:57:25","date_gmt":"2021-02-04T13:57:25","guid":{"rendered":"http:\/\/www.psib-psoe.org\/mallorca\/?p=25701"},"modified":"2021-02-04T15:57:25","modified_gmt":"2021-02-04T13:57:25","slug":"aclariment-dels-socialistes-de-son-servera-en-relacio-amb-lacte-informatiu-sobre-les-ajudes-per-als-sectors-mes-afectats-per-les-restriccions","status":"publish","type":"post","link":"https:\/\/www.psib-psoe.org\/mallorca\/aclariment-dels-socialistes-de-son-servera-en-relacio-amb-lacte-informatiu-sobre-les-ajudes-per-als-sectors-mes-afectats-per-les-restriccions\/","title":{"rendered":"Aclariment dels Socialistes de Son Servera en relaci\u00f3 amb l\u2019acte informatiu sobre les ajudes per als sectors m\u00e9s afectats per les restriccions"},"content":{"rendered":"<div class=\"wpb-content-wrapper\">[vc_row][vc_column][vc_single_image image=&#8221;24850&#8243; img_size=&#8221;full&#8221; alignment=&#8221;center&#8221;][\/vc_column][\/vc_row][vc_row][vc_column][vc_column_text]<em><u>Els Socialistes de Son Servera demanen respecte per l\u2019activitat interna del partit i els actes que aquest pot organitzar, de la mateixa manera que els socialistes respecten l\u2019activitat interna de qualsevol de les formacions pol\u00edtiques amb representaci\u00f3 a l\u2019ajuntament.<\/u><\/em>[\/vc_column_text][\/vc_column][\/vc_row][vc_row][vc_column width=&#8221;1\/2&#8243;][vc_column_text]Els Socialistes de Son Servera volen manifestar la seva sorpresa per la pol\u00e8mica suscitada entorn de la trobada informativa sobre les ajudes als sectors m\u00e9s afectats per les restriccions, organitzada a la seu de l\u2019agrupaci\u00f3 socialista.<\/p>\n<p>Una trobada posada en marxa amb l\u2019\u00fanic objectiu d\u2019informar sobre les diferents l\u00ednies d\u2019ajuda impulsades per les administracions p\u00fabliques per a la restauraci\u00f3, i sense cap voluntat de substituir les funcions de les institucions per a tramitar aquestes ajudes.<\/p>\n<p>Tradicionalment, la seu dels Socialistes de Son Servera ha estat oberta a tots els serverins i les serverines com a Casa del Poble, per a atendre les seves peticions i suggeriments, per divulgar les principals pol\u00edtiques dels socialistes als diferents \u00e0mbits i tamb\u00e9 per informar de l\u2019acci\u00f3 de govern, per la qual cosa \u00e9s un acte que no plantejava res de nou que no s\u2019hagi fet abans i que no entri en la normalitat d\u2019una formaci\u00f3 pol\u00edtica amb vocaci\u00f3 de servei p\u00fablic, entregada a l\u2019inter\u00e8s general i amb l\u2019obligaci\u00f3 de fer d\u2019altaveu de totes aquelles accions posades en marxa per les institucions que poden ser d\u2019ajuda a diferents sectors en un moment especialment delicat com el que vivim per mor de la pand\u00e8mia.<\/p>\n<p>Es tracta, a m\u00e9s a m\u00e9s, d\u2019una Casa del Poble compartida amb la Uni\u00f3 General de Treballadors de les Illes Balears, la UGT, qui tamb\u00e9 ha estat d\u2019acord en tot moment de fer aquesta acci\u00f3 divulgativa de cara a la restauraci\u00f3 del municipi.[\/vc_column_text][\/vc_column][vc_column width=&#8221;1\/2&#8243;][vc_column_text]De fet, els Socialistes de Son Servera han aplaudit iniciatives pr\u00f2pies d\u2019altres formacions, com la recollida d\u2019aliments a supermercats, que complementen les accions pr\u00f2pies que realitzen les institucions amb un objectiu com\u00fa i compartit: ajudar a superar la situaci\u00f3 actual.<\/p>\n<p>En qualsevol cas, els Socialistes de Son Servera demanen respecte per l\u2019activitat interna del partit i els actes que aquest pot organitzar, de la mateixa manera que els socialistes respecten l\u2019activitat interna de qualsevol de les formacions pol\u00edtiques amb representaci\u00f3 a l\u2019ajuntament.<\/p>\n<p>Per aix\u00f2, esperen que no es faci servir la gesti\u00f3 de la pand\u00e8mia i les seves conseq\u00fc\u00e8ncies socials i econ\u00f2miques com a arma de confrontaci\u00f3 pol\u00edtica i que totes les formacions locals vagin a la una per sortir de la situaci\u00f3 actual com m\u00e9s aviat millor.<\/p>\n<p>Mentrestant, els Socialistes de Son Servera entenen que com a partit que millor representa a la ciutadania del municipi tenen l\u2019obligaci\u00f3 de continuar informant i divulgant sobre les principals accions pol\u00edtiques de les diferents institucions, com han fet sempre.[\/vc_column_text][\/vc_column][\/vc_row]\n<\/div>","protected":false},"excerpt":{"rendered":"<p>[vc_row][vc_column][vc_single_image image=&#8221;24850&#8243; img_size=&#8221;full&#8221; alignment=&#8221;center&#8221;][\/vc_column][\/vc_row][vc_row][vc_column][vc_column_text]Els Socialistes de Son Servera demanen respecte per l\u2019activitat interna del partit i els actes que aquest pot organitzar, de la mateixa manera que els socialistes respecten l\u2019activitat interna de qualsevol de les formacions pol\u00edtiques amb representaci\u00f3 a l\u2019ajuntament.[\/vc_column_text][\/vc_column][\/vc_row][vc_row][vc_column width=&#8221;1\/2&#8243;][vc_column_text]Els Socialistes de Son Servera volen manifestar la seva sorpresa per la pol\u00e8mica&hellip;<\/p>\n","protected":false},"author":4,"featured_media":24850,"comment_status":"open","ping_status":"open","sticky":false,"template":"","format":"standard","meta":{"footnotes":""},"categories":[90,92],"tags":[],"class_list":["post-25701","post","type-post","status-publish","format-standard","has-post-thumbnail","hentry","category-municipis","category-portada"],"_links":{"self":[{"href":"https:\/\/www.psib-psoe.org\/mallorca\/wp-json\/wp\/v2\/posts\/25701"}],"collection":[{"href":"https:\/\/www.psib-psoe.org\/mallorca\/wp-json\/wp\/v2\/posts"}],"about":[{"href":"https:\/\/www.psib-psoe.org\/mallorca\/wp-json\/wp\/v2\/types\/post"}],"author":[{"embeddable":true,"href":"https:\/\/www.psib-psoe.org\/mallorca\/wp-json\/wp\/v2\/users\/4"}],"replies":[{"embeddable":true,"href":"https:\/\/www.psib-psoe.org\/mallorca\/wp-json\/wp\/v2\/comments?post=25701"}],"version-history":[{"count":0,"href":"https:\/\/www.psib-psoe.org\/mallorca\/wp-json\/wp\/v2\/posts\/25701\/revisions"}],"wp:featuredmedia":[{"embeddable":true,"href":"https:\/\/www.psib-psoe.org\/mallorca\/wp-json\/wp\/v2\/media\/24850"}],"wp:attachment":[{"href":"https:\/\/www.psib-psoe.org\/mallorca\/wp-json\/wp\/v2\/media?parent=25701"}],"wp:term":[{"taxonomy":"category","embeddable":true,"href":"https:\/\/www.psib-psoe.org\/mallorca\/wp-json\/wp\/v2\/categories?post=25701"},{"taxonomy":"post_tag","embeddable":true,"href":"https:\/\/www.psib-psoe.org\/mallorca\/wp-json\/wp\/v2\/tags?post=25701"}],"curies":[{"name":"wp","href":"https:\/\/api.w.org\/{rel}","templated":true}]}}