{"id":25708,"date":"2021-02-05T14:04:13","date_gmt":"2021-02-05T12:04:13","guid":{"rendered":"http:\/\/www.psib-psoe.org\/mallorca\/?p=25708"},"modified":"2021-02-05T14:04:13","modified_gmt":"2021-02-05T12:04:13","slug":"comissio-politica-publica","status":"publish","type":"post","link":"https:\/\/www.psib-psoe.org\/mallorca\/comissio-politica-publica\/","title":{"rendered":"La Comissi\u00f3 Pol\u00edtica acorda per unanimitat que les compareixences pol\u00edtiques siguin p\u00fabliques"},"content":{"rendered":"<div class=\"wpb-content-wrapper\">[vc_row][vc_column][vc_single_image image=&#8221;25709&#8243; img_size=&#8221;full&#8221; alignment=&#8221;center&#8221;][\/vc_column][\/vc_row][vc_row][vc_column][\/vc_column][\/vc_row][vc_row][vc_column][vc_column_text]<em><u>Els partits del Pacte agraeixen la disposici\u00f3 dels t\u00e8cnics i esperen la col\u00b7laboraci\u00f3 de tots els pol\u00edtics i pol\u00edtiques que siguin cridats a la comissi\u00f3<\/u><\/em>[\/vc_column_text][\/vc_column][\/vc_row][vc_row][vc_column width=&#8221;1\/2&#8243;][vc_column_text]PSIB-PSOE, M\u00c9S per Mallorca i Unides Podem han celebrat la nova passa endavant cap a la m\u00e0xima transpar\u00e8ncia que s\u2019ha dut a terme a la Comissi\u00f3 Pol\u00edtica del Consell Rector de l\u2019IMAS, en aprovar-se per unanimitat que les sessions que contenguin compareixences de caire pol\u00edtic siguin p\u00fabliques.<\/p>\n<p>Representants dels tres partits han explicat, despr\u00e9s de la sessi\u00f3 celebrada aquest dijous, que les compareixences pol\u00edtiques es faran per via telem\u00e0tica per tal de garantir les mesures COVID, i, a m\u00e9s, nom\u00e9s seran obertes per als mitjans de comunicaci\u00f3, que no tindran ni veu ni vot i hauran de demanar perm\u00eds com a m\u00ednim 24 hores abans.<\/p>\n<p>Est\u00e0 previst que les sessions se segueixin celebrat setmanalment, i que les compareixences de caire pol\u00edtic es duguin a terme per ordre d\u2019antiguitat (acabant per l\u2019actual equip). Segons han explicat els portaveus dels socis, es convidaran els presidents de l\u2019IMAS, vicepresidents i directors insulars d\u2019Inf\u00e0ncia i Fam\u00edlia.[\/vc_column_text][\/vc_column][vc_column width=&#8221;1\/2&#8243;][vc_column_text]Els portaveus dels partits del Pacte han reiterat la seva intenci\u00f3 d&#8217;estendre la m\u00e0 a la resta de partits pol\u00edtics que, de moment, no participen encara a la Comissi\u00f3 Pol\u00edtica. Han agra\u00eft la disposici\u00f3 dels t\u00e8cnics i t\u00e8cniques fins al moment i han assegurat que esperen la col\u00b7laboraci\u00f3 de tots els pol\u00edtics i pol\u00edtiques que siguin cridats a la comissi\u00f3. En concret, els pol\u00edtics i pol\u00edtiques del PP, encara que el partit hagi decidit no participar a la Comissi\u00f3.<\/p>\n<p>A m\u00e9s, han explicat que tamb\u00e9 per unanimitat s\u2019ha tancat el calendari de compareixences t\u00e8cniques i pol\u00edtiques. Es valoraran les legislatures a partir del 2007 , ja que va ser durant aquesta legislatura que es va aprovar el Protocol Marc Interdisciplinari d\u2019Actuacions en Casos de Maltractament Infantil a les Illes Balears.<\/p>\n<p>La Comissi\u00f3 Pol\u00edtica del Consell Rector de l\u2019IMAS analitza les decisions pol\u00edtiques preses en relaci\u00f3 als casos d\u2019explotaci\u00f3 sexual de menors amb mesures de protecci\u00f3 jur\u00eddica tutelats per l\u2019IMAS, i presentar\u00e0 les seves conclusions una vegada escoltats tots els testimonis pol\u00edtics i t\u00e8cnics.[\/vc_column_text][\/vc_column][\/vc_row][vc_row][vc_column][vc_empty_space height=&#8221;50px&#8221;][vc_separator color=&#8221;custom&#8221; align=&#8221;align_left&#8221; border_width=&#8221;3&#8243; el_width=&#8221;10&#8243; accent_color=&#8221;#e30613&#8243;][vc_empty_space height=&#8221;50px&#8221;][\/vc_column][\/vc_row]\n<\/div>","protected":false},"excerpt":{"rendered":"<p>[vc_row][vc_column][vc_single_image image=&#8221;25709&#8243; img_size=&#8221;full&#8221; alignment=&#8221;center&#8221;][\/vc_column][\/vc_row][vc_row][vc_column][\/vc_column][\/vc_row][vc_row][vc_column][vc_column_text]Els partits del Pacte agraeixen la disposici\u00f3 dels t\u00e8cnics i esperen la col\u00b7laboraci\u00f3 de tots els pol\u00edtics i pol\u00edtiques que siguin cridats a la comissi\u00f3[\/vc_column_text][\/vc_column][\/vc_row][vc_row][vc_column width=&#8221;1\/2&#8243;][vc_column_text]PSIB-PSOE, M\u00c9S per Mallorca i Unides Podem han celebrat la nova passa endavant cap a la m\u00e0xima transpar\u00e8ncia que s\u2019ha dut a terme a la Comissi\u00f3 Pol\u00edtica&hellip;<\/p>\n","protected":false},"author":2,"featured_media":25709,"comment_status":"open","ping_status":"open","sticky":false,"template":"","format":"standard","meta":{"footnotes":""},"categories":[89,92],"tags":[135,134,136],"class_list":["post-25708","post","type-post","status-publish","format-standard","has-post-thumbnail","hentry","category-consell-de-mallorca","category-portada","tag-comissio-politica","tag-imas","tag-menors"],"_links":{"self":[{"href":"https:\/\/www.psib-psoe.org\/mallorca\/wp-json\/wp\/v2\/posts\/25708"}],"collection":[{"href":"https:\/\/www.psib-psoe.org\/mallorca\/wp-json\/wp\/v2\/posts"}],"about":[{"href":"https:\/\/www.psib-psoe.org\/mallorca\/wp-json\/wp\/v2\/types\/post"}],"author":[{"embeddable":true,"href":"https:\/\/www.psib-psoe.org\/mallorca\/wp-json\/wp\/v2\/users\/2"}],"replies":[{"embeddable":true,"href":"https:\/\/www.psib-psoe.org\/mallorca\/wp-json\/wp\/v2\/comments?post=25708"}],"version-history":[{"count":0,"href":"https:\/\/www.psib-psoe.org\/mallorca\/wp-json\/wp\/v2\/posts\/25708\/revisions"}],"wp:featuredmedia":[{"embeddable":true,"href":"https:\/\/www.psib-psoe.org\/mallorca\/wp-json\/wp\/v2\/media\/25709"}],"wp:attachment":[{"href":"https:\/\/www.psib-psoe.org\/mallorca\/wp-json\/wp\/v2\/media?parent=25708"}],"wp:term":[{"taxonomy":"category","embeddable":true,"href":"https:\/\/www.psib-psoe.org\/mallorca\/wp-json\/wp\/v2\/categories?post=25708"},{"taxonomy":"post_tag","embeddable":true,"href":"https:\/\/www.psib-psoe.org\/mallorca\/wp-json\/wp\/v2\/tags?post=25708"}],"curies":[{"name":"wp","href":"https:\/\/api.w.org\/{rel}","templated":true}]}}