{"id":25727,"date":"2021-02-10T14:14:25","date_gmt":"2021-02-10T12:14:25","guid":{"rendered":"https:\/\/www.psib-psoe.org\/mallorca\/el-psib-psoe-celebra-que-lanalisi-de-la-situacio-economica-de-les-illes-balears-prengui-especial-protagonisme-en-la-ponencia-dinsularitat-del-senat\/"},"modified":"2021-02-10T14:18:14","modified_gmt":"2021-02-10T12:18:14","slug":"el-psib-psoe-celebra-que-lanalisi-de-la-situacio-economica-de-les-illes-balears-prengui-especial-protagonisme-en-la-ponencia-dinsularitat-del-senat","status":"publish","type":"post","link":"https:\/\/www.psib-psoe.org\/mallorca\/el-psib-psoe-celebra-que-lanalisi-de-la-situacio-economica-de-les-illes-balears-prengui-especial-protagonisme-en-la-ponencia-dinsularitat-del-senat\/","title":{"rendered":"El PSIB-PSOE celebra que l\u2019an\u00e0lisi de la situaci\u00f3 econ\u00f2mica de les Illes Balears prengui especial protagonisme en la pon\u00e8ncia d\u2019insularitat del Senat"},"content":{"rendered":"<div class=\"row wpb_row row-fluid img_noticia\">\n<div class=\"wpb_column columns small-12 medium-12 thb-dark-column\">\n<div class=\"vc_column-inner  \">\n<div class=\"wpb_wrapper\">\n<div class=\"wpb_single_image wpb_content_element vc_align_center  vc_custom_1612959162078\">\n<figure class=\"wpb_wrapper vc_figure\">\n<div class=\"vc_single_image-wrapper   vc_box_border_grey\"><img loading=\"lazy\" decoding=\"async\" width=\"2048\" height=\"1364\" src=\"https:\/\/www.psib-psoe.org\/wp-content\/uploads\/Cosme-Bonet-Ponencia-insularitat-senat.jpeg\" class=\"vc_single_image-img attachment-full\" alt=\"\" \/><\/div>\n<\/figure><\/div>\n<\/div>\n<\/div>\n<\/div>\n<\/div>\n<div class=\"row wpb_row row-fluid intro full-width-row vc_custom_1558336094678\">\n<div class=\"col_izq wpb_column columns small-12 medium-12 thb-dark-column\">\n<div class=\"vc_column-inner  \">\n<div class=\"wpb_wrapper\">\n<div class=\"wpb_text_column wpb_content_element  \">\n<div class=\"wpb_wrapper\">\n<p><em><u>La pon\u00e8ncia es dividir\u00e0 en quatre blocs: economia i transformaci\u00f3 digital; transport, mobilitat i connectivitat; canvi clim\u00e0tic i medi ambient; i pol\u00edtiques socials i diversitat<\/u><\/em><\/p>\n<\/p><\/div><\/div>\n<\/div>\n<\/div>\n<\/div>\n<\/div>\n<div class=\"row wpb_row row-fluid full-width-row\">\n<div class=\"col_izq wpb_column columns small-12 medium-6 thb-dark-column\">\n<div class=\"vc_column-inner  \">\n<div class=\"wpb_wrapper\">\n<div class=\"wpb_text_column wpb_content_element  \">\n<div class=\"wpb_wrapper\">\n<p>El PSIB-PSOE valora molt positivament que la pon\u00e8ncia d\u2019estudi sobre la insularitat, que comen\u00e7ar\u00e0 la setmana que ve al Senat amb la compareixen\u00e7a de la presidenta Armengol i dels dirigents de Can\u00e0ries, Ceuta i Melilla, situ\u00ef en el centre del debat els costs de la insularitat i la situaci\u00f3 econ\u00f2mica que se\u2019n deriva per als territoris insulars i extrapeninsular, q\u00fcestions fonamentals per als senadors socialistes illencs.<\/p>\n<p>El senador per Mallorca, Cosme Bonet, ha destacat la import\u00e0ncia d\u2019aquest fet, que es despr\u00e8n del pla de treball recentment aprovat i consensuat amb la resta de grups parlamentaris, recordant que \u201cels costs de la insularitat tenen un efecte molt important en la capacitat de les nostres empreses i en el poder adquisitiu dels ciutadans de les Illes\u201d.<\/p>\n<p>Respecte d\u2019aix\u00f2, Bonet ha remarcat que \u201ctrobar la f\u00f3rmula per compensar aquests costs \u00e9s cabdal, ja que la vida a les Illes s\u2019encareix, per\u00f2 els sous i les pensions romanen m\u00e9s baixos que a altres comunitats aut\u00f2nomes que no pateixen costs afegits derivats de la insularitat\u201d i ha recordat que s\u00f3n m\u00faltiples els experts que aix\u00ed ho apunten.<\/p>\n<p>De fet, els senadors socialistes de les illes han insistit en el fet que el pla de treball de la pon\u00e8ncia, que marcar\u00e0 l\u2019agenda dels pr\u00f2xims mesos en el Senat, inclogui entre els ponents representants dels sindicats, les patronals, empreses del sector dels transports, del sector de l\u2019energia i tamb\u00e9, entre d\u2019altres, del Consell Econ\u00f2mic i Social de les Illes Balears.<\/p>\n<p><strong>Quatre eixos per a un pla de treball consensuat<\/strong><\/p>\n<p>El divendres 19 de febrer arrencaran, a porta tancada, les sessions de la pon\u00e8ncia amb les compareixences de la presidenta del Govern de les Illes Balears, Francina Armengol, i dels presidents de Can\u00e0ries, Ceuta i Melilla.<\/p>\n<\/p><\/div><\/div>\n<\/div>\n<\/div>\n<\/div>\n<div class=\"col_dcha wpb_column columns small-12 medium-6 thb-dark-column\">\n<div class=\"vc_column-inner  \">\n<div class=\"wpb_wrapper\">\n<div class=\"wpb_text_column wpb_content_element  \">\n<div class=\"wpb_wrapper\">\n<p>A continuaci\u00f3 es duran a terme la resta de compareixences en sessions mensuals repartides en quatre blocs: economia i transformaci\u00f3 digital; transport, mobilitat i connectivitat; canvi clim\u00e0tic i medi ambient; i pol\u00edtiques socials i diversitat.<\/p>\n<p>De fet, el bloc que comptar\u00e0 amb m\u00e9s nombre de compareixents ser\u00e0 el d\u2019economia i transformaci\u00f3 digital, per al qual els socialistes han aportat noms d\u2019experts que es donaran a con\u00e8ixer els pr\u00f2xims dies, com tamb\u00e9 d\u2019entitats de refer\u00e8ncia per a les Illes Balears.<\/p>\n<p>Bonet ha volgut agrair a tots els grups les \u201cfacilitats per poder pactar aquest pla de treball i el llistat de compareixents\u201d, especialment als senadors auton\u00f2mics, Vicen\u00e7 Vidal i Joan Vicen\u00e7 Mar\u00ed, dels quals ha volgut destacar la \u201cclara voluntat de consensuar un pla de feina que contempl\u00e0s una aportaci\u00f3 plural d\u2019all\u00f2 del que significa la insularitat per als ciutadans i ciutadanes de les Illes Balears\u201d.<\/p>\n<p>Tamb\u00e9 han participat en la proposta de ponents les senadores socialistes per Eivissa i Formentera, Patricia Abascal, i per Mallorca, Susanna Moll, les quals, tot i no formar part de la pon\u00e8ncia, faran un seguiment actiu de totes les compareixences que s\u2019hi duguin a terme.<\/p>\n<p>Les sessions es duran a terme a porta tancada, tal com marca el reglament del Senat. No obstant aix\u00f2, els membres de la pon\u00e8ncia ja han sol\u00b7licitat que s\u2019enregistri i es pugui consultar en la web del Senat.<\/p>\n<p>Cal recordar que la pon\u00e8ncia d\u2019estudi sobre la insularitat \u00e9s fruit d\u2019una moci\u00f3 impulsada pel Grup Parlamentari Socialista.<\/p>\n<\/p><\/div><\/div>\n<\/div>\n<\/div>\n<\/div>\n<\/div>\n<p>Source: Actualitat Fedaraci\u00f3 Mallorca<\/p>\n","protected":false},"excerpt":{"rendered":"<p>La pon\u00e8ncia es dividir\u00e0 en quatre blocs: economia i transformaci\u00f3 digital; transport, mobilitat i connectivitat; canvi clim\u00e0tic i medi ambient; i pol\u00edtiques socials i diversitat El PSIB-PSOE valora molt positivament que la pon\u00e8ncia d\u2019estudi sobre la insularitat, que comen\u00e7ar\u00e0 la setmana que ve al Senat amb la compareixen\u00e7a de la presidenta Armengol i dels dirigents&hellip;<\/p>\n","protected":false},"author":1,"featured_media":25728,"comment_status":"closed","ping_status":"open","sticky":false,"template":"","format":"standard","meta":{"footnotes":""},"categories":[92,158],"tags":[77],"class_list":["post-25727","post","type-post","status-publish","format-standard","has-post-thumbnail","hentry","category-portada","category-senat","tag-federacio-socialista-de-mallorca"],"_links":{"self":[{"href":"https:\/\/www.psib-psoe.org\/mallorca\/wp-json\/wp\/v2\/posts\/25727"}],"collection":[{"href":"https:\/\/www.psib-psoe.org\/mallorca\/wp-json\/wp\/v2\/posts"}],"about":[{"href":"https:\/\/www.psib-psoe.org\/mallorca\/wp-json\/wp\/v2\/types\/post"}],"author":[{"embeddable":true,"href":"https:\/\/www.psib-psoe.org\/mallorca\/wp-json\/wp\/v2\/users\/1"}],"replies":[{"embeddable":true,"href":"https:\/\/www.psib-psoe.org\/mallorca\/wp-json\/wp\/v2\/comments?post=25727"}],"version-history":[{"count":0,"href":"https:\/\/www.psib-psoe.org\/mallorca\/wp-json\/wp\/v2\/posts\/25727\/revisions"}],"wp:featuredmedia":[{"embeddable":true,"href":"https:\/\/www.psib-psoe.org\/mallorca\/wp-json\/wp\/v2\/media\/25728"}],"wp:attachment":[{"href":"https:\/\/www.psib-psoe.org\/mallorca\/wp-json\/wp\/v2\/media?parent=25727"}],"wp:term":[{"taxonomy":"category","embeddable":true,"href":"https:\/\/www.psib-psoe.org\/mallorca\/wp-json\/wp\/v2\/categories?post=25727"},{"taxonomy":"post_tag","embeddable":true,"href":"https:\/\/www.psib-psoe.org\/mallorca\/wp-json\/wp\/v2\/tags?post=25727"}],"curies":[{"name":"wp","href":"https:\/\/api.w.org\/{rel}","templated":true}]}}