{"id":25787,"date":"2021-03-09T18:35:58","date_gmt":"2021-03-09T16:35:58","guid":{"rendered":"http:\/\/www.psib-psoe.org\/mallorca\/?p=25787"},"modified":"2021-03-09T18:35:58","modified_gmt":"2021-03-09T16:35:58","slug":"felanitx-rebuig-baixada-taxes","status":"publish","type":"post","link":"https:\/\/www.psib-psoe.org\/mallorca\/felanitx-rebuig-baixada-taxes\/","title":{"rendered":"Els i les socialistes de Felanitx lamenten que l\u2019equip de govern \u201cofega el sector comercial, hoteler i de restauraci\u00f3 negant-se a bonificar la taxa de fems\u201d"},"content":{"rendered":"<div class=\"wpb-content-wrapper\">[vc_row][vc_column][vc_single_image image=&#8221;25788&#8243; img_size=&#8221;full&#8221; alignment=&#8221;center&#8221;][\/vc_column][\/vc_row][vc_row][vc_column][\/vc_column][\/vc_row][vc_row][vc_column][vc_column_text]<em><u>El grup municipal socialista \u00a0va presentar una moci\u00f3 en el plenari de dilluns passat per reclamar ajuts per als sectors productius que finalment va ser rebutjada pel pacte de dretes i el regidor tr\u00e0nsfuga<\/u><\/em>[\/vc_column_text][\/vc_column][\/vc_row][vc_row][vc_column width=&#8221;1\/2&#8243;][vc_column_text]Els Socialistes de Felanitx lamenten que l\u2019equip de govern de dretes amb el regidor tr\u00e0nsfuga \u201csegueix ofegant el sector comercial, hoteler i de restauraci\u00f3 en negar-se a bonificar la taxa de fems, com deman\u00e0vem els socialistes\u201d.<\/p>\n<p>Aix\u00ed ho ha explicat el portaveu municipal, Xisco Duarte, que ha criticat que el govern de dretes va votar en contra d\u2019una moci\u00f3 socialista per instar l&#8217;Ajuntament a reduir la quota tribut\u00e0ria de la taxa pel servei de recollida, transport, tractament i eliminaci\u00f3 de fems, en aquelles activitats i equipaments en qu\u00e8 no s&#8217;havia utilitzat el servei, o aquells que per mor de la pand\u00e8mia havien tingut el seu establiment tancat.<\/p>\n<p>A la vegada, la moci\u00f3 proposava la devoluci\u00f3 de les quantitats pagades indegudament o b\u00e9 l&#8217;exempci\u00f3 de pagament de les taxes de l\u2019any 2020 a les quals no s\u2019hagu\u00e9s pogut fer front degut a les restriccions. I, en relaci\u00f3 al 2021, instava l\u2019equip de govern a prendre els acords necessaris per suspendre l&#8217;obligaci\u00f3 d&#8217;abonar la quota tribut\u00e0ria en la part proporcional al temps en qu\u00e8 no s\u2019hagu\u00e9s pogut fer \u00fas del servei de recollida de fems.[\/vc_column_text][\/vc_column][vc_column width=&#8221;1\/2&#8243;][vc_column_text]\u201cPresent\u00e0vem una proposta justa i contundent per ajudar les nostres empreses a pal\u00b7liar els efectes de la pand\u00e8mia, i que va ser rebutjada perqu\u00e8 els grups que governen i el regidor tr\u00e0nsfuga votaren en contra\u201d, ha lamentat Duarte, assegurant que \u201cno podem comprendre que ara el PP de na Soler, voti en contra del mateix que ella reclamava fa pocs mesos\u201d, criticant, finalment, que \u201cha passat d&#8217;animar a la valentia, a ser una covarda i amb una comparsa municipal que la segueix\u201d.<\/p>\n<p>A m\u00e9s, Duarte ha emfasitzat que el posicionament del pacte \u201cpot suposar un problema legal per a l\u2019ajuntament\u201d, ja que a hores d\u2019ara, \u201cja ha suposat quatre recursos interposats en contra de l&#8217;Ajuntament per 4 grups hotelers amb hotels a Cala Ferrera que reclamen el retorn d\u2019aquests tributs cobrats indegudament&#8221;.<\/p>\n<p>\u201cL\u2019Ajuntament ja ha hagut de contractar un advocat extern per la seva defensa davant aquests recursos, amb els doblers que aix\u00f2 implica per als felanitxers\u201d, ha asseverat Duarte, que ha reflexionat que, a m\u00e9s, aquests recursos \u201cobren la porta a que altres sectors puguin fer el mateix, i tot perqu\u00e8 l\u2019equip de govern es nega a recon\u00e8ixer el que pertoca&#8221;.[\/vc_column_text][\/vc_column][\/vc_row][vc_row][vc_column][vc_empty_space height=&#8221;50px&#8221;][vc_separator color=&#8221;custom&#8221; align=&#8221;align_left&#8221; border_width=&#8221;3&#8243; el_width=&#8221;10&#8243; accent_color=&#8221;#e30613&#8243;][vc_empty_space height=&#8221;50px&#8221;][vc_column_text]\n<ul>\n<li><a href=\"http:\/\/www.psib-psoe.org\/wp-content\/uploads\/20200127_JJPP-ARMENGOL.mp3\" target=\"_blank\" rel=\"noopener noreferrer\">\u00c0udio<\/a><\/li>\n<li><a href=\"http:\/\/www.psib-psoe.org\/wp-content\/uploads\/Senadors-IB-i-Can\u00e0ries.jpg\" target=\"_blank\" rel=\"noopener noreferrer\">Foto<\/a><\/li>\n<li><a href=\"http:\/\/www.psib-psoe.org\/wp-content\/uploads\/Susanna-Moll-1.pdf\" target=\"_blank\" rel=\"noopener noreferrer\">Proposici\u00f3 No de Llei<\/a><\/li>\n<\/ul>\n[\/vc_column_text][vc_empty_space height=&#8221;50px&#8221;][\/vc_column][\/vc_row]\n<\/div>","protected":false},"excerpt":{"rendered":"<p>[vc_row][vc_column][vc_single_image image=&#8221;25788&#8243; img_size=&#8221;full&#8221; alignment=&#8221;center&#8221;][\/vc_column][\/vc_row][vc_row][vc_column][\/vc_column][\/vc_row][vc_row][vc_column][vc_column_text]El grup municipal socialista \u00a0va presentar una moci\u00f3 en el plenari de dilluns passat per reclamar ajuts per als sectors productius que finalment va ser rebutjada pel pacte de dretes i el regidor tr\u00e0nsfuga[\/vc_column_text][\/vc_column][\/vc_row][vc_row][vc_column width=&#8221;1\/2&#8243;][vc_column_text]Els Socialistes de Felanitx lamenten que l\u2019equip de govern de dretes amb el regidor tr\u00e0nsfuga \u201csegueix ofegant el&hellip;<\/p>\n","protected":false},"author":2,"featured_media":25788,"comment_status":"open","ping_status":"open","sticky":false,"template":"","format":"standard","meta":{"footnotes":""},"categories":[90,92],"tags":[145,128,178],"class_list":["post-25787","post","type-post","status-publish","format-standard","has-post-thumbnail","hentry","category-municipis","category-portada","tag-covid","tag-felanitx","tag-taxes"],"_links":{"self":[{"href":"https:\/\/www.psib-psoe.org\/mallorca\/wp-json\/wp\/v2\/posts\/25787"}],"collection":[{"href":"https:\/\/www.psib-psoe.org\/mallorca\/wp-json\/wp\/v2\/posts"}],"about":[{"href":"https:\/\/www.psib-psoe.org\/mallorca\/wp-json\/wp\/v2\/types\/post"}],"author":[{"embeddable":true,"href":"https:\/\/www.psib-psoe.org\/mallorca\/wp-json\/wp\/v2\/users\/2"}],"replies":[{"embeddable":true,"href":"https:\/\/www.psib-psoe.org\/mallorca\/wp-json\/wp\/v2\/comments?post=25787"}],"version-history":[{"count":0,"href":"https:\/\/www.psib-psoe.org\/mallorca\/wp-json\/wp\/v2\/posts\/25787\/revisions"}],"wp:featuredmedia":[{"embeddable":true,"href":"https:\/\/www.psib-psoe.org\/mallorca\/wp-json\/wp\/v2\/media\/25788"}],"wp:attachment":[{"href":"https:\/\/www.psib-psoe.org\/mallorca\/wp-json\/wp\/v2\/media?parent=25787"}],"wp:term":[{"taxonomy":"category","embeddable":true,"href":"https:\/\/www.psib-psoe.org\/mallorca\/wp-json\/wp\/v2\/categories?post=25787"},{"taxonomy":"post_tag","embeddable":true,"href":"https:\/\/www.psib-psoe.org\/mallorca\/wp-json\/wp\/v2\/tags?post=25787"}],"curies":[{"name":"wp","href":"https:\/\/api.w.org\/{rel}","templated":true}]}}