{"id":25790,"date":"2021-03-09T20:41:02","date_gmt":"2021-03-09T18:41:02","guid":{"rendered":"http:\/\/www.psib-psoe.org\/mallorca\/?p=25790"},"modified":"2021-03-09T20:41:02","modified_gmt":"2021-03-09T18:41:02","slug":"comissio-esi-2019","status":"publish","type":"post","link":"https:\/\/www.psib-psoe.org\/mallorca\/comissio-esi-2019\/","title":{"rendered":"El PSIB-PSOE destaca \u201cla tasca pionera de l\u2019IMAS en la lluita contra l\u2019explotaci\u00f3 sexual infantil\u201d, amb iniciatives \u201cque s\u00f3n punta de llan\u00e7a a la resta de l\u2019Estat\u201d"},"content":{"rendered":"<div class=\"wpb-content-wrapper\">[vc_row][vc_column][vc_single_image image=&#8221;25791&#8243; img_size=&#8221;full&#8221; alignment=&#8221;center&#8221;][\/vc_column][\/vc_row][vc_row][vc_column][\/vc_column][\/vc_row][vc_row][vc_column][vc_column_text]<em><u>Lorena Oliver ha valorat \u201cl\u2019exercici de transpar\u00e8ncia que ha fet l\u2019IMAS per donar visibilitat a un problema que requereix la implicaci\u00f3 de tota la societat\u201d<\/u><\/em>[\/vc_column_text][\/vc_column][\/vc_row][vc_row][vc_column width=&#8221;1\/2&#8243;][vc_column_text]La Comissi\u00f3 Pol\u00edtica sobre l\u2019explotaci\u00f3 sexual infantil de l\u2019Institut Mallorqu\u00ed d\u2019Afers Socials ha celebrat avui la darrera sessi\u00f3 amb compareixences pol\u00edtiques per analitzar les decisions que s\u2019estan prenent durant la legislatura actual, d\u2019en\u00e7\u00e0 de 2019.<\/p>\n<p>La comissi\u00f3, on ha participat, per part del Grup Socialista, la Consellera Lorena Oliver, ha comptat amb les compareixences de l\u2019actual Directora Insular d\u2019Inf\u00e0ncia i Fam\u00edlia, Maria \u00c1ngeles Fern\u00e1ndez, i el President de l\u2019IMAS, Javier de Juan.<\/p>\n<p>Per a Oliver, les compareixences d\u2019avui fan evident que \u201chi ha una clara voluntat pol\u00edtica d\u2019impulsar l\u2019IMAS com una instituci\u00f3 pionera i referent en la prevenci\u00f3, detecci\u00f3 i lluita contra l\u2019explotaci\u00f3 sexual infantil\u201d, citant com a exemple \u201ciniciatives que s\u00f3n punta de llan\u00e7a a la resta de l\u2019Estat\u201d, com ara \u201cla posada en marxa d\u2019un centre especialitzat en menors v\u00edctimes d\u2019explotaci\u00f3 sexual o la creaci\u00f3 de la Comissi\u00f3 Insular d\u2019Explotaci\u00f3 Sexual Infantil\u201d<\/p>\n<p>Oliver ha assegurat que \u201ccom b\u00e9 va dir la Comissi\u00f3 d\u2019Experts al seu informe, queda clar que \u00e9s exemplar l\u2019exercici de transpar\u00e8ncia i responsabilitat que s\u2019ha fet des de l\u2019IMAS per posar la q\u00fcesti\u00f3 damunt la taula, ja que els casos existeixen tant si en parlam com si no, i recon\u00e8ixer-ho, donar-hi visibilitat, \u00e9s fonamental, ja que cal implicar tota la societat i les institucions per limitar l\u2019exposici\u00f3 de les menors\u201d.[\/vc_column_text][\/vc_column][vc_column width=&#8221;1\/2&#8243;][vc_column_text]En aquest sentit, ha ressaltat la implicaci\u00f3 i la tasca que es du a terme aquesta legislatura per \u201cabordar la problem\u00e0tica de l\u2019explotaci\u00f3 sexual infantil de manera hol\u00edstica, amb diferents l\u00ednies de feina per millorar la prevenci\u00f3, la detecci\u00f3 dels casos i la situaci\u00f3 de les v\u00edctimes\u201d, i ha esmentat alguns exemples com ara \u201cla contractaci\u00f3 de m\u00e9s personal per reduir les r\u00e0tios, els plans d\u2019estabilitat, les instruccions en mat\u00e8ria d\u2019ESI i de sortides no autoritzades o la implantaci\u00f3 de referents per coordinar tots els casos d\u2019explotaci\u00f3 sexual\u201d.<\/p>\n<p>Per tot aix\u00f2, ha assegurat que \u201c\u00e9s evident que hi ha una part de l\u2019oposici\u00f3 que menteix descaradament quan diu que des de l\u2019IMAS no s\u2019actua per eradicar la problem\u00e0tica, i m\u00e9s quan ha quedat clar que, precisament, durant la legislatura del PP es van retallar recursos que podrien haver estat essencials per detectar els casos\u201d.<\/p>\n<p>A m\u00e9s, ha lamentat que \u201ctant la dreta com la ultradreta han \u00a0fet molt mal a les menors, als i les professionals i a la instituci\u00f3, posant el focus en les v\u00edctimes i en l\u2019IMAS en comptes de posar-lo en els explotadors i causant un dany personal i institucional que ser\u00e0 dif\u00edcil de reparar\u201d. Per a la socialista, \u201c\u00e9s especialment greu la deslleialtat institucional que ha mostrat el PP, que per treure un r\u00e8dit pol\u00edtic d\u2019aquesta q\u00fcesti\u00f3 s\u2019ha aventurat a tombar bona part de la feina que durant anys han estat fent l\u2019IMAS i les entitats del tercer sector que treballen amb els i les menors\u201d.[\/vc_column_text][\/vc_column][\/vc_row][vc_row][vc_column][vc_empty_space height=&#8221;50px&#8221;][vc_separator color=&#8221;custom&#8221; align=&#8221;align_left&#8221; border_width=&#8221;3&#8243; el_width=&#8221;10&#8243; accent_color=&#8221;#e30613&#8243;][vc_empty_space height=&#8221;50px&#8221;][\/vc_column][\/vc_row]\n<\/div>","protected":false},"excerpt":{"rendered":"<p>[vc_row][vc_column][vc_single_image image=&#8221;25791&#8243; img_size=&#8221;full&#8221; alignment=&#8221;center&#8221;][\/vc_column][\/vc_row][vc_row][vc_column][\/vc_column][\/vc_row][vc_row][vc_column][vc_column_text]Lorena Oliver ha valorat \u201cl\u2019exercici de transpar\u00e8ncia que ha fet l\u2019IMAS per donar visibilitat a un problema que requereix la implicaci\u00f3 de tota la societat\u201d[\/vc_column_text][\/vc_column][\/vc_row][vc_row][vc_column width=&#8221;1\/2&#8243;][vc_column_text]La Comissi\u00f3 Pol\u00edtica sobre l\u2019explotaci\u00f3 sexual infantil de l\u2019Institut Mallorqu\u00ed d\u2019Afers Socials ha celebrat avui la darrera sessi\u00f3 amb compareixences pol\u00edtiques per analitzar les decisions que s\u2019estan&hellip;<\/p>\n","protected":false},"author":2,"featured_media":0,"comment_status":"open","ping_status":"open","sticky":false,"template":"","format":"standard","meta":{"footnotes":""},"categories":[89,92],"tags":[171,175,134,136],"class_list":["post-25790","post","type-post","status-publish","format-standard","hentry","category-consell-de-mallorca","category-portada","tag-esi","tag-explotacio-sexual-infantil","tag-imas","tag-menors"],"_links":{"self":[{"href":"https:\/\/www.psib-psoe.org\/mallorca\/wp-json\/wp\/v2\/posts\/25790"}],"collection":[{"href":"https:\/\/www.psib-psoe.org\/mallorca\/wp-json\/wp\/v2\/posts"}],"about":[{"href":"https:\/\/www.psib-psoe.org\/mallorca\/wp-json\/wp\/v2\/types\/post"}],"author":[{"embeddable":true,"href":"https:\/\/www.psib-psoe.org\/mallorca\/wp-json\/wp\/v2\/users\/2"}],"replies":[{"embeddable":true,"href":"https:\/\/www.psib-psoe.org\/mallorca\/wp-json\/wp\/v2\/comments?post=25790"}],"version-history":[{"count":0,"href":"https:\/\/www.psib-psoe.org\/mallorca\/wp-json\/wp\/v2\/posts\/25790\/revisions"}],"wp:attachment":[{"href":"https:\/\/www.psib-psoe.org\/mallorca\/wp-json\/wp\/v2\/media?parent=25790"}],"wp:term":[{"taxonomy":"category","embeddable":true,"href":"https:\/\/www.psib-psoe.org\/mallorca\/wp-json\/wp\/v2\/categories?post=25790"},{"taxonomy":"post_tag","embeddable":true,"href":"https:\/\/www.psib-psoe.org\/mallorca\/wp-json\/wp\/v2\/tags?post=25790"}],"curies":[{"name":"wp","href":"https:\/\/api.w.org\/{rel}","templated":true}]}}