{"id":25840,"date":"2021-03-22T21:21:49","date_gmt":"2021-03-22T19:21:49","guid":{"rendered":"http:\/\/www.psib-psoe.org\/mallorca\/?p=25840"},"modified":"2021-04-13T13:06:05","modified_gmt":"2021-04-13T11:06:05","slug":"els-socialistes-de-pollenca-aplaudeixen-la-solucio-presentada-pel-consell-de-mallorca-per-a-la-carretera-vella-de-lluc","status":"publish","type":"post","link":"https:\/\/www.psib-psoe.org\/mallorca\/els-socialistes-de-pollenca-aplaudeixen-la-solucio-presentada-pel-consell-de-mallorca-per-a-la-carretera-vella-de-lluc\/","title":{"rendered":"Els socialistes de Pollen\u00e7a aplaudeixen la soluci\u00f3 presentada pel Consell de Mallorca per a la carretera vella de Lluc"},"content":{"rendered":"<div class=\"wpb-content-wrapper\">[vc_row][vc_column][vc_single_image image=&#8221;25835&#8243; img_size=&#8221;full&#8221; alignment=&#8221;center&#8221;][\/vc_column][\/vc_row][vc_row][vc_column][vc_column_text]<span style=\"color: #212529;\"><span style=\"font-family: Arial, serif;\"><span style=\"font-size: medium;\"><i><u>Catalina Cladera ha presentat als ve\u00efns i ve\u00efnes de la localitat el projecte, que contempla una segregaci\u00f3 del tr\u00e0nsit entre senderistes i vehicles amb el m\u00ednim impacte paisatg\u00edstic<\/u><\/i><\/span><\/span><\/span>[\/vc_column_text][\/vc_column][\/vc_row][vc_row][vc_column width=&#8221;1\/2&#8243;][vc_column_text]Els socialistes de Pollen\u00e7a aplaudeixen la soluci\u00f3 presentada pel Consell de Mallorca per a la carretera vella de Lluc i destaquen la total transpar\u00e8ncia demostrada pel govern insular davant els ve\u00efns i ve\u00efnes del poble, que han pogut con\u00e8ixer avui el projecte.<\/p>\n<p>El projecte, presentat per la presidenta del Consell de Mallorca, Catalina Cladera, consisteix en una segregaci\u00f3 del tr\u00e0nsit entre senderistes i vehicles motoritzats, amb el m\u00ednim impacte paisatg\u00edstic.<\/p>\n<p>La soluci\u00f3 plantejada pel Consell de Mallorca dona resposta a les necessitats dels ve\u00efnats i, d&#8217;altra banda, garanteix la protecci\u00f3 d\u2019un entorn natural protegit, com \u00e9s la ruta de la pedra en sec.<br \/>\n[\/vc_column_text][\/vc_column][vc_column width=&#8221;1\/2&#8243;][vc_column_text]El nou ferm estar\u00e0 fet a base de bitumin\u00f3s i tindr\u00e0 un acabat de color terr\u00f3s per tal d&#8217;integrar-se el millor possible dins l&#8217;entorn natural.<\/p>\n<p>El portaveu dels socialistes de Pollen\u00e7a, Antoni C\u00e0naves ha destacat que &#8220;des del Consell de Mallorca han estat feina des de fa mesos per poder donar una soluci\u00f3 definitiva a aquest projecte complex, demostrant un comprom\u00eds ferm, amb transpar\u00e8ncia i consens, ja que s&#8217;han valorat les propostes dels ve\u00efns i les ve\u00efnes perqu\u00e8 el projecte s&#8217;adapti a les seves necessitats&#8221;.[\/vc_column_text][\/vc_column][\/vc_row][vc_row][vc_column][vc_separator color=&#8221;custom&#8221; align=&#8221;align_left&#8221; border_width=&#8221;3&#8243; el_width=&#8221;10&#8243; accent_color=&#8221;#e30613&#8243;][vc_empty_space height=&#8221;50px&#8221;][vc_empty_space height=&#8221;50px&#8221;][\/vc_column][\/vc_row]\n<\/div>","protected":false},"excerpt":{"rendered":"<p>[vc_row][vc_column][vc_single_image image=&#8221;25835&#8243; img_size=&#8221;full&#8221; alignment=&#8221;center&#8221;][\/vc_column][\/vc_row][vc_row][vc_column][vc_column_text]Catalina Cladera ha presentat als ve\u00efns i ve\u00efnes de la localitat el projecte, que contempla una segregaci\u00f3 del tr\u00e0nsit entre senderistes i vehicles amb el m\u00ednim impacte paisatg\u00edstic[\/vc_column_text][\/vc_column][\/vc_row][vc_row][vc_column width=&#8221;1\/2&#8243;][vc_column_text]Els socialistes de Pollen\u00e7a aplaudeixen la soluci\u00f3 presentada pel Consell de Mallorca per a la carretera vella de Lluc i destaquen la total transpar\u00e8ncia&hellip;<\/p>\n","protected":false},"author":6,"featured_media":25835,"comment_status":"open","ping_status":"open","sticky":false,"template":"","format":"standard","meta":{"footnotes":""},"categories":[89,90,92],"tags":[],"class_list":["post-25840","post","type-post","status-publish","format-standard","has-post-thumbnail","hentry","category-consell-de-mallorca","category-municipis","category-portada"],"_links":{"self":[{"href":"https:\/\/www.psib-psoe.org\/mallorca\/wp-json\/wp\/v2\/posts\/25840"}],"collection":[{"href":"https:\/\/www.psib-psoe.org\/mallorca\/wp-json\/wp\/v2\/posts"}],"about":[{"href":"https:\/\/www.psib-psoe.org\/mallorca\/wp-json\/wp\/v2\/types\/post"}],"author":[{"embeddable":true,"href":"https:\/\/www.psib-psoe.org\/mallorca\/wp-json\/wp\/v2\/users\/6"}],"replies":[{"embeddable":true,"href":"https:\/\/www.psib-psoe.org\/mallorca\/wp-json\/wp\/v2\/comments?post=25840"}],"version-history":[{"count":0,"href":"https:\/\/www.psib-psoe.org\/mallorca\/wp-json\/wp\/v2\/posts\/25840\/revisions"}],"wp:featuredmedia":[{"embeddable":true,"href":"https:\/\/www.psib-psoe.org\/mallorca\/wp-json\/wp\/v2\/media\/25835"}],"wp:attachment":[{"href":"https:\/\/www.psib-psoe.org\/mallorca\/wp-json\/wp\/v2\/media?parent=25840"}],"wp:term":[{"taxonomy":"category","embeddable":true,"href":"https:\/\/www.psib-psoe.org\/mallorca\/wp-json\/wp\/v2\/categories?post=25840"},{"taxonomy":"post_tag","embeddable":true,"href":"https:\/\/www.psib-psoe.org\/mallorca\/wp-json\/wp\/v2\/tags?post=25840"}],"curies":[{"name":"wp","href":"https:\/\/api.w.org\/{rel}","templated":true}]}}