{"id":25867,"date":"2021-04-14T10:23:56","date_gmt":"2021-04-14T08:23:56","guid":{"rendered":"http:\/\/www.psib-psoe.org\/mallorca\/?p=25867"},"modified":"2021-04-14T10:23:56","modified_gmt":"2021-04-14T08:23:56","slug":"el-psib-psoe-de-maria-de-la-salut-exigeix-a-lequip-de-govern-que-compleixi-amb-la-seva-responsabilitat-de-transparencia-i-rendicio-de-comptes","status":"publish","type":"post","link":"https:\/\/www.psib-psoe.org\/mallorca\/el-psib-psoe-de-maria-de-la-salut-exigeix-a-lequip-de-govern-que-compleixi-amb-la-seva-responsabilitat-de-transparencia-i-rendicio-de-comptes\/","title":{"rendered":"El PSIB-PSOE de Maria de la Salut exigeix a l&#8217;equip de govern que compleixi amb la seva responsabilitat de transpar\u00e8ncia i rendici\u00f3 de comptes"},"content":{"rendered":"<div class=\"wpb-content-wrapper\">[vc_row][vc_column][vc_single_image image=&#8221;24720&#8243; img_size=&#8221;full&#8221; alignment=&#8221;center&#8221;][\/vc_column][\/vc_row][vc_row][vc_column][vc_column_text]<i><u><span lang=\"CA\">Rafel Aulet, portaveu del grup municipal socialista, anuncia que iniciaran accions legals si no reben resposta a les seves sol\u00b7licituds d\u2019informaci\u00f3 en un termini m\u00e0xim d\u2019un mes, tal com estableix la llei<\/span><\/u><\/i>[\/vc_column_text][\/vc_column][\/vc_row][vc_row][vc_column width=&#8221;1\/2&#8243;][vc_column_text]Els i les socialistes de Maria de la Salut han presentat un requeriment a l&#8217;Ajuntament exigint a l&#8217;equip de govern que doni la informaci\u00f3 reclamada per part del grup municipal socialista i que doni compliment a la Llei 7\/1985 de 2 d&#8217;abril, Reguladora de les Bases de R\u00e8gim Local.<\/p>\n<p>El portaveu del grup municipal socialista, Rafel Aulet, denuncia que, des del passat mes de novembre, ha formulat tota una s\u00e8rie de registres amb sol\u00b7licitud de documentaci\u00f3 o amb sol\u00b7licitud de resposta escrita que no han estat contestades.<\/p>\n<p>&#8220;L&#8217;equip de govern actual, que va presentar una moci\u00f3 de censura al\u00b7legant falta de transpar\u00e8ncia als que govern\u00e0vem, ara no respon&#8221;, expressa Aulet.<\/p>\n<p>&#8220;L&#8217;Ajuntament no ofereix la informaci\u00f3 que est\u00e0 obligat a donar, d\u2019aquesta manera menysprea els ve\u00efns i ve\u00efnes de la localitat als quals ha de rendir comptes de la seva gesti\u00f3 i, tamb\u00e9, als representants pol\u00edtics en l&#8217;oposici\u00f3 als quals ha de deixar exercir democr\u00e0ticament la funci\u00f3 de control&#8221;, afegeix.<\/p>\n[\/vc_column_text][\/vc_column][vc_column width=&#8221;1\/2&#8243;][vc_column_text]Per aquest motiu, el requeriment dels i les socialistes de Maria \u00e9s contundent i, emparant-se en la Llei de R\u00e8gim Local i en la Llei 29\/1998 de 13 de juliol de Jurisdicci\u00f3 Contenci\u00f3s-administrativa, anuncia que iniciar\u00e0 les accions legals pertinents si no obtenen resposta a les seves sol\u00b7licituds en un termini m\u00e0xim d&#8217;un mes.<\/p>\n<p>En concret, el PSIB-PSOE de Maria de la Salut espera informaci\u00f3 sobre vuit q\u00fcestions importants que afecten el municipi.<\/p>\n<p>Entre altres, hi ha requeriments d&#8217;informaci\u00f3 sobre expedients urban\u00edstics, sobre la relaci\u00f3 de subvencions concedides a l&#8217;Ajuntament per altres administracions des del juny del 2019, la relaci\u00f3 d&#8217;hores extres treballades i remunerades o compensades pel personal de l&#8217;Ajuntament durant 2020.<\/p>\n<p>D\u2019altra banda, hi ha les liquidacions per ocupaci\u00f3 de via p\u00fablica dels mesos de novembre, desembre, gener i febrer indicant concepte, interessat i quantia i, tamb\u00e9, les liquidacions per \u00fas d&#8217;instal\u00b7lacions esportives del mateix per\u00edode de temps.[\/vc_column_text][\/vc_column][\/vc_row][vc_row][vc_column][vc_empty_space height=&#8221;50px&#8221;][vc_separator color=&#8221;custom&#8221; align=&#8221;align_left&#8221; border_width=&#8221;3&#8243; el_width=&#8221;10&#8243; accent_color=&#8221;#e30613&#8243;][vc_empty_space height=&#8221;50px&#8221;][\/vc_column][\/vc_row]\n<\/div>","protected":false},"excerpt":{"rendered":"<p>[vc_row][vc_column][vc_single_image image=&#8221;24720&#8243; img_size=&#8221;full&#8221; alignment=&#8221;center&#8221;][\/vc_column][\/vc_row][vc_row][vc_column][vc_column_text]Rafel Aulet, portaveu del grup municipal socialista, anuncia que iniciaran accions legals si no reben resposta a les seves sol\u00b7licituds d\u2019informaci\u00f3 en un termini m\u00e0xim d\u2019un mes, tal com estableix la llei[\/vc_column_text][\/vc_column][\/vc_row][vc_row][vc_column width=&#8221;1\/2&#8243;][vc_column_text]Els i les socialistes de Maria de la Salut han presentat un requeriment a l&#8217;Ajuntament exigint a l&#8217;equip de govern&hellip;<\/p>\n","protected":false},"author":6,"featured_media":24720,"comment_status":"open","ping_status":"open","sticky":false,"template":"","format":"standard","meta":{"footnotes":""},"categories":[89,2,90],"tags":[],"class_list":["post-25867","post","type-post","status-publish","format-standard","has-post-thumbnail","hentry","category-consell-de-mallorca","category-federacio-de-mallorca","category-municipis"],"_links":{"self":[{"href":"https:\/\/www.psib-psoe.org\/mallorca\/wp-json\/wp\/v2\/posts\/25867"}],"collection":[{"href":"https:\/\/www.psib-psoe.org\/mallorca\/wp-json\/wp\/v2\/posts"}],"about":[{"href":"https:\/\/www.psib-psoe.org\/mallorca\/wp-json\/wp\/v2\/types\/post"}],"author":[{"embeddable":true,"href":"https:\/\/www.psib-psoe.org\/mallorca\/wp-json\/wp\/v2\/users\/6"}],"replies":[{"embeddable":true,"href":"https:\/\/www.psib-psoe.org\/mallorca\/wp-json\/wp\/v2\/comments?post=25867"}],"version-history":[{"count":0,"href":"https:\/\/www.psib-psoe.org\/mallorca\/wp-json\/wp\/v2\/posts\/25867\/revisions"}],"wp:featuredmedia":[{"embeddable":true,"href":"https:\/\/www.psib-psoe.org\/mallorca\/wp-json\/wp\/v2\/media\/24720"}],"wp:attachment":[{"href":"https:\/\/www.psib-psoe.org\/mallorca\/wp-json\/wp\/v2\/media?parent=25867"}],"wp:term":[{"taxonomy":"category","embeddable":true,"href":"https:\/\/www.psib-psoe.org\/mallorca\/wp-json\/wp\/v2\/categories?post=25867"},{"taxonomy":"post_tag","embeddable":true,"href":"https:\/\/www.psib-psoe.org\/mallorca\/wp-json\/wp\/v2\/tags?post=25867"}],"curies":[{"name":"wp","href":"https:\/\/api.w.org\/{rel}","templated":true}]}}