{"id":25886,"date":"2021-04-29T11:56:34","date_gmt":"2021-04-29T09:56:34","guid":{"rendered":"http:\/\/www.psib-psoe.org\/mallorca\/?p=25886"},"modified":"2021-04-29T11:56:34","modified_gmt":"2021-04-29T09:56:34","slug":"lagrupacio-socialista-de-soller-reclama-a-lequip-de-govern-una-solucio-urgent-per-als-espais-de-lescola-de-musica-i-lescola-dadults-del-municipi","status":"publish","type":"post","link":"https:\/\/www.psib-psoe.org\/mallorca\/lagrupacio-socialista-de-soller-reclama-a-lequip-de-govern-una-solucio-urgent-per-als-espais-de-lescola-de-musica-i-lescola-dadults-del-municipi\/","title":{"rendered":"L&#8217;agrupaci\u00f3 socialista de S\u00f3ller reclama a l&#8217;equip de govern una soluci\u00f3 urgent per als espais de l&#8217;Escola de M\u00fasica i l&#8217;Escola d&#8217;Adults del municipi"},"content":{"rendered":"<div class=\"wpb-content-wrapper\">[vc_row][vc_column][vc_single_image image=&#8221;25887&#8243; img_size=&#8221;full&#8221; alignment=&#8221;center&#8221;][\/vc_column][\/vc_row][vc_row][vc_column][vc_column_text]<i><u><span lang=\"CA\">Els i les Socialistes de S\u00f3ller demanen a l&#8217;Ajuntament una major implicaci\u00f3 en la gesti\u00f3 de l&#8217;edifici de Ses Escol\u00e0pies<\/span><\/u><\/i>[\/vc_column_text][\/vc_column][\/vc_row][vc_row][vc_column width=&#8221;1\/2&#8243;][vc_column_text]El regidor socialista de S\u00f3ller, Jaume Mateu i la regidora Maria Creu Ense\u00f1at han fet una visita al casal de ses Escol\u00e0pies acompanyats pel regidor d&#8217;Urbanisme, Patrimoni i Obres, Jaume Bestard, per comprovar l&#8217;estat de l&#8217;edifici municipal.<\/p>\n<p>&#8220;Hem pogut comprovar com l&#8217;edifici necessita una bona reforma, amb zones que es troben en tan mal estat que han hagut de ser intervingudes d&#8217;urg\u00e8ncia. El trespol del segon pis, que ha patit diversos esfondraments, n&#8217;\u00e9s un exemple, com tamb\u00e9 les nombroses humitats i mal estat de portes, finestres i persianes&#8221;, assenyalen.<\/p>\n<p>Mateu i Ense\u00f1at destaquen que &#8220;encara que s&#8217;han anat millorant algunes petites coses com l&#8217;espai de l&#8217;arxiu municipal, en altres parts l&#8217;estat de l&#8217;edifici \u00e9s molt lamentable&#8221;.<\/p>\n<p>Els regidors socialistes manifesten la seva preocupaci\u00f3, especialment per l&#8217;estat en el qual es troben els espais on s&#8217;ubiquen les sales de l&#8217;Escola de M\u00fasica, aix\u00ed com tot l&#8217;espai destinat a l&#8217;Escola d&#8217;Adults, &#8220;que ara s&#8217;ha hagut de traslladar precisament pel risc d&#8217;esfondrament que presenta part del trespol&#8221;, declaren.<br \/>\n[\/vc_column_text][\/vc_column][vc_column width=&#8221;1\/2&#8243;][vc_column_text]Per aix\u00f2, reclamen a l&#8217;Ajuntament que doni una soluci\u00f3 de forma urgent per a posar en marxa un projecte complet i integral de tot l&#8217;edifici, &#8220;i que destini la partida pressupostaria suficient, en els propers pressupostos municipals, per tal que es pugui dur a terme aquest projecte&#8221;, afegeixen.<\/p>\n<p>El PSIB-PSOE de S\u00f3ller defensa que l&#8217;edifici de ses Escol\u00e0pies &#8220;ha de ser referent com a espai cultural i casal que acull nombroses entitats i associacions del nostre poble, i com a tal ha d&#8217;estar en condicions adequades i dignes. Per\u00f2 de moment, veiem que les inversions se&#8217;n van cap a altres espais o entitats.<\/p>\n<p>&#8220;\u00c9s per aix\u00f2 -conclouen- que reclamem a l&#8217;equip de govern una soluci\u00f3 urgent a aquesta situaci\u00f3, sobretot per als espais de l&#8217;escola de m\u00fasica i l&#8217;escola d&#8217;adults, que ha de passar per tenir un projecte complet i integral que pugui anar executant-se, encara que sigui per fases&#8221;.[\/vc_column_text][\/vc_column][\/vc_row][vc_row][vc_column][vc_empty_space height=&#8221;50px&#8221;][\/vc_column][\/vc_row]\n<\/div>","protected":false},"excerpt":{"rendered":"<p>[vc_row][vc_column][vc_single_image image=&#8221;25887&#8243; img_size=&#8221;full&#8221; alignment=&#8221;center&#8221;][\/vc_column][\/vc_row][vc_row][vc_column][vc_column_text]Els i les Socialistes de S\u00f3ller demanen a l&#8217;Ajuntament una major implicaci\u00f3 en la gesti\u00f3 de l&#8217;edifici de Ses Escol\u00e0pies[\/vc_column_text][\/vc_column][\/vc_row][vc_row][vc_column width=&#8221;1\/2&#8243;][vc_column_text]El regidor socialista de S\u00f3ller, Jaume Mateu i la regidora Maria Creu Ense\u00f1at han fet una visita al casal de ses Escol\u00e0pies acompanyats pel regidor d&#8217;Urbanisme, Patrimoni i Obres, Jaume Bestard, per&hellip;<\/p>\n","protected":false},"author":6,"featured_media":25887,"comment_status":"open","ping_status":"open","sticky":false,"template":"","format":"standard","meta":{"footnotes":""},"categories":[2,90,92],"tags":[],"class_list":["post-25886","post","type-post","status-publish","format-standard","has-post-thumbnail","hentry","category-federacio-de-mallorca","category-municipis","category-portada"],"_links":{"self":[{"href":"https:\/\/www.psib-psoe.org\/mallorca\/wp-json\/wp\/v2\/posts\/25886"}],"collection":[{"href":"https:\/\/www.psib-psoe.org\/mallorca\/wp-json\/wp\/v2\/posts"}],"about":[{"href":"https:\/\/www.psib-psoe.org\/mallorca\/wp-json\/wp\/v2\/types\/post"}],"author":[{"embeddable":true,"href":"https:\/\/www.psib-psoe.org\/mallorca\/wp-json\/wp\/v2\/users\/6"}],"replies":[{"embeddable":true,"href":"https:\/\/www.psib-psoe.org\/mallorca\/wp-json\/wp\/v2\/comments?post=25886"}],"version-history":[{"count":0,"href":"https:\/\/www.psib-psoe.org\/mallorca\/wp-json\/wp\/v2\/posts\/25886\/revisions"}],"wp:featuredmedia":[{"embeddable":true,"href":"https:\/\/www.psib-psoe.org\/mallorca\/wp-json\/wp\/v2\/media\/25887"}],"wp:attachment":[{"href":"https:\/\/www.psib-psoe.org\/mallorca\/wp-json\/wp\/v2\/media?parent=25886"}],"wp:term":[{"taxonomy":"category","embeddable":true,"href":"https:\/\/www.psib-psoe.org\/mallorca\/wp-json\/wp\/v2\/categories?post=25886"},{"taxonomy":"post_tag","embeddable":true,"href":"https:\/\/www.psib-psoe.org\/mallorca\/wp-json\/wp\/v2\/tags?post=25886"}],"curies":[{"name":"wp","href":"https:\/\/api.w.org\/{rel}","templated":true}]}}