{"id":25893,"date":"2021-04-30T14:25:54","date_gmt":"2021-04-30T12:25:54","guid":{"rendered":"https:\/\/www.psib-psoe.org\/mallorca\/el-psib-psoe-ressalta-lescut-social-sense-precedents-per-protegir-els-treballadors-i-locupacio-en-la-vigilia-dun-nou-1r-de-maig-marcat-per-la-pandemia\/"},"modified":"2021-04-30T14:25:54","modified_gmt":"2021-04-30T12:25:54","slug":"el-psib-psoe-ressalta-lescut-social-sense-precedents-per-protegir-els-treballadors-i-locupacio-en-la-vigilia-dun-nou-1r-de-maig-marcat-per-la-pandemia","status":"publish","type":"post","link":"https:\/\/www.psib-psoe.org\/mallorca\/el-psib-psoe-ressalta-lescut-social-sense-precedents-per-protegir-els-treballadors-i-locupacio-en-la-vigilia-dun-nou-1r-de-maig-marcat-per-la-pandemia\/","title":{"rendered":"El PSIB-PSOE ressalta l\u2019escut social sense precedents per protegir els treballadors i l\u2019ocupaci\u00f3 en la vig\u00edlia d\u2019un nou 1r de maig marcat per la pand\u00e8mia"},"content":{"rendered":"<div class=\"row wpb_row row-fluid img_noticia\">\n<div class=\"wpb_column columns small-12 medium-12 thb-dark-column\">\n<div class=\"vc_column-inner  \">\n<div class=\"wpb_wrapper\">\n<div class=\"wpb_single_image wpb_content_element vc_align_center  vc_custom_1619785060529\">\n<figure class=\"wpb_wrapper vc_figure\">\n<div class=\"vc_single_image-wrapper   vc_box_border_grey\"><img loading=\"lazy\" decoding=\"async\" width=\"2000\" height=\"1333\" src=\"https:\/\/www.psib-psoe.org\/wp-content\/uploads\/Pere-Joan-Pons-i-Cosme-Bonet-Roda-corts-generals-20210430.jpeg\" class=\"vc_single_image-img attachment-full\" alt=\"\" \/><\/div>\n<\/figure><\/div>\n<\/div>\n<\/div>\n<\/div>\n<\/div>\n<div class=\"row wpb_row row-fluid intro full-width-row vc_custom_1558336094678\">\n<div class=\"col_izq wpb_column columns small-12 medium-12 thb-dark-column\">\n<div class=\"vc_column-inner  \">\n<div class=\"wpb_wrapper\">\n<div class=\"wpb_text_column wpb_content_element  \">\n<div class=\"wpb_wrapper\">\n<p><em><u>El senador per Mallorca, Cosme Bonet, ha registrat una moci\u00f3 per a suprimir la regla de minimis quant a les bonificacions al transport de mercaderies<\/u><\/em><\/p>\n<\/p><\/div><\/div>\n<\/div>\n<\/div>\n<\/div>\n<\/div>\n<div class=\"row wpb_row row-fluid full-width-row\">\n<div class=\"col_izq wpb_column columns small-12 medium-6 thb-dark-column\">\n<div class=\"vc_column-inner  \">\n<div class=\"wpb_wrapper\">\n<div class=\"wpb_text_column wpb_content_element  \">\n<div class=\"wpb_wrapper\">\n<p>El PSIB-PSOE participar\u00e0 i donar\u00e0 suport a la concentraci\u00f3 del 1r de maig per a posar en valor l&#8217;escut social que ha perm\u00e8s protegir els treballadors durant la crisi derivada de la pand\u00e8mica del coronavirus, destacant la mobilitzaci\u00f3 de recursos sense precedents.<\/p>\n<p>El diputat del PSIB-PSOE al Congr\u00e9s, Pere Joan Pons, ha volgut recon\u00e8ixer, aix\u00ed mateix, &#8220;la capacitat de superaci\u00f3 i resili\u00e8ncia dels tots els treballadors i treballadores de les Illes Balears durant la pand\u00e8mia\u201d. A m\u00e9s a m\u00e9s, Pons ha destacat que, gr\u00e0cies a la mobilitzaci\u00f3 de recursos sense precedents per part del Govern d&#8217;Espanya, s&#8217;ha evitat que les conseq\u00fc\u00e8ncies econ\u00f2miques i socials d&#8217;aquesta crisi fossin encara m\u00e9s greus.<\/p>\n<p>Un exemple d&#8217;aix\u00f2 ha estat que aquests recursos han evitat una caiguda del PIB encara m\u00e9s marcada i que no es perdessin 3 milions de llocs de feina. &#8220;Una xarxa social sense precedents, tant en l&#8217;\u00e0mbit sanitari, com a l\u2019econ\u00f2mic i el social &#8220;, ha incidit Pons.<\/p>\n<p>El diputat del PSIB-PSOE ha destacat important\u00edssimes mesures com els ERTO o les prestacions per als aut\u00f2noms i fixos discontinus, com tamb\u00e9 el paquet d&#8217;ajudes m\u00e9s gran rebut mai a les Illes Balears que preveu 855 milions d&#8217;euros en ajudes directes per als aut\u00f2noms i empreses de l\u2019arxip\u00e8lag, a m\u00e9s d&#8217;altres mesures com l&#8217;Ingr\u00e9s M\u00ednim Vital o l\u2019ampliaci\u00f3 Renda Social Garantida i el pla de xoc per a l&#8217;ocupaci\u00f3 del Govern de les Illes Balears, que beneficiar\u00e0 m\u00e9s de 33.000 treballadors.<\/p>\n<p>D\u2019altra banda, Pons tamb\u00e9 ha remarcat la import\u00e0ncia que tendr\u00e0 per a les illes el Pla de Recuperaci\u00f3, Transformaci\u00f3 i Resili\u00e8ncia, aprovat pel Consell de Ministres aquest dimarts, i que s\u2019ha de lliurar de manera imminent a Uni\u00f3 Europea per a la seva aprovaci\u00f3.<\/p>\n<p>Aquest fons destinar\u00e0 a Espanya 140.000 milions d&#8217;euros i suposarpa \u201cla continuaci\u00f3 de la feina per lluitar contra la desigualtat, sobretot al mercat laboral femen\u00ed, i per a aconseguir els recursos per impulsar la transformaci\u00f3 del nostre model productiu&#8221;, ha expressat Pons.<\/p>\n<p>Pons tamb\u00e9 ha destacat que Espanya pugui rebre, de manera gaireb\u00e9 immediata, 70.000 milions d&#8217;euros que, segons el diputat, &#8220;tendran un impacte positiu sobre la nostra economia i sobre la modernitzaci\u00f3 del sector tur\u00edstic\u201d.<\/p>\n<\/p><\/div><\/div>\n<\/div>\n<\/div>\n<\/div>\n<div class=\"col_dcha wpb_column columns small-12 medium-6 thb-dark-column\">\n<div class=\"vc_column-inner  \">\n<div class=\"wpb_wrapper\">\n<div class=\"wpb_text_column wpb_content_element  \">\n<div class=\"wpb_wrapper\">\n<p><strong>Mocions per eliminar la regla del m\u00ednimis i rebutjar el discurs de l&#8217;odi<\/strong><\/p>\n<p>Per la seva part, el senador per Mallorca, Cosme Bonet, ha presentant una iniciativa per accelerar els tr\u00e0mits per suprimir la regla de minimis i que es debatr\u00e0 a la Comissi\u00f3 de Transport, Mobilitat i Agenda Urbana la setmana que ve. Bonet ha expressat que &#8220;consideram insuficients que les ajudes al transport estiguin limitada a 200.000 per empreses durant un per\u00edode de tres anys&#8221;.<\/p>\n<p>La iniciativa tamb\u00e9 insta el Govern d&#8217;Espanya a continuar fent costat a les empreses de Balears mantenint les bonificacions actuals. Cal destacar que les bonificacions es varen incrementar del 35% al 65% en el cas del producte local i del 30% al 60% en la resta de mercaderies el 2020.<\/p>\n<p>D&#8217;altra banda, Bonet ha mostrat la seva preocupaci\u00f3 per &#8220;l&#8217;elevat to de crispaci\u00f3 i insult que estam veient\u201d. Una situaci\u00f3 que ha preocupat als senadors socialistes, que han donat resposta amb una moci\u00f3 en defensa dels valors de la toler\u00e0ncia, el respecte i la conviv\u00e8ncia per\u00f2 que no va comptar amb el suport de totes les formacions.<\/p>\n<p>&#8220;Ens hauria agradat que la moci\u00f3 s&#8217;hagu\u00e9s aprovat per unanimitat&#8221;, ha lamentat Bonet, ressaltant l\u2019abstenci\u00f3 del PP. Per aquest motiu, Bonet es demana &#8220;per quina ra\u00f3 no ha votat a favor d&#8217;aquesta iniciativa a favor de la democr\u00e0cia&#8221; i els hi q\u00fcestiona &#8220;si estan a favor o en contra del feixisme, ja que el feixisme no t\u00e9 cap tipus de disculpa&#8221;.<\/p>\n<p><strong>Pintades contra el Partit Socialista a Llucmajor<\/strong><\/p>\n<p>Bonet tamb\u00e9 ha denunciat l\u2019aparici\u00f3 de pintades a Llucmajor contra el Partit Socialista, titllant-lo de \u201cterrorista\u201d. \u201cAquestes pintades poden ser la punta de l&#8217;iceberg del discurs de l&#8217;odi per part dels partits extremistes, el qual est\u00e0 calant en determinades persones&#8221;. Per aix\u00f2, ha demanat a tots els partits de Balears que rebutgin \u201csense matisos ni pal\u00b7liatius\u201d el discurs de l&#8217;odi.<\/p>\n<p>Finalment, Bonet ha assegurat que el Partit Socialista mai pactar\u00e0 amb l&#8217;extrema dreta. \u201cAquest \u00e9s el millor cord\u00f3 sanitari per a aturar el discurs de l&#8217;odi&#8221;, ha exclamat.<\/p>\n<\/p><\/div><\/div>\n<\/div>\n<\/div>\n<\/div>\n<\/div>\n<p>Source: Actualitat Fedaraci\u00f3 Mallorca<\/p>\n","protected":false},"excerpt":{"rendered":"<p>El senador per Mallorca, Cosme Bonet, ha registrat una moci\u00f3 per a suprimir la regla de minimis quant a les bonificacions al transport de mercaderies El PSIB-PSOE participar\u00e0 i donar\u00e0 suport a la concentraci\u00f3 del 1r de maig per a posar en valor l&#8217;escut social que ha perm\u00e8s protegir els treballadors durant la crisi derivada&hellip;<\/p>\n","protected":false},"author":1,"featured_media":25894,"comment_status":"false","ping_status":"open","sticky":false,"template":"","format":"standard","meta":{"footnotes":""},"categories":[2],"tags":[77],"class_list":["post-25893","post","type-post","status-publish","format-standard","has-post-thumbnail","hentry","category-federacio-de-mallorca","tag-federacio-socialista-de-mallorca"],"_links":{"self":[{"href":"https:\/\/www.psib-psoe.org\/mallorca\/wp-json\/wp\/v2\/posts\/25893"}],"collection":[{"href":"https:\/\/www.psib-psoe.org\/mallorca\/wp-json\/wp\/v2\/posts"}],"about":[{"href":"https:\/\/www.psib-psoe.org\/mallorca\/wp-json\/wp\/v2\/types\/post"}],"author":[{"embeddable":true,"href":"https:\/\/www.psib-psoe.org\/mallorca\/wp-json\/wp\/v2\/users\/1"}],"replies":[{"embeddable":true,"href":"https:\/\/www.psib-psoe.org\/mallorca\/wp-json\/wp\/v2\/comments?post=25893"}],"version-history":[{"count":0,"href":"https:\/\/www.psib-psoe.org\/mallorca\/wp-json\/wp\/v2\/posts\/25893\/revisions"}],"wp:featuredmedia":[{"embeddable":true,"href":"https:\/\/www.psib-psoe.org\/mallorca\/wp-json\/wp\/v2\/media\/25894"}],"wp:attachment":[{"href":"https:\/\/www.psib-psoe.org\/mallorca\/wp-json\/wp\/v2\/media?parent=25893"}],"wp:term":[{"taxonomy":"category","embeddable":true,"href":"https:\/\/www.psib-psoe.org\/mallorca\/wp-json\/wp\/v2\/categories?post=25893"},{"taxonomy":"post_tag","embeddable":true,"href":"https:\/\/www.psib-psoe.org\/mallorca\/wp-json\/wp\/v2\/tags?post=25893"}],"curies":[{"name":"wp","href":"https:\/\/api.w.org\/{rel}","templated":true}]}}